{"id":148705,"date":"2026-09-03T14:02:57","date_gmt":"2026-09-03T17:02:57","guid":{"rendered":"https:\/\/noticiasbahia360.com.br\/?p=148705"},"modified":"2026-09-03T14:02:57","modified_gmt":"2026-09-03T17:02:57","slug":"lula-e-janja-recebem-leonardo-dicaprio-no-palacio-do-planalto-veja-o-que-foi-discutido","status":"publish","type":"post","link":"https:\/\/noticiasbahia360.com.br\/?p=148705","title":{"rendered":"Lula e Janja recebem Leonardo DiCaprio no Pal\u00e1cio do Planalto; veja o que foi discutido"},"content":{"rendered":"<div>\n<div>\n<figure><img decoding=\"async\" src=\"http:\/\/noticiasbahia360.com.br\/wp-content\/uploads\/2026\/09\/Lula-e-Leonardo-Dicaprio-1.webp\" alt=\"Lula recebe Leonardo DiCaprio no Pal\u00e1cio do Planalto; veja o que foi discutido\"><figcaption>Foto: Ricardo Stuckert\/\/PR<\/figcaption><\/figure>\n<\/div>\n<p class=\"wp-block-paragraph\">O presidente Luiz In\u00e1cio Lula da Silva e a primeira dama, Ros\u00e2ngela Lula da Silva, conhecida como Janja, recebeu, nesta quarta-feira (3), no Pal\u00e1cio do Planalto, o ator e ativista ambiental norte-americano Leonardo DiCaprio. O encontro, que durou cerca de 40 minutos, teve como pauta principal as mudan\u00e7as clim\u00e1ticas e a\u00e7\u00f5es de prote\u00e7\u00e3o ao meio ambiente no Brasil.<\/p>\n<figure class=\"wp-block-embed is-type-rich is-provider-instagram wp-block-embed-instagram\">\n<div class=\"wp-block-embed__wrapper\"><iframe title=\"Instagram frame\" loading=\"lazy\" height=\"628\" class=\"instagram-embed-iframe\" src=\"https:\/\/www.instagram.com\/p\/DczaEzXiU-j\/embed\/\" allowtransparency=\"true\" frameborder=\"0\" scrolling=\"no\" onload=\"(function(o){window.instagramIframe = window.instagramIframe || []; window.instagramIframe.push(o);})(this)\" style=\"border: 0px; margin: 0 auto; max-width: 658px; width: calc(100% - 2px); border-radius: 4px; box-shadow: rgba(0, 0, 0, 0.498039) 0px 0px 1px 0px, rgba(0, 0, 0, 0.14902) 0px 1px 10px 0px; display: block; padding: 0px; background: rgb(255, 255, 255);\"><\/iframe><\/div>\n<\/figure>\n<p class=\"wp-block-paragraph\">Segundo Lula divulgou nas redes sociais, durante a reuni\u00e3o foram discutidas iniciativas do governo federal, como a redu\u00e7\u00e3o do desmatamento, o combate ao garimpo ilegal e a demarca\u00e7\u00e3o de terras ind\u00edgenas. O presidente tamb\u00e9m destacou a matriz energ\u00e9tica brasileira e a produ\u00e7\u00e3o de biocombust\u00edveis, citando a mistura de 32% de etanol na gasolina e de 15% de biodiesel no diesel.<\/p>\n<figure class=\"wp-block-image size-full\"><img fetchpriority=\"high\" fetchpriority=\"high\" decoding=\"async\" width=\"1200\" height=\"685\" src=\"http:\/\/noticiasbahia360.com.br\/wp-content\/uploads\/2026\/09\/Lula-e-Leonardo-Dicaprio-1-1.webp\" alt=\"Lula recebe Leonardo DiCaprio no Pal\u00e1cio do Planalto; veja o que foi discutido\" class=\"wp-image-687646\" srcset=\"http:\/\/noticiasbahia360.com.br\/wp-content\/uploads\/2026\/09\/Lula-e-Leonardo-Dicaprio-1-1.webp 1200w, https:\/\/uploads.acordacidade.com.br\/2026\/09\/Lula-e-Leonardo-Dicaprio-1-1-750x428.webp 750w, https:\/\/uploads.acordacidade.com.br\/2026\/09\/Lula-e-Leonardo-Dicaprio-1-1-1000x571.webp 1000w, https:\/\/uploads.acordacidade.com.br\/2026\/09\/Lula-e-Leonardo-Dicaprio-1-1-450x257.webp 450w, https:\/\/uploads.acordacidade.com.br\/2026\/09\/Lula-e-Leonardo-Dicaprio-1-1-150x86.webp 150w\" sizes=\"(max-width: 1200px) 100vw, 1200px\"><figcaption class=\"wp-element-caption\">Foto: Ricardo Stuckert\/\/PR<\/figcaption><\/figure>\n<p class=\"wp-block-paragraph\">DiCaprio relatou sua rela\u00e7\u00e3o com o Xingu, que conheceu h\u00e1 25 anos atr\u00e1s, falou sobre a amizade com o cacique Raoni e o trabalho de sua organiza\u00e7\u00e3o em defesa dos territ\u00f3rios ind\u00edgenas e das florestas brasileiras, em parceria com o governo federal. O ator tamb\u00e9m desenvolve a\u00e7\u00f5es ambientais na \u00c1frica e na \u00c1sia.<\/p>\n<div id=\"gallery_6a999f9e97ac4\" class=\"seox-gallery-block template-gallery-grid my-5\">\n<div class=\"g-col-12 grid gap-1\">\n\t\t\t\t\t<a data-fancybox=\"gallery_6a999f9e97ac4\" data-caption=\"Foto: Ricardo Stuckert\/\/PR\" class=\"g-col-12 d-flex w-100 h-auto no-styled position-relative seox-gallery-item gallery-image-687645\" href=\"https:\/\/uploads.acordacidade.com.br\/2026\/09\/Lula-e-Leonardo-Dicaprio-.webp\"><\/p>\n<figure class=\"wp-caption alignnone img-fluid\"><img decoding=\"async\" width=\"1200\" height=\"688\" src=\"http:\/\/noticiasbahia360.com.br\/wp-content\/uploads\/2026\/09\/Lula-e-Leonardo-Dicaprio-1000x573-1.webp\" class=\"aspect-16x9 w-100 h-auto fit-cover\" alt=\"Lula recebe Leonardo DiCaprio no Pal\u00e1cio do Planalto; veja o que foi discutido\" title=\"Lula recebe Leonardo DiCaprio no Pal\u00e1cio do Planalto; veja o que foi discutido\" srcset=\"http:\/\/noticiasbahia360.com.br\/wp-content\/uploads\/2026\/09\/Lula-e-Leonardo-Dicaprio-1000x573-1.webp 1200w\" sizes=\"100vw\"><figcaption class=\"wp-caption-text\">Foto: Ricardo Stuckert\/\/PR<\/figcaption><\/figure>\n<p>\t\t\t<\/a>\n\t\t\t\t<\/div>\n<\/div>\n<p class=\"wp-block-paragraph\">O encontro contou ainda com a participa\u00e7\u00e3o da ministra da Cultura, a baiana Margareth Menezes, al\u00e9m de seu secret\u00e1rio-executivo, M\u00e1rcio Tavares; dos ministros Eloy Terena, dos Povos Ind\u00edgenas, e Jo\u00e3o Paulo Capobianco, do Meio Ambiente.<\/p>\n<p class=\"wp-block-paragraph\">Tamb\u00e9m participaram o CEO Wes Sechrest, que elogiou o Brasil pela cria\u00e7\u00e3o do Fundo Tropical Florestas para Sempre (TFFF), e representantes da organiza\u00e7\u00e3o Re:wild no Brasil e na Am\u00e9rica Latina, Rodrigo Medeiros e Christopher Jordan. Lula parabenizou DiCaprio pelo compromisso com a preserva\u00e7\u00e3o ambiental e a defesa dos povos ind\u00edgenas.<\/p>\n<p class=\"wp-block-paragraph\"><em>Siga o Acorda Cidade no\u00a0<\/em><a href=\"https:\/\/news.google.com\/search?q=acorda%20cidade&amp;hl=pt-BR&amp;gl=BR&amp;ceid=BR%3Apt-419\"><strong><em>Google Not\u00edcias<\/em><\/strong><\/a><em>\u00a0e receba os principais destaques do dia. Participe tamb\u00e9m dos nossos canais no\u00a0<\/em><a href=\"https:\/\/whatsapp.com\/channel\/0029Va6Rb4v3WHTNnsh8WI3N\"><strong><em>WhatsApp<\/em><\/strong><\/a><em>\u00a0e\u00a0<\/em><a href=\"https:\/\/www.youtube.com\/@acordacidadenoticias\/videos\"><strong>YouTube<\/strong><\/a><em>\u00a0e do grupo no\u00a0<\/em><a href=\"https:\/\/t.me\/+sSz0khrgARA0ZmRh\"><strong><em>Telegram<\/em><\/strong><\/a><em>.<\/em><\/p>\n<\/div>\n","protected":false},"excerpt":{"rendered":"<p>Foto: Ricardo Stuckert\/\/PR O presidente Luiz In\u00e1cio Lula da Silva e a primeira dama, Ros\u00e2ngela<\/p>\n","protected":false},"author":1,"featured_media":148706,"comment_status":"closed","ping_status":"closed","sticky":false,"template":"","format":"gallery","meta":{"footnotes":""},"categories":[8,9,6,57,56,10],"tags":[],"class_list":["post-148705","post","type-post","status-publish","format-gallery","has-post-thumbnail","hentry","category-bahia","category-brasil","category-feira-de-santana","category-mundo","category-policia","category-politica","post_format-post-format-gallery"],"featured_image_urls":{"full":["https:\/\/noticiasbahia360.com.br\/wp-content\/uploads\/2026\/09\/Lula-e-Leonardo-Dicaprio-1.webp",1200,755,false],"thumbnail":["https:\/\/noticiasbahia360.com.br\/wp-content\/uploads\/2026\/09\/Lula-e-Leonardo-Dicaprio-1-150x150.webp",150,150,true],"medium":["https:\/\/noticiasbahia360.com.br\/wp-content\/uploads\/2026\/09\/Lula-e-Leonardo-Dicaprio-1-300x189.webp",300,189,true],"medium_large":["https:\/\/noticiasbahia360.com.br\/wp-content\/uploads\/2026\/09\/Lula-e-Leonardo-Dicaprio-1-768x483.webp",640,403,true],"large":["https:\/\/noticiasbahia360.com.br\/wp-content\/uploads\/2026\/09\/Lula-e-Leonardo-Dicaprio-1-1024x644.webp",640,403,true],"1536x1536":["https:\/\/noticiasbahia360.com.br\/wp-content\/uploads\/2026\/09\/Lula-e-Leonardo-Dicaprio-1.webp",1200,755,false],"2048x2048":["https:\/\/noticiasbahia360.com.br\/wp-content\/uploads\/2026\/09\/Lula-e-Leonardo-Dicaprio-1.webp",1200,755,false],"chromenews-featured":["https:\/\/noticiasbahia360.com.br\/wp-content\/uploads\/2026\/09\/Lula-e-Leonardo-Dicaprio-1-1024x644.webp",1024,644,true],"chromenews-large":["https:\/\/noticiasbahia360.com.br\/wp-content\/uploads\/2026\/09\/Lula-e-Leonardo-Dicaprio-1-825x575.webp",825,575,true],"chromenews-medium":["https:\/\/noticiasbahia360.com.br\/wp-content\/uploads\/2026\/09\/Lula-e-Leonardo-Dicaprio-1-590x410.webp",590,410,true]},"author_info":{"display_name":"noticiasbahia360.com.br","author_link":"https:\/\/noticiasbahia360.com.br\/?author=1"},"category_info":"<a href=\"https:\/\/noticiasbahia360.com.br\/?cat=8\" rel=\"category\">Bahia<\/a> <a href=\"https:\/\/noticiasbahia360.com.br\/?cat=9\" rel=\"category\">Brasil<\/a> <a href=\"https:\/\/noticiasbahia360.com.br\/?cat=6\" rel=\"category\">Feira de Santana<\/a> <a href=\"https:\/\/noticiasbahia360.com.br\/?cat=57\" rel=\"category\">Mundo<\/a> <a href=\"https:\/\/noticiasbahia360.com.br\/?cat=56\" rel=\"category\">Pol\u00edcia<\/a> <a href=\"https:\/\/noticiasbahia360.com.br\/?cat=10\" rel=\"category\">Pol\u00edtica<\/a>","tag_info":"Pol\u00edtica","comment_count":"0","_links":{"self":[{"href":"https:\/\/noticiasbahia360.com.br\/index.php?rest_route=\/wp\/v2\/posts\/148705","targetHints":{"allow":["GET"]}}],"collection":[{"href":"https:\/\/noticiasbahia360.com.br\/index.php?rest_route=\/wp\/v2\/posts"}],"about":[{"href":"https:\/\/noticiasbahia360.com.br\/index.php?rest_route=\/wp\/v2\/types\/post"}],"author":[{"embeddable":true,"href":"https:\/\/noticiasbahia360.com.br\/index.php?rest_route=\/wp\/v2\/users\/1"}],"replies":[{"embeddable":true,"href":"https:\/\/noticiasbahia360.com.br\/index.php?rest_route=%2Fwp%2Fv2%2Fcomments&post=148705"}],"version-history":[{"count":0,"href":"https:\/\/noticiasbahia360.com.br\/index.php?rest_route=\/wp\/v2\/posts\/148705\/revisions"}],"wp:featuredmedia":[{"embeddable":true,"href":"https:\/\/noticiasbahia360.com.br\/index.php?rest_route=\/wp\/v2\/media\/148706"}],"wp:attachment":[{"href":"https:\/\/noticiasbahia360.com.br\/index.php?rest_route=%2Fwp%2Fv2%2Fmedia&parent=148705"}],"wp:term":[{"taxonomy":"category","embeddable":true,"href":"https:\/\/noticiasbahia360.com.br\/index.php?rest_route=%2Fwp%2Fv2%2Fcategories&post=148705"},{"taxonomy":"post_tag","embeddable":true,"href":"https:\/\/noticiasbahia360.com.br\/index.php?rest_route=%2Fwp%2Fv2%2Ftags&post=148705"}],"curies":[{"name":"wp","href":"https:\/\/api.w.org\/{rel}","templated":true}]}}