{"id":148709,"date":"2026-09-03T15:02:24","date_gmt":"2026-09-03T18:02:24","guid":{"rendered":"https:\/\/noticiasbahia360.com.br\/?p=148709"},"modified":"2026-09-03T15:02:24","modified_gmt":"2026-09-03T18:02:24","slug":"alex-escobar-atualiza-estado-de-saude-apos-retirada-de-tumor-ainda-tenho-uma-estrada-a-percorrer","status":"publish","type":"post","link":"https:\/\/noticiasbahia360.com.br\/?p=148709","title":{"rendered":"Alex Escobar atualiza estado de sa\u00fade ap\u00f3s retirada de tumor: \u201cainda tenho uma estrada a percorrer\u201d"},"content":{"rendered":"<div>\n<div>\n<figure><img decoding=\"async\" src=\"http:\/\/noticiasbahia360.com.br\/wp-content\/uploads\/2026\/09\/Alex-Escobar-Foto-Divulgacao-TV-Globo-050326.jpg\" alt=\"Alex Escobar\"><figcaption>Alex Escobar | Foto Divulga\u00e7\u00e3o\/ TV Globo <\/figcaption><\/figure>\n<\/div>\n<p class=\"wp-block-paragraph\">O apresentador Alex Escobar, de 51 anos, fez uma postagem na rede social Instagram, na \u00faltima quarta-feira (2), para atualizar o p\u00fablico sobre o seu estado de sa\u00fade e as expectativas para o futuro ap\u00f3s a realiza\u00e7\u00e3o de uma cirurgia para retirada de um tumor e o diagn\u00f3stico de miastenia.<\/p>\n<p class=\"wp-block-paragraph\">Na legenda da publica\u00e7\u00e3o, Alex desabafa sobre os desafios vivenciados antes da descoberta dos problemas de sa\u00fade. Segundo ele, al\u00e9m do suporte dos profissionais de sa\u00fade e da f\u00e9 em Deus, o apoio de familiares, amigos e seguidores \u00e9 fundamental neste momento.<\/p>\n<p class=\"wp-block-paragraph\">\u201cAinda tenho uma estrada a percorrer at\u00e9 que volte tudo ao normal. J\u00e1 estive na escurid\u00e3o de nem saber o que tinha e hoje sei o que tenho e confio nos m\u00e9dicos que me guiam para superar\u201d, disse o apresentador.<\/p>\n<p class=\"wp-block-paragraph\">Alex Escobar est\u00e1 <a href=\"https:\/\/www.acordacidade.com.br\/esportes\/alex-escobar-deixa-cobertura-da-copa-do-mundo-apos-sofrer-pico-de-pressao-ao-vivo\/\" data-type=\"link\" data-id=\"https:\/\/www.acordacidade.com.br\/esportes\/alex-escobar-deixa-cobertura-da-copa-do-mundo-apos-sofrer-pico-de-pressao-ao-vivo\/\">afastado da televis\u00e3o desde junho,<\/a> ap\u00f3s <a href=\"https:\/\/www.acordacidade.com.br\/entretenimento\/famosos\/alex-escobar-passa-mal-durante-participacao-ao-vivo-no-encontro-espectadores-ficam-preocupados\/\" data-type=\"link\" data-id=\"https:\/\/www.acordacidade.com.br\/entretenimento\/famosos\/alex-escobar-passa-mal-durante-participacao-ao-vivo-no-encontro-espectadores-ficam-preocupados\/\">passar mal ao vivo no programa \u201cEncontro com Patr\u00edcia Poeta\u201d<\/a>, da TV Globo, durante o per\u00edodo de cobertura da Copa do Mundo.<\/p>\n<p class=\"wp-block-paragraph\">Ap\u00f3s o epis\u00f3dio, o jornalista realizou diversos exames que descobriram um tumor no timo, al\u00e9m do diagn\u00f3stico de miastenia, doen\u00e7a autoimune rara que afeta a comunica\u00e7\u00e3o entre os nervos e os m\u00fasculos volunt\u00e1rios.<\/p>\n<p class=\"wp-block-paragraph\">Em agosto, Alex passou por <a href=\"https:\/\/www.acordacidade.com.br\/entretenimento\/famosos\/apresentador-alex-escobar-passa-por-cirurgia-para-retirada-de-tumor\/\" data-type=\"link\" data-id=\"https:\/\/www.acordacidade.com.br\/entretenimento\/famosos\/apresentador-alex-escobar-passa-por-cirurgia-para-retirada-de-tumor\/\">uma cirurgia bem-sucedida para retirada de um tumor de apar\u00eancia benigna no timo<\/a>. Agora, em recupera\u00e7\u00e3o, o apresentador disse estar com saudade da televis\u00e3o.<\/p>\n<p class=\"wp-block-paragraph\">\u201cVolto j\u00e1. Quando der, quando for o tempo certo. E, quando isso acontecer, por favor, me abracem!\u201d, declarou.<\/p>\n<p class=\"wp-block-paragraph\">Ainda na postagem, Alex Escobar mencionou o colega Lu\u00eds Roberto, que tamb\u00e9m ficou afastado da TV Globo ap\u00f3s ser diagnosticado com uma neoplasia na regi\u00e3o cervical.<\/p>\n<p class=\"wp-block-paragraph\">\u201cO Lu\u00eds Roberto voltando! Ele tamb\u00e9m teve seus desafios, grandes! E est\u00e1 de volta. Me inspirando.\u201d<\/p>\n<p class=\"wp-block-paragraph\"><strong>Veja a publica\u00e7\u00e3o:<\/strong><\/p>\n<figure class=\"wp-block-embed is-type-rich is-provider-instagram wp-block-embed-instagram\">\n<div class=\"wp-block-embed__wrapper\"><iframe title=\"Instagram frame\" loading=\"lazy\" height=\"628\" class=\"instagram-embed-iframe\" src=\"https:\/\/www.instagram.com\/p\/DczLGWklGUW\/embed\/\" allowtransparency=\"true\" frameborder=\"0\" scrolling=\"no\" onload=\"(function(o){window.instagramIframe = window.instagramIframe || []; window.instagramIframe.push(o);})(this)\" style=\"border: 0px; margin: 0 auto; max-width: 658px; width: calc(100% - 2px); border-radius: 4px; box-shadow: rgba(0, 0, 0, 0.498039) 0px 0px 1px 0px, rgba(0, 0, 0, 0.14902) 0px 1px 10px 0px; display: block; padding: 0px; background: rgb(255, 255, 255);\"><\/iframe><\/div>\n<\/figure>\n<p class=\"wp-block-paragraph\"><strong>Leia tamb\u00e9m:<\/strong> <a href=\"https:\/\/www.acordacidade.com.br\/entretenimento\/famosos\/apresentador-alex-escobar-passa-por-cirurgia-para-retirada-de-tumor\/\" data-type=\"link\" data-id=\"https:\/\/www.acordacidade.com.br\/entretenimento\/famosos\/apresentador-alex-escobar-passa-por-cirurgia-para-retirada-de-tumor\/\">Apresentador Alex Escobar passa por cirurgia para retirada de tumor<\/a><\/p>\n<p class=\"wp-block-paragraph\"><a href=\"https:\/\/www.acordacidade.com.br\/entretenimento\/famosos\/alex-escobar-passa-mal-durante-participacao-ao-vivo-no-encontro-espectadores-ficam-preocupados\/\" data-type=\"link\" data-id=\"https:\/\/www.acordacidade.com.br\/entretenimento\/famosos\/alex-escobar-passa-mal-durante-participacao-ao-vivo-no-encontro-espectadores-ficam-preocupados\/\">Alex Escobar passa mal durante participa\u00e7\u00e3o ao vivo no Encontro; espectadores ficam preocupados<\/a><\/p>\n<p class=\"wp-block-paragraph\"><a href=\"https:\/\/www.acordacidade.com.br\/esportes\/alex-escobar-deixa-cobertura-da-copa-do-mundo-apos-sofrer-pico-de-pressao-ao-vivo\/\" data-type=\"link\" data-id=\"https:\/\/www.acordacidade.com.br\/esportes\/alex-escobar-deixa-cobertura-da-copa-do-mundo-apos-sofrer-pico-de-pressao-ao-vivo\/\">Alex Escobar deixa cobertura da Copa do Mundo ap\u00f3s sofrer pico de press\u00e3o ao vivo<\/a><\/p>\n<p class=\"wp-block-paragraph\"><em>Siga o Acorda Cidade no\u00a0<\/em><a href=\"https:\/\/news.google.com\/search?q=acorda%20cidade&amp;hl=pt-BR&amp;gl=BR&amp;ceid=BR%3Apt-419\"><strong><em>Google Not\u00edcias<\/em><\/strong><\/a><em>\u00a0e receba os principais destaques do dia. Participe tamb\u00e9m dos nossos canais no\u00a0<\/em><a href=\"https:\/\/whatsapp.com\/channel\/0029Va6Rb4v3WHTNnsh8WI3N\"><strong><em>WhatsApp<\/em><\/strong><\/a><em>\u00a0e\u00a0<\/em><a href=\"https:\/\/www.youtube.com\/@acordacidadenoticias\/videos\"><strong>YouTube<\/strong><\/a><em>\u00a0e do grupo no\u00a0<\/em><a href=\"https:\/\/t.me\/+sSz0khrgARA0ZmRh\"><strong><em>Telegram<\/em><\/strong><\/a><em>.<\/em><\/p>\n<\/div>\n","protected":false},"excerpt":{"rendered":"<p>Alex Escobar | Foto Divulga\u00e7\u00e3o\/ TV Globo O apresentador Alex Escobar, de 51 anos, fez<\/p>\n","protected":false},"author":1,"featured_media":148710,"comment_status":"closed","ping_status":"closed","sticky":false,"template":"","format":"gallery","meta":{"footnotes":""},"categories":[8,9,6,57,56,10],"tags":[],"class_list":["post-148709","post","type-post","status-publish","format-gallery","has-post-thumbnail","hentry","category-bahia","category-brasil","category-feira-de-santana","category-mundo","category-policia","category-politica","post_format-post-format-gallery"],"featured_image_urls":{"full":["https:\/\/noticiasbahia360.com.br\/wp-content\/uploads\/2026\/09\/Alex-Escobar-Foto-Divulgacao-TV-Globo-050326.jpg",1200,801,false],"thumbnail":["https:\/\/noticiasbahia360.com.br\/wp-content\/uploads\/2026\/09\/Alex-Escobar-Foto-Divulgacao-TV-Globo-050326-150x150.jpg",150,150,true],"medium":["https:\/\/noticiasbahia360.com.br\/wp-content\/uploads\/2026\/09\/Alex-Escobar-Foto-Divulgacao-TV-Globo-050326-300x200.jpg",300,200,true],"medium_large":["https:\/\/noticiasbahia360.com.br\/wp-content\/uploads\/2026\/09\/Alex-Escobar-Foto-Divulgacao-TV-Globo-050326-768x513.jpg",640,428,true],"large":["https:\/\/noticiasbahia360.com.br\/wp-content\/uploads\/2026\/09\/Alex-Escobar-Foto-Divulgacao-TV-Globo-050326-1024x684.jpg",640,428,true],"1536x1536":["https:\/\/noticiasbahia360.com.br\/wp-content\/uploads\/2026\/09\/Alex-Escobar-Foto-Divulgacao-TV-Globo-050326.jpg",1200,801,false],"2048x2048":["https:\/\/noticiasbahia360.com.br\/wp-content\/uploads\/2026\/09\/Alex-Escobar-Foto-Divulgacao-TV-Globo-050326.jpg",1200,801,false],"chromenews-featured":["https:\/\/noticiasbahia360.com.br\/wp-content\/uploads\/2026\/09\/Alex-Escobar-Foto-Divulgacao-TV-Globo-050326-1024x684.jpg",1024,684,true],"chromenews-large":["https:\/\/noticiasbahia360.com.br\/wp-content\/uploads\/2026\/09\/Alex-Escobar-Foto-Divulgacao-TV-Globo-050326-825x575.jpg",825,575,true],"chromenews-medium":["https:\/\/noticiasbahia360.com.br\/wp-content\/uploads\/2026\/09\/Alex-Escobar-Foto-Divulgacao-TV-Globo-050326-590x410.jpg",590,410,true]},"author_info":{"display_name":"noticiasbahia360.com.br","author_link":"https:\/\/noticiasbahia360.com.br\/?author=1"},"category_info":"<a href=\"https:\/\/noticiasbahia360.com.br\/?cat=8\" rel=\"category\">Bahia<\/a> <a href=\"https:\/\/noticiasbahia360.com.br\/?cat=9\" rel=\"category\">Brasil<\/a> <a href=\"https:\/\/noticiasbahia360.com.br\/?cat=6\" rel=\"category\">Feira de Santana<\/a> <a href=\"https:\/\/noticiasbahia360.com.br\/?cat=57\" rel=\"category\">Mundo<\/a> <a href=\"https:\/\/noticiasbahia360.com.br\/?cat=56\" rel=\"category\">Pol\u00edcia<\/a> <a href=\"https:\/\/noticiasbahia360.com.br\/?cat=10\" rel=\"category\">Pol\u00edtica<\/a>","tag_info":"Pol\u00edtica","comment_count":"0","_links":{"self":[{"href":"https:\/\/noticiasbahia360.com.br\/index.php?rest_route=\/wp\/v2\/posts\/148709","targetHints":{"allow":["GET"]}}],"collection":[{"href":"https:\/\/noticiasbahia360.com.br\/index.php?rest_route=\/wp\/v2\/posts"}],"about":[{"href":"https:\/\/noticiasbahia360.com.br\/index.php?rest_route=\/wp\/v2\/types\/post"}],"author":[{"embeddable":true,"href":"https:\/\/noticiasbahia360.com.br\/index.php?rest_route=\/wp\/v2\/users\/1"}],"replies":[{"embeddable":true,"href":"https:\/\/noticiasbahia360.com.br\/index.php?rest_route=%2Fwp%2Fv2%2Fcomments&post=148709"}],"version-history":[{"count":0,"href":"https:\/\/noticiasbahia360.com.br\/index.php?rest_route=\/wp\/v2\/posts\/148709\/revisions"}],"wp:featuredmedia":[{"embeddable":true,"href":"https:\/\/noticiasbahia360.com.br\/index.php?rest_route=\/wp\/v2\/media\/148710"}],"wp:attachment":[{"href":"https:\/\/noticiasbahia360.com.br\/index.php?rest_route=%2Fwp%2Fv2%2Fmedia&parent=148709"}],"wp:term":[{"taxonomy":"category","embeddable":true,"href":"https:\/\/noticiasbahia360.com.br\/index.php?rest_route=%2Fwp%2Fv2%2Fcategories&post=148709"},{"taxonomy":"post_tag","embeddable":true,"href":"https:\/\/noticiasbahia360.com.br\/index.php?rest_route=%2Fwp%2Fv2%2Ftags&post=148709"}],"curies":[{"name":"wp","href":"https:\/\/api.w.org\/{rel}","templated":true}]}}