{"id":148711,"date":"2026-09-03T15:02:26","date_gmt":"2026-09-03T18:02:26","guid":{"rendered":"https:\/\/noticiasbahia360.com.br\/?p=148711"},"modified":"2026-09-03T15:02:26","modified_gmt":"2026-09-03T18:02:26","slug":"piloto-lito-sousa-recebe-alta-apos-mais-de-20-dias-e-continuara-cuidados-em-casa","status":"publish","type":"post","link":"https:\/\/noticiasbahia360.com.br\/?p=148711","title":{"rendered":"Piloto Lito Sousa recebe alta ap\u00f3s mais de 20 dias e continuar\u00e1 cuidados em casa"},"content":{"rendered":"<div>\n<div>\n<figure><img decoding=\"async\" src=\"http:\/\/noticiasbahia360.com.br\/wp-content\/uploads\/2026\/09\/Lito-Sousa-Foto-Reproducao-YouTube-250826.jpg\" alt=\"Lito Sousa\"><figcaption>Lito Sousa | Foto: Reprodu\u00e7\u00e3o\/ Redes Sociais <\/figcaption><\/figure>\n<\/div>\n<p class=\"wp-block-paragraph\">O piloto e influenciador Lito Sousa, de 59 anos, deixou o Hospital Israelita Albert Einstein, em S\u00e3o Paulo, nesta ter\u00e7a-feira (3), ap\u00f3s mais de 20 dias internado. Lito enfrenta a doen\u00e7a rara de Creutzfeldt-Jakob e continuar\u00e1 com os cuidados paliativos em sua pr\u00f3pria casa, por meio de uma estrutura de home care.<\/p>\n<p class=\"wp-block-paragraph\">A doen\u00e7a \u00e9 uma condi\u00e7\u00e3o neurol\u00f3gica rara e grave, causada pelo ac\u00famulo anormal de prote\u00ednas chamadas pr\u00edons no c\u00e9rebro. Ela provoca uma r\u00e1pida degenera\u00e7\u00e3o das c\u00e9lulas cerebrais.<\/p>\n<p class=\"wp-block-paragraph\">Uma estrutura especial foi preparada na resid\u00eancia para atender \u00e0s necessidades de Lito durante esse per\u00edodo, com os equipamentos e recursos necess\u00e1rios para os cuidados em casa.\u00a0<\/p>\n<p class=\"wp-block-paragraph\">\u201cA gente chegou ontem. A casa passou por muitas outras prepara\u00e7\u00f5es, porque ele n\u00e3o est\u00e1 de alta hospitalar. Ent\u00e3o, a casa tem que se mostrar segura o suficiente para manter o mesmo padr\u00e3o de atendimento de suporte que ele teria no hospital\u201d, disse Mila Seidl, esposa de Lito, ao Splash UOL.<\/p>\n<p class=\"wp-block-paragraph\">Segundo Mila, em caso de intercorr\u00eancia, Lito ser\u00e1 encaminhado a um hospital. Para os cuidados di\u00e1rios, no entanto, foi necess\u00e1rio adaptar a resid\u00eancia para oferecer o suporte necess\u00e1rio, com uma equipe de enfermagem 24 horas e os equipamentos adequados para garantir mais conforto e seguran\u00e7a.<\/p>\n<p class=\"wp-block-paragraph\">Ainda antes da alta, Lito usou o canal Avi\u00f5es e M\u00fasica para se despedir do per\u00edodo de interna\u00e7\u00e3o e agradecer aos profissionais que estiveram ao seu lado. O piloto relatou ter se sentido muito amado e afirmou que a experi\u00eancia o fez se sentir parte do pa\u00eds como nunca antes.\u00a0<\/p>\n<p class=\"wp-block-paragraph\">Parte dos equipamentos foi disponibilizada pelo conv\u00eanio, enquanto a fam\u00edlia arcou com os itens n\u00e3o cobertos. A resid\u00eancia tamb\u00e9m passou por adapta\u00e7\u00f5es no t\u00e9rreo para o atendimento de Lito, mas, segundo a fam\u00edlia, ainda s\u00e3o necess\u00e1rias outras mudan\u00e7as para melhorar a acessibilidade.<\/p>\n<p class=\"wp-block-paragraph\"><strong>Leia tamb\u00e9m:<\/strong><\/p>\n<p class=\"wp-block-paragraph\"><a href=\"https:\/\/www.acordacidade.com.br\/saude\/doenca-de-creutzfeldt-jakob-entenda-o-diagnostico-do-youtuber-lito-sousa\/\" data-type=\"link\" data-id=\"https:\/\/www.acordacidade.com.br\/saude\/doenca-de-creutzfeldt-jakob-entenda-o-diagnostico-do-youtuber-lito-sousa\/\">Doen\u00e7a de Creutzfeldt-Jakob: entenda o diagn\u00f3stico do youtuber Lito Sousa<\/a><\/p>\n<p class=\"wp-block-paragraph\"><em>Siga o Acorda Cidade no\u00a0<\/em><a href=\"https:\/\/news.google.com\/search?q=acorda%20cidade&amp;hl=pt-BR&amp;gl=BR&amp;ceid=BR%3Apt-419\"><strong><em>Google Not\u00edcias<\/em><\/strong><\/a><em>\u00a0e receba os principais destaques do dia. Participe tamb\u00e9m dos nossos canais no\u00a0<\/em><a href=\"https:\/\/www.whatsapp.com\/channel\/0029Va6Rb4v3WHTNnsh8WI3N\"><strong><em>WhatsApp<\/em><\/strong><\/a><em>\u00a0e\u00a0<\/em><a href=\"https:\/\/www.youtube.com\/@acordacidadenoticias\/videos\"><strong>YouTube<\/strong><\/a><em>\u00a0e do grupo no\u00a0<\/em><a href=\"https:\/\/t.me\/+sSz0khrgARA0ZmRh\"><strong><em>Telegram<\/em><\/strong><\/a><em>.<\/em><\/p>\n<\/div>\n","protected":false},"excerpt":{"rendered":"<p>Lito Sousa | Foto: Reprodu\u00e7\u00e3o\/ Redes Sociais O piloto e influenciador Lito Sousa, de 59<\/p>\n","protected":false},"author":1,"featured_media":148712,"comment_status":"closed","ping_status":"closed","sticky":false,"template":"","format":"gallery","meta":{"footnotes":""},"categories":[8,9,6,57,56,10],"tags":[],"class_list":["post-148711","post","type-post","status-publish","format-gallery","has-post-thumbnail","hentry","category-bahia","category-brasil","category-feira-de-santana","category-mundo","category-policia","category-politica","post_format-post-format-gallery"],"featured_image_urls":{"full":["https:\/\/noticiasbahia360.com.br\/wp-content\/uploads\/2026\/09\/Lito-Sousa-Foto-Reproducao-YouTube-250826.jpg",1200,720,false],"thumbnail":["https:\/\/noticiasbahia360.com.br\/wp-content\/uploads\/2026\/09\/Lito-Sousa-Foto-Reproducao-YouTube-250826-150x150.jpg",150,150,true],"medium":["https:\/\/noticiasbahia360.com.br\/wp-content\/uploads\/2026\/09\/Lito-Sousa-Foto-Reproducao-YouTube-250826-300x180.jpg",300,180,true],"medium_large":["https:\/\/noticiasbahia360.com.br\/wp-content\/uploads\/2026\/09\/Lito-Sousa-Foto-Reproducao-YouTube-250826-768x461.jpg",640,384,true],"large":["https:\/\/noticiasbahia360.com.br\/wp-content\/uploads\/2026\/09\/Lito-Sousa-Foto-Reproducao-YouTube-250826-1024x614.jpg",640,384,true],"1536x1536":["https:\/\/noticiasbahia360.com.br\/wp-content\/uploads\/2026\/09\/Lito-Sousa-Foto-Reproducao-YouTube-250826.jpg",1200,720,false],"2048x2048":["https:\/\/noticiasbahia360.com.br\/wp-content\/uploads\/2026\/09\/Lito-Sousa-Foto-Reproducao-YouTube-250826.jpg",1200,720,false],"chromenews-featured":["https:\/\/noticiasbahia360.com.br\/wp-content\/uploads\/2026\/09\/Lito-Sousa-Foto-Reproducao-YouTube-250826-1024x614.jpg",1024,614,true],"chromenews-large":["https:\/\/noticiasbahia360.com.br\/wp-content\/uploads\/2026\/09\/Lito-Sousa-Foto-Reproducao-YouTube-250826-825x575.jpg",825,575,true],"chromenews-medium":["https:\/\/noticiasbahia360.com.br\/wp-content\/uploads\/2026\/09\/Lito-Sousa-Foto-Reproducao-YouTube-250826-590x410.jpg",590,410,true]},"author_info":{"display_name":"noticiasbahia360.com.br","author_link":"https:\/\/noticiasbahia360.com.br\/?author=1"},"category_info":"<a href=\"https:\/\/noticiasbahia360.com.br\/?cat=8\" rel=\"category\">Bahia<\/a> <a href=\"https:\/\/noticiasbahia360.com.br\/?cat=9\" rel=\"category\">Brasil<\/a> <a href=\"https:\/\/noticiasbahia360.com.br\/?cat=6\" rel=\"category\">Feira de Santana<\/a> <a href=\"https:\/\/noticiasbahia360.com.br\/?cat=57\" rel=\"category\">Mundo<\/a> <a href=\"https:\/\/noticiasbahia360.com.br\/?cat=56\" rel=\"category\">Pol\u00edcia<\/a> <a href=\"https:\/\/noticiasbahia360.com.br\/?cat=10\" rel=\"category\">Pol\u00edtica<\/a>","tag_info":"Pol\u00edtica","comment_count":"0","_links":{"self":[{"href":"https:\/\/noticiasbahia360.com.br\/index.php?rest_route=\/wp\/v2\/posts\/148711","targetHints":{"allow":["GET"]}}],"collection":[{"href":"https:\/\/noticiasbahia360.com.br\/index.php?rest_route=\/wp\/v2\/posts"}],"about":[{"href":"https:\/\/noticiasbahia360.com.br\/index.php?rest_route=\/wp\/v2\/types\/post"}],"author":[{"embeddable":true,"href":"https:\/\/noticiasbahia360.com.br\/index.php?rest_route=\/wp\/v2\/users\/1"}],"replies":[{"embeddable":true,"href":"https:\/\/noticiasbahia360.com.br\/index.php?rest_route=%2Fwp%2Fv2%2Fcomments&post=148711"}],"version-history":[{"count":0,"href":"https:\/\/noticiasbahia360.com.br\/index.php?rest_route=\/wp\/v2\/posts\/148711\/revisions"}],"wp:featuredmedia":[{"embeddable":true,"href":"https:\/\/noticiasbahia360.com.br\/index.php?rest_route=\/wp\/v2\/media\/148712"}],"wp:attachment":[{"href":"https:\/\/noticiasbahia360.com.br\/index.php?rest_route=%2Fwp%2Fv2%2Fmedia&parent=148711"}],"wp:term":[{"taxonomy":"category","embeddable":true,"href":"https:\/\/noticiasbahia360.com.br\/index.php?rest_route=%2Fwp%2Fv2%2Fcategories&post=148711"},{"taxonomy":"post_tag","embeddable":true,"href":"https:\/\/noticiasbahia360.com.br\/index.php?rest_route=%2Fwp%2Fv2%2Ftags&post=148711"}],"curies":[{"name":"wp","href":"https:\/\/api.w.org\/{rel}","templated":true}]}}