{"id":148713,"date":"2026-09-03T15:02:27","date_gmt":"2026-09-03T18:02:27","guid":{"rendered":"https:\/\/noticiasbahia360.com.br\/?p=148713"},"modified":"2026-09-03T15:02:27","modified_gmt":"2026-09-03T18:02:27","slug":"plantao-virtual-tira-duvidas-de-agentes-culturais-sobre-inscricoes-nos-editais-da-pnab-em-feira-de-santana","status":"publish","type":"post","link":"https:\/\/noticiasbahia360.com.br\/?p=148713","title":{"rendered":"Plant\u00e3o virtual tira d\u00favidas de agentes culturais sobre inscri\u00e7\u00f5es nos editais da Pnab em Feira de Santana"},"content":{"rendered":"<div>\n<div>\n<figure><img decoding=\"async\" src=\"http:\/\/noticiasbahia360.com.br\/wp-content\/uploads\/2026\/09\/pnab.jpg\" alt=\"pnab\"><figcaption>Foto: Reprodu\u00e7\u00e3o<\/figcaption><\/figure>\n<\/div>\n<p class=\"wp-block-paragraph\">A Prefeitura de Feira de Santana, por meio da Secretaria Municipal de Cultura, Esporte e Lazer (Secel), realiza nesta quinta-feira (3) um plant\u00e3o tira-d\u00favidas sobre as inscri\u00e7\u00f5es nos editais do 2\u00ba Ciclo da Pol\u00edtica Nacional Aldir Blanc de Fomento \u00e0 Cultura (Pnab).<\/p>\n<p class=\"wp-block-paragraph\"><a href=\"https:\/\/meet.google.com\/unsupported?meetingCode=wvu-qzun-xjt&amp;ref=https:\/\/meet.google.com\/wvu-qzun-xjt\" data-type=\"link\" data-id=\"https:\/\/meet.google.com\/unsupported?meetingCode=wvu-qzun-xjt&amp;ref=https:\/\/meet.google.com\/wvu-qzun-xjt\">O atendimento ser\u00e1 realizado de forma virtual, das 19h30 \u00e0s 20h30, por meio do Google Meet<\/a>. A iniciativa busca auxiliar artistas, produtores, grupos, coletivos e demais agentes culturais que ainda tenham d\u00favidas sobre o processo de inscri\u00e7\u00e3o nos editais.<\/p>\n<p class=\"wp-block-paragraph\">As inscri\u00e7\u00f5es para o 2\u00ba Ciclo da Pnab em Feira de Santana est\u00e3o abertas at\u00e9 21 de setembro de 2026. Ao todo, a Secel disponibilizou seis editais desde 17 de agosto de 2026.<\/p>\n<p class=\"wp-block-paragraph\">Entre as chamadas est\u00e3o Meu Primeiro Edital, Feira de Todas as Artes, Ra\u00edzes da Princesa, Encontro da Cultura, TCC Pontos de Cultura e Premia\u00e7\u00e3o de Pontos e Pont\u00f5es de Pontos de Cultura. Cada edital possui regras, categorias, crit\u00e9rios de sele\u00e7\u00e3o e documenta\u00e7\u00e3o espec\u00edficos.<\/p>\n<h2 id=\"h-o-que-e-a-pnab\" class=\"wp-block-heading\">O que \u00e9 a Pnab?<\/h2>\n<p class=\"wp-block-paragraph\">A Pol\u00edtica Nacional Aldir Blanc de Fomento \u00e0 Cultura (Pnab) foi institu\u00edda pela Lei Federal n\u00ba 14.399\/2022 e tem como objetivo estruturar uma pol\u00edtica cont\u00ednua de financiamento da cultura no pa\u00eds, com repasses da Uni\u00e3o para estados, Distrito Federal e munic\u00edpios.<\/p>\n<p class=\"wp-block-paragraph\">De acordo com informa\u00e7\u00f5es disponibilizadas pela pr\u00f3pria Prefeitura de Feira de Santana, a pol\u00edtica busca fortalecer o setor cultural, ampliar o acesso aos recursos p\u00fablicos, incentivar a produ\u00e7\u00e3o art\u00edstica e valorizar os fazedores de cultura, al\u00e9m de apoiar a\u00e7\u00f5es de preserva\u00e7\u00e3o do patrim\u00f4nio, forma\u00e7\u00e3o, circula\u00e7\u00e3o e difus\u00e3o das diferentes manifesta\u00e7\u00f5es culturais.<\/p>\n<p class=\"wp-block-paragraph\">Em Feira de Santana, a execu\u00e7\u00e3o da Pnab \u00e9 realizada pela Prefeitura, atrav\u00e9s da Secel, contemplando diferentes segmentos e agentes culturais do munic\u00edpio. A pol\u00edtica tamb\u00e9m est\u00e1 fundamentada na parceria entre Uni\u00e3o, estados, munic\u00edpios e sociedade civil, respeitando princ\u00edpios como a diversidade, a democratiza\u00e7\u00e3o e a universaliza\u00e7\u00e3o do acesso \u00e0 cultura.<\/p>\n<p class=\"wp-block-paragraph\"><em>As informa\u00e7\u00f5es s\u00e3o da Secretaria Municipal de Comunica\u00e7\u00e3o Social (Secom)<\/em><\/p>\n<p class=\"wp-block-paragraph\"><em>Siga o Acorda Cidade no\u00a0<\/em><a href=\"https:\/\/news.google.com\/search?q=acorda%20cidade&amp;hl=pt-BR&amp;gl=BR&amp;ceid=BR%3Apt-419\"><strong><em>Google Not\u00edcias<\/em><\/strong><\/a><em>\u00a0e receba os principais destaques do dia. Participe tamb\u00e9m dos nossos canais no\u00a0<\/em><a href=\"https:\/\/www.whatsapp.com\/channel\/0029Va6Rb4v3WHTNnsh8WI3N\"><strong><em>WhatsApp<\/em><\/strong><\/a><em>\u00a0e\u00a0<\/em><a href=\"https:\/\/www.youtube.com\/@acordacidadenoticias\/videos\"><strong>YouTube<\/strong><\/a><em>\u00a0e do grupo no\u00a0<\/em><a href=\"https:\/\/t.me\/+sSz0khrgARA0ZmRh\"><strong><em>Telegram<\/em><\/strong><\/a><em>.<\/em><\/p>\n<\/div>\n","protected":false},"excerpt":{"rendered":"<p>Foto: Reprodu\u00e7\u00e3o A Prefeitura de Feira de Santana, por meio da Secretaria Municipal de Cultura,<\/p>\n","protected":false},"author":1,"featured_media":148714,"comment_status":"closed","ping_status":"closed","sticky":false,"template":"","format":"gallery","meta":{"footnotes":""},"categories":[8,9,6,57,56,10],"tags":[],"class_list":["post-148713","post","type-post","status-publish","format-gallery","has-post-thumbnail","hentry","category-bahia","category-brasil","category-feira-de-santana","category-mundo","category-policia","category-politica","post_format-post-format-gallery"],"featured_image_urls":{"full":["https:\/\/noticiasbahia360.com.br\/wp-content\/uploads\/2026\/09\/pnab.jpg",1200,798,false],"thumbnail":["https:\/\/noticiasbahia360.com.br\/wp-content\/uploads\/2026\/09\/pnab-150x150.jpg",150,150,true],"medium":["https:\/\/noticiasbahia360.com.br\/wp-content\/uploads\/2026\/09\/pnab-300x200.jpg",300,200,true],"medium_large":["https:\/\/noticiasbahia360.com.br\/wp-content\/uploads\/2026\/09\/pnab-768x511.jpg",640,426,true],"large":["https:\/\/noticiasbahia360.com.br\/wp-content\/uploads\/2026\/09\/pnab-1024x681.jpg",640,426,true],"1536x1536":["https:\/\/noticiasbahia360.com.br\/wp-content\/uploads\/2026\/09\/pnab.jpg",1200,798,false],"2048x2048":["https:\/\/noticiasbahia360.com.br\/wp-content\/uploads\/2026\/09\/pnab.jpg",1200,798,false],"chromenews-featured":["https:\/\/noticiasbahia360.com.br\/wp-content\/uploads\/2026\/09\/pnab-1024x681.jpg",1024,681,true],"chromenews-large":["https:\/\/noticiasbahia360.com.br\/wp-content\/uploads\/2026\/09\/pnab-825x575.jpg",825,575,true],"chromenews-medium":["https:\/\/noticiasbahia360.com.br\/wp-content\/uploads\/2026\/09\/pnab-590x410.jpg",590,410,true]},"author_info":{"display_name":"noticiasbahia360.com.br","author_link":"https:\/\/noticiasbahia360.com.br\/?author=1"},"category_info":"<a href=\"https:\/\/noticiasbahia360.com.br\/?cat=8\" rel=\"category\">Bahia<\/a> <a href=\"https:\/\/noticiasbahia360.com.br\/?cat=9\" rel=\"category\">Brasil<\/a> <a href=\"https:\/\/noticiasbahia360.com.br\/?cat=6\" rel=\"category\">Feira de Santana<\/a> <a href=\"https:\/\/noticiasbahia360.com.br\/?cat=57\" rel=\"category\">Mundo<\/a> <a href=\"https:\/\/noticiasbahia360.com.br\/?cat=56\" rel=\"category\">Pol\u00edcia<\/a> <a href=\"https:\/\/noticiasbahia360.com.br\/?cat=10\" rel=\"category\">Pol\u00edtica<\/a>","tag_info":"Pol\u00edtica","comment_count":"0","_links":{"self":[{"href":"https:\/\/noticiasbahia360.com.br\/index.php?rest_route=\/wp\/v2\/posts\/148713","targetHints":{"allow":["GET"]}}],"collection":[{"href":"https:\/\/noticiasbahia360.com.br\/index.php?rest_route=\/wp\/v2\/posts"}],"about":[{"href":"https:\/\/noticiasbahia360.com.br\/index.php?rest_route=\/wp\/v2\/types\/post"}],"author":[{"embeddable":true,"href":"https:\/\/noticiasbahia360.com.br\/index.php?rest_route=\/wp\/v2\/users\/1"}],"replies":[{"embeddable":true,"href":"https:\/\/noticiasbahia360.com.br\/index.php?rest_route=%2Fwp%2Fv2%2Fcomments&post=148713"}],"version-history":[{"count":0,"href":"https:\/\/noticiasbahia360.com.br\/index.php?rest_route=\/wp\/v2\/posts\/148713\/revisions"}],"wp:featuredmedia":[{"embeddable":true,"href":"https:\/\/noticiasbahia360.com.br\/index.php?rest_route=\/wp\/v2\/media\/148714"}],"wp:attachment":[{"href":"https:\/\/noticiasbahia360.com.br\/index.php?rest_route=%2Fwp%2Fv2%2Fmedia&parent=148713"}],"wp:term":[{"taxonomy":"category","embeddable":true,"href":"https:\/\/noticiasbahia360.com.br\/index.php?rest_route=%2Fwp%2Fv2%2Fcategories&post=148713"},{"taxonomy":"post_tag","embeddable":true,"href":"https:\/\/noticiasbahia360.com.br\/index.php?rest_route=%2Fwp%2Fv2%2Ftags&post=148713"}],"curies":[{"name":"wp","href":"https:\/\/api.w.org\/{rel}","templated":true}]}}