{"id":148715,"date":"2026-09-03T15:02:28","date_gmt":"2026-09-03T18:02:28","guid":{"rendered":"https:\/\/noticiasbahia360.com.br\/?p=148715"},"modified":"2026-09-03T15:02:28","modified_gmt":"2026-09-03T18:02:28","slug":"entregadores-e-mototaxistas-participam-de-audiencia-publica-na-camara-municipal-em-defesa-dos-direitos-da-categoria","status":"publish","type":"post","link":"https:\/\/noticiasbahia360.com.br\/?p=148715","title":{"rendered":"Entregadores e mototaxistas participam de audi\u00eancia p\u00fablica na C\u00e2mara Municipal em defesa dos direitos da categoria"},"content":{"rendered":"<div>\n<div>\n<figure><img decoding=\"async\" src=\"http:\/\/noticiasbahia360.com.br\/wp-content\/uploads\/2026\/09\/audiencia-na-camara-municipal-motoentregadores.jpg\" alt=\"Audi\u00eancia p\u00fablica na C\u00e2mara Municipal de Vereadores em defesa dos direitos dos motoentregadores e mototaxistas em Feira de Santana.\"><figcaption>Foto: Paulo Jos\u00e9\/Acorda Cidade<\/figcaption><\/figure>\n<\/div>\n<p class=\"wp-block-paragraph\">Na manh\u00e3 desta quinta-feira (3), foi realizada uma audi\u00eancia p\u00fablica na C\u00e2mara Municipal de Vereadores em defesa dos direitos dos entregadores e mototaxistas, que trabalham por meio de aplicativos, em Feira de Santana. O debate discutiu os desafios atuais da categoria e sugest\u00f5es de melhorias das condi\u00e7\u00f5es de trabalho.<\/p>\n<figure class=\"wp-block-image size-full\"><img fetchpriority=\"high\" decoding=\"async\" width=\"1200\" height=\"707\" src=\"http:\/\/noticiasbahia360.com.br\/wp-content\/uploads\/2026\/09\/audiencia-na-Camara-motoentregadores-2.jpg\" alt=\"Audi\u00eancia p\u00fablica na C\u00e2mara Municipal de Vereadores em defesa dos direitos dos motoentregadores e mototaxistas em Feira de Santana.\" class=\"wp-image-687654\" srcset=\"http:\/\/noticiasbahia360.com.br\/wp-content\/uploads\/2026\/09\/audiencia-na-Camara-motoentregadores-2.jpg 1200w, https:\/\/uploads.acordacidade.com.br\/2026\/09\/audiencia-na-Camara-motoentregadores-2-750x442.jpg 750w, https:\/\/uploads.acordacidade.com.br\/2026\/09\/audiencia-na-Camara-motoentregadores-2-1000x589.jpg 1000w, https:\/\/uploads.acordacidade.com.br\/2026\/09\/audiencia-na-Camara-motoentregadores-2-450x265.jpg 450w, https:\/\/uploads.acordacidade.com.br\/2026\/09\/audiencia-na-Camara-motoentregadores-2-150x88.jpg 150w\" sizes=\"(max-width: 1200px) 100vw, 1200px\"><figcaption class=\"wp-element-caption\">Foto: Paulo Jos\u00e9\/Acorda Cidade<\/figcaption><\/figure>\n<p class=\"wp-block-paragraph\">O motoentregador Celso Santos, representa o Grupo Profiss\u00e3o Perigo e a Associa\u00e7\u00e3o Amba. Ele participou da audi\u00eancia e relatou situa\u00e7\u00f5es do dia a dia dos trabalhadores, como persegui\u00e7\u00e3o por animais, assaltos, agress\u00f5es, cobran\u00e7as em excesso e falta de seguran\u00e7a para transitar nas ruas da cidade, sobretudo no per\u00edodo da noite.<\/p>\n<p class=\"wp-block-paragraph\">\u201c\u00c9 perigo mesmo o tempo todo e \u00e9 uma classe sofredora que, cada dia que passa, est\u00e1 sendo mais cobrada, mais exigida; e benef\u00edcio para a gente, nada. Hoje quem trabalha com duas rodas em Feira de Santana est\u00e1 sendo um m\u00e1gico, porque a gente tem que fazer m\u00e1gica para conseguir trabalhar. O tr\u00e2nsito \u00e9 intenso, as cobran\u00e7as s\u00e3o muito rigorosas, o poder p\u00fablico olha para a gente como se a gente fosse nada, \u00e9 muita cobran\u00e7a, muita multa e principalmente \u00e0 noite. Estamos muito vulner\u00e1veis a assaltos, principalmente nas sinaleiras do centro da cidade.\u201d<\/p>\n<figure class=\"wp-block-image size-full\"><img decoding=\"async\" width=\"1200\" height=\"758\" src=\"http:\/\/noticiasbahia360.com.br\/wp-content\/uploads\/2026\/09\/audiencia-na-camara-motoentregadores.jpg\" alt=\"Audi\u00eancia p\u00fablica na C\u00e2mara Municipal de Vereadores em defesa dos direitos dos motoentregadores e mototaxistas em Feira de Santana.\" class=\"wp-image-687656\" srcset=\"http:\/\/noticiasbahia360.com.br\/wp-content\/uploads\/2026\/09\/audiencia-na-camara-motoentregadores.jpg 1200w, https:\/\/uploads.acordacidade.com.br\/2026\/09\/audiencia-na-camara-motoentregadores-750x474.jpg 750w, https:\/\/uploads.acordacidade.com.br\/2026\/09\/audiencia-na-camara-motoentregadores-1000x632.jpg 1000w, https:\/\/uploads.acordacidade.com.br\/2026\/09\/audiencia-na-camara-motoentregadores-450x284.jpg 450w, https:\/\/uploads.acordacidade.com.br\/2026\/09\/audiencia-na-camara-motoentregadores-150x95.jpg 150w\" sizes=\"(max-width: 1200px) 100vw, 1200px\"><figcaption class=\"wp-element-caption\">Foto: Paulo Jos\u00e9\/Acorda Cidade<\/figcaption><\/figure>\n<p class=\"wp-block-paragraph\">Ele citou como exemplo um colega de profiss\u00e3o que quase perdeu a motocicleta na Avenida Get\u00falio Vargas, no centro da cidade, v\u00edtima de uma tentativa de assalto.<\/p>\n<p class=\"wp-block-paragraph\">\u201cSe n\u00e3o viesse uma viatura na transversal, ele tinha perdido a moto. A PM conseguiu acompanhar os meliantes e conseguiu pegar. \u00a0Ent\u00e3o hoje a gente sofre demais. \u00c9 acusa\u00e7\u00e3o de roubo de cliente que pediu uma entrega e colocou o endere\u00e7o errado. \u00c9 acusa\u00e7\u00e3o de cliente dizendo que a gente cobrou duas vezes, s\u00f3 que na verdade a gente s\u00f3 quer o nosso, a gente n\u00e3o quer nada de ningu\u00e9m.\u201d<\/p>\n<figure class=\"wp-block-image size-full\"><img decoding=\"async\" width=\"1200\" height=\"775\" src=\"http:\/\/noticiasbahia360.com.br\/wp-content\/uploads\/2026\/09\/audiencia-na-camara-motoentregadores-e-mototaxistas.jpg\" alt=\"Audi\u00eancia p\u00fablica na C\u00e2mara Municipal de Vereadores em defesa dos direitos dos motoentregadores e mototaxistas em Feira de Santana.\" class=\"wp-image-687655\" srcset=\"http:\/\/noticiasbahia360.com.br\/wp-content\/uploads\/2026\/09\/audiencia-na-camara-motoentregadores-e-mototaxistas.jpg 1200w, https:\/\/uploads.acordacidade.com.br\/2026\/09\/audiencia-na-camara-motoentregadores-e-mototaxistas-750x484.jpg 750w, https:\/\/uploads.acordacidade.com.br\/2026\/09\/audiencia-na-camara-motoentregadores-e-mototaxistas-1000x646.jpg 1000w, https:\/\/uploads.acordacidade.com.br\/2026\/09\/audiencia-na-camara-motoentregadores-e-mototaxistas-450x291.jpg 450w, https:\/\/uploads.acordacidade.com.br\/2026\/09\/audiencia-na-camara-motoentregadores-e-mototaxistas-150x97.jpg 150w\" sizes=\"(max-width: 1200px) 100vw, 1200px\"><figcaption class=\"wp-element-caption\">Foto: Paulo Jos\u00e9\/Acorda Cidade<\/figcaption><\/figure>\n<p class=\"wp-block-paragraph\">O vereador Pedro Am\u00e9rico, autor do requerimento para a Audi\u00eancia P\u00fablica, destacou que o debate visou alertar aos empres\u00e1rios, \u00e0 popula\u00e7\u00e3o e o poder p\u00fablico sobre a import\u00e2ncia dos trabalhadores sobre duas rodas, que hoje prestam um servi\u00e7o essencial \u00e0 sociedade.<\/p>\n<p class=\"wp-block-paragraph\">\u201cN\u00f3s temos lutado muito para que essa categoria possa ser valorizada, e foi feito um debate sobre um projeto de lei que busca regulamentar o transporte e o servi\u00e7o de aplicativo na cidade. Esse projeto coloca pre\u00e7o p\u00fablico no uso da via, que n\u00f3s entendemos que \u00e9 inconstitucional, cobra uma taxa a mais de 2% por cada corrida e faz com que a Secretaria de Mobilidade possa ter acesso aos dados de cada corrida\u201d, informou.<\/p>\n<p class=\"wp-block-paragraph\">Na avalia\u00e7\u00e3o do parlamentar, o projeto poderia inviabilizar o trabalho da categoria, ao afugentar as plataformas da cidade. \u00a0<\/p>\n<p class=\"wp-block-paragraph\">\u201cN\u00f3s entendemos que esse projeto n\u00e3o era adequado para a cidade, primeiro por causa da vulnerabilidade do acesso aos dados, a forma como as coisas iam poder acontecer; segundo, que, com esse projeto de lei, simplesmente as grandes plataformas que est\u00e3o na cidade, que tem no Brasil, como iFood, Uber, 99, simplesmente elas poderiam, no dia que aprovar, sancionar essa lei, essa lei passar a vigorar, o aplicativo n\u00e3o vai mais funcionar em Feira. Ent\u00e3o, imagine quantos pais de fam\u00edlia, quantas m\u00e3es de fam\u00edlia poderiam ficar sem a sua renda, sem o seu dinheiro, simplesmente por causa de um projeto de lei que estava tramitando na C\u00e2mara Municipal?\u201d<\/p>\n<figure class=\"wp-block-image size-full\"><img loading=\"lazy\" decoding=\"async\" width=\"1200\" height=\"708\" src=\"http:\/\/noticiasbahia360.com.br\/wp-content\/uploads\/2026\/09\/moto-entregadores.jpg\" alt=\"Audi\u00eancia p\u00fablica na C\u00e2mara Municipal de Vereadores em defesa dos direitos dos motoentregadores e mototaxistas em Feira de Santana.\" class=\"wp-image-687659\" srcset=\"http:\/\/noticiasbahia360.com.br\/wp-content\/uploads\/2026\/09\/moto-entregadores.jpg 1200w, https:\/\/uploads.acordacidade.com.br\/2026\/09\/moto-entregadores-750x443.jpg 750w, https:\/\/uploads.acordacidade.com.br\/2026\/09\/moto-entregadores-1000x590.jpg 1000w, https:\/\/uploads.acordacidade.com.br\/2026\/09\/moto-entregadores-450x266.jpg 450w, https:\/\/uploads.acordacidade.com.br\/2026\/09\/moto-entregadores-150x89.jpg 150w\" sizes=\"(max-width: 1200px) 100vw, 1200px\"><figcaption class=\"wp-element-caption\">Foto: Paulo Jos\u00e9\/Acorda Cidade<\/figcaption><\/figure>\n<p class=\"wp-block-paragraph\">O vereador disse que faz parte da mobiliza\u00e7\u00e3o para que o projeto n\u00e3o seja aprovado pelo Poder Executivo.<\/p>\n<p class=\"wp-block-paragraph\">\u201cHoje n\u00f3s fizemos a audi\u00eancia p\u00fablica porque eu entendo que o pol\u00edtico ele tem que abrir espa\u00e7o para que as categorias falem. Tivemos aqui representa\u00e7\u00e3o do secret\u00e1rio da Mobilidade, superintendente de tr\u00e2nsito, advogados especialistas, mas principalmente a presen\u00e7a massiva de uma categoria que parou o dia de trabalho para poder discutir os seus direitos e os seus deveres. E eu tenho certeza que eles cada vez mais fortes, mais unidos, v\u00e3o conquistar muitas coisas em defesa deles e em defesa de toda a sociedade que depende dos motoentregadores, dos motofretistas, e daqueles que transportam passageiros.\u201d<\/p>\n<p class=\"wp-block-paragraph\"><em>Com informa\u00e7\u00f5es do rep\u00f3rter Paulo Jos\u00e9, do Acorda Cidade.<\/em><\/p>\n<p class=\"wp-block-paragraph\"><em>Siga o Acorda Cidade no\u00a0<\/em><a href=\"https:\/\/news.google.com\/search?q=acorda%20cidade&amp;hl=pt-BR&amp;gl=BR&amp;ceid=BR%3Apt-419\"><strong><em>Google Not\u00edcias<\/em><\/strong><\/a><em>\u00a0e receba os principais destaques do dia. Participe tamb\u00e9m dos nossos canais no\u00a0<\/em><a href=\"https:\/\/www.whatsapp.com\/channel\/0029Va6Rb4v3WHTNnsh8WI3N\"><strong><em>WhatsApp<\/em><\/strong><\/a><em>\u00a0e\u00a0<\/em><a href=\"https:\/\/www.youtube.com\/@acordacidadenoticias\/videos\"><strong>YouTube<\/strong><\/a><em>\u00a0e grupo de\u00a0<\/em><a href=\"https:\/\/t.me\/+sSz0khrgARA0ZmRh\"><strong><em>Telegram<\/em><\/strong><\/a><em>.<\/em><\/p>\n<\/div>\n","protected":false},"excerpt":{"rendered":"<p>Foto: Paulo Jos\u00e9\/Acorda Cidade Na manh\u00e3 desta quinta-feira (3), foi realizada uma audi\u00eancia p\u00fablica na<\/p>\n","protected":false},"author":1,"featured_media":148716,"comment_status":"closed","ping_status":"closed","sticky":false,"template":"","format":"gallery","meta":{"footnotes":""},"categories":[8,9,6,57,56,10],"tags":[],"class_list":["post-148715","post","type-post","status-publish","format-gallery","has-post-thumbnail","hentry","category-bahia","category-brasil","category-feira-de-santana","category-mundo","category-policia","category-politica","post_format-post-format-gallery"],"featured_image_urls":{"full":["https:\/\/noticiasbahia360.com.br\/wp-content\/uploads\/2026\/09\/audiencia-na-camara-municipal-motoentregadores.jpg",1200,762,false],"thumbnail":["https:\/\/noticiasbahia360.com.br\/wp-content\/uploads\/2026\/09\/audiencia-na-camara-municipal-motoentregadores-150x150.jpg",150,150,true],"medium":["https:\/\/noticiasbahia360.com.br\/wp-content\/uploads\/2026\/09\/audiencia-na-camara-municipal-motoentregadores-300x191.jpg",300,191,true],"medium_large":["https:\/\/noticiasbahia360.com.br\/wp-content\/uploads\/2026\/09\/audiencia-na-camara-municipal-motoentregadores-768x488.jpg",640,407,true],"large":["https:\/\/noticiasbahia360.com.br\/wp-content\/uploads\/2026\/09\/audiencia-na-camara-municipal-motoentregadores-1024x650.jpg",640,406,true],"1536x1536":["https:\/\/noticiasbahia360.com.br\/wp-content\/uploads\/2026\/09\/audiencia-na-camara-municipal-motoentregadores.jpg",1200,762,false],"2048x2048":["https:\/\/noticiasbahia360.com.br\/wp-content\/uploads\/2026\/09\/audiencia-na-camara-municipal-motoentregadores.jpg",1200,762,false],"chromenews-featured":["https:\/\/noticiasbahia360.com.br\/wp-content\/uploads\/2026\/09\/audiencia-na-camara-municipal-motoentregadores-1024x650.jpg",1024,650,true],"chromenews-large":["https:\/\/noticiasbahia360.com.br\/wp-content\/uploads\/2026\/09\/audiencia-na-camara-municipal-motoentregadores-825x575.jpg",825,575,true],"chromenews-medium":["https:\/\/noticiasbahia360.com.br\/wp-content\/uploads\/2026\/09\/audiencia-na-camara-municipal-motoentregadores-590x410.jpg",590,410,true]},"author_info":{"display_name":"noticiasbahia360.com.br","author_link":"https:\/\/noticiasbahia360.com.br\/?author=1"},"category_info":"<a href=\"https:\/\/noticiasbahia360.com.br\/?cat=8\" rel=\"category\">Bahia<\/a> <a href=\"https:\/\/noticiasbahia360.com.br\/?cat=9\" rel=\"category\">Brasil<\/a> <a href=\"https:\/\/noticiasbahia360.com.br\/?cat=6\" rel=\"category\">Feira de Santana<\/a> <a href=\"https:\/\/noticiasbahia360.com.br\/?cat=57\" rel=\"category\">Mundo<\/a> <a href=\"https:\/\/noticiasbahia360.com.br\/?cat=56\" rel=\"category\">Pol\u00edcia<\/a> <a href=\"https:\/\/noticiasbahia360.com.br\/?cat=10\" rel=\"category\">Pol\u00edtica<\/a>","tag_info":"Pol\u00edtica","comment_count":"0","_links":{"self":[{"href":"https:\/\/noticiasbahia360.com.br\/index.php?rest_route=\/wp\/v2\/posts\/148715","targetHints":{"allow":["GET"]}}],"collection":[{"href":"https:\/\/noticiasbahia360.com.br\/index.php?rest_route=\/wp\/v2\/posts"}],"about":[{"href":"https:\/\/noticiasbahia360.com.br\/index.php?rest_route=\/wp\/v2\/types\/post"}],"author":[{"embeddable":true,"href":"https:\/\/noticiasbahia360.com.br\/index.php?rest_route=\/wp\/v2\/users\/1"}],"replies":[{"embeddable":true,"href":"https:\/\/noticiasbahia360.com.br\/index.php?rest_route=%2Fwp%2Fv2%2Fcomments&post=148715"}],"version-history":[{"count":0,"href":"https:\/\/noticiasbahia360.com.br\/index.php?rest_route=\/wp\/v2\/posts\/148715\/revisions"}],"wp:featuredmedia":[{"embeddable":true,"href":"https:\/\/noticiasbahia360.com.br\/index.php?rest_route=\/wp\/v2\/media\/148716"}],"wp:attachment":[{"href":"https:\/\/noticiasbahia360.com.br\/index.php?rest_route=%2Fwp%2Fv2%2Fmedia&parent=148715"}],"wp:term":[{"taxonomy":"category","embeddable":true,"href":"https:\/\/noticiasbahia360.com.br\/index.php?rest_route=%2Fwp%2Fv2%2Fcategories&post=148715"},{"taxonomy":"post_tag","embeddable":true,"href":"https:\/\/noticiasbahia360.com.br\/index.php?rest_route=%2Fwp%2Fv2%2Ftags&post=148715"}],"curies":[{"name":"wp","href":"https:\/\/api.w.org\/{rel}","templated":true}]}}