{"id":148721,"date":"2026-09-03T15:02:31","date_gmt":"2026-09-03T18:02:31","guid":{"rendered":"https:\/\/noticiasbahia360.com.br\/?p=148721"},"modified":"2026-09-03T15:02:31","modified_gmt":"2026-09-03T18:02:31","slug":"jovem-morre-esmagado-em-empresa-de-pre-moldados-em-feira-de-santana","status":"publish","type":"post","link":"https:\/\/noticiasbahia360.com.br\/?p=148721","title":{"rendered":"Jovem morre esmagado em empresa de pr\u00e9-moldados em Feira de Santana"},"content":{"rendered":"<div>\n<div>\n<figure><img decoding=\"async\" src=\"http:\/\/noticiasbahia360.com.br\/wp-content\/uploads\/2026\/09\/Marlon-Amorim-de-Souza-Foto-Reproducao-030926.jpg\" alt=\"Marlon Amorim de Souza\"><figcaption>Marlon Amorim de Souza | Foto: Reprodu\u00e7\u00e3o<\/figcaption><\/figure>\n<\/div>\n<p class=\"wp-block-paragraph\">Marlon Amorim de Souza, de 22 anos, morreu na manh\u00e3 desta quinta-feira (3) ap\u00f3s ser esmagado por uma prensa na f\u00e1brica de pr\u00e9-moldados em que trabalhava, instalada na BR-324, no bairro Limoeiro, em Feira de Santana.<\/p>\n<figure class=\"wp-block-image size-full\"><img fetchpriority=\"high\" fetchpriority=\"high\" decoding=\"async\" width=\"1200\" height=\"873\" src=\"http:\/\/noticiasbahia360.com.br\/wp-content\/uploads\/2026\/09\/Momento-da-tentativa-de-socorro-a-Marlon-Amorim-de-Souza-Foto-Reproducao-2-032906.jpg\" alt=\"Momento da tentativa de socorro a Marlon por colegas de trabalho \" class=\"wp-image-687684\" srcset=\"http:\/\/noticiasbahia360.com.br\/wp-content\/uploads\/2026\/09\/Momento-da-tentativa-de-socorro-a-Marlon-Amorim-de-Souza-Foto-Reproducao-2-032906.jpg 1200w, https:\/\/uploads.acordacidade.com.br\/2026\/09\/Momento-da-tentativa-de-socorro-a-Marlon-Amorim-de-Souza-Foto-Reproducao-2-032906-750x546.jpg 750w, https:\/\/uploads.acordacidade.com.br\/2026\/09\/Momento-da-tentativa-de-socorro-a-Marlon-Amorim-de-Souza-Foto-Reproducao-2-032906-1000x728.jpg 1000w, https:\/\/uploads.acordacidade.com.br\/2026\/09\/Momento-da-tentativa-de-socorro-a-Marlon-Amorim-de-Souza-Foto-Reproducao-2-032906-450x327.jpg 450w, https:\/\/uploads.acordacidade.com.br\/2026\/09\/Momento-da-tentativa-de-socorro-a-Marlon-Amorim-de-Souza-Foto-Reproducao-2-032906-150x109.jpg 150w\" sizes=\"(max-width: 1200px) 100vw, 1200px\"><figcaption class=\"wp-element-caption\">Momento da tentativa de socorro a Marlon por colegas de trabalho | Foto: Reprodu\u00e7\u00e3o<\/figcaption><\/figure>\n<p class=\"wp-block-paragraph\">De acordo com a apura\u00e7\u00e3o do Acorda Cidade, o jovem morava em Am\u00e9lia Rodrigues e exercia a fun\u00e7\u00e3o de ajudante pr\u00e1tico de pr\u00e9-moldados na empresa. O acidente de trabalho foi registrado por volta das 10h20. O Servi\u00e7o de Atendimento M\u00f3vel de Urg\u00eancia (Samu 192) foi acionado logo ap\u00f3s o ocorrido, mas constatou o \u00f3bito no local.<\/p>\n<p class=\"wp-block-paragraph\">O corpo de Marlon Amorim foi removido para o necrot\u00e9rio do Hospital Geral Cl\u00e9riston Andrade (HGCA). Uma equipe da Auditoria-Fiscal do Trabalho esteve na empresa para a ado\u00e7\u00e3o das medidas cab\u00edveis.<\/p>\n<p class=\"wp-block-paragraph\"><strong>*Mat\u00e9ria em atualiza\u00e7\u00e3o<\/strong><\/p>\n<p class=\"wp-block-paragraph\"><em>Com informa\u00e7\u00f5es de Ed Santos, rep\u00f3rter do Acorda Cidade.<\/em><\/p>\n<p class=\"wp-block-paragraph\"><em>Siga o Acorda Cidade no\u00a0<\/em><a href=\"https:\/\/news.google.com\/search?q=acorda%20cidade&amp;hl=pt-BR&amp;gl=BR&amp;ceid=BR%3Apt-419\"><strong><em>Google Not\u00edcias<\/em><\/strong><\/a><em>\u00a0e receba os principais destaques do dia. Participe tamb\u00e9m dos nossos canais no\u00a0<\/em><a href=\"https:\/\/whatsapp.com\/channel\/0029Va6Rb4v3WHTNnsh8WI3N\"><strong><em>WhatsApp<\/em><\/strong><\/a><em>\u00a0e\u00a0<\/em><a href=\"https:\/\/www.youtube.com\/@acordacidadenoticias\/videos\"><strong>YouTube<\/strong><\/a><em>\u00a0e do grupo no\u00a0<\/em><a href=\"https:\/\/t.me\/+sSz0khrgARA0ZmRh\"><strong><em>Telegram<\/em><\/strong><\/a><em>.<\/em><\/p>\n<\/div>\n","protected":false},"excerpt":{"rendered":"<p>Marlon Amorim de Souza | Foto: Reprodu\u00e7\u00e3o Marlon Amorim de Souza, de 22 anos, morreu<\/p>\n","protected":false},"author":1,"featured_media":148722,"comment_status":"closed","ping_status":"closed","sticky":false,"template":"","format":"gallery","meta":{"footnotes":""},"categories":[8,9,6,57,56,10],"tags":[],"class_list":["post-148721","post","type-post","status-publish","format-gallery","has-post-thumbnail","hentry","category-bahia","category-brasil","category-feira-de-santana","category-mundo","category-policia","category-politica","post_format-post-format-gallery"],"featured_image_urls":{"full":["https:\/\/noticiasbahia360.com.br\/wp-content\/uploads\/2026\/09\/Marlon-Amorim-de-Souza-Foto-Reproducao-030926.jpg",1200,874,false],"thumbnail":["https:\/\/noticiasbahia360.com.br\/wp-content\/uploads\/2026\/09\/Marlon-Amorim-de-Souza-Foto-Reproducao-030926-150x150.jpg",150,150,true],"medium":["https:\/\/noticiasbahia360.com.br\/wp-content\/uploads\/2026\/09\/Marlon-Amorim-de-Souza-Foto-Reproducao-030926-300x219.jpg",300,219,true],"medium_large":["https:\/\/noticiasbahia360.com.br\/wp-content\/uploads\/2026\/09\/Marlon-Amorim-de-Souza-Foto-Reproducao-030926-768x559.jpg",640,466,true],"large":["https:\/\/noticiasbahia360.com.br\/wp-content\/uploads\/2026\/09\/Marlon-Amorim-de-Souza-Foto-Reproducao-030926-1024x746.jpg",640,466,true],"1536x1536":["https:\/\/noticiasbahia360.com.br\/wp-content\/uploads\/2026\/09\/Marlon-Amorim-de-Souza-Foto-Reproducao-030926.jpg",1200,874,false],"2048x2048":["https:\/\/noticiasbahia360.com.br\/wp-content\/uploads\/2026\/09\/Marlon-Amorim-de-Souza-Foto-Reproducao-030926.jpg",1200,874,false],"chromenews-featured":["https:\/\/noticiasbahia360.com.br\/wp-content\/uploads\/2026\/09\/Marlon-Amorim-de-Souza-Foto-Reproducao-030926-1024x746.jpg",1024,746,true],"chromenews-large":["https:\/\/noticiasbahia360.com.br\/wp-content\/uploads\/2026\/09\/Marlon-Amorim-de-Souza-Foto-Reproducao-030926-825x575.jpg",825,575,true],"chromenews-medium":["https:\/\/noticiasbahia360.com.br\/wp-content\/uploads\/2026\/09\/Marlon-Amorim-de-Souza-Foto-Reproducao-030926-590x410.jpg",590,410,true]},"author_info":{"display_name":"noticiasbahia360.com.br","author_link":"https:\/\/noticiasbahia360.com.br\/?author=1"},"category_info":"<a href=\"https:\/\/noticiasbahia360.com.br\/?cat=8\" rel=\"category\">Bahia<\/a> <a href=\"https:\/\/noticiasbahia360.com.br\/?cat=9\" rel=\"category\">Brasil<\/a> <a href=\"https:\/\/noticiasbahia360.com.br\/?cat=6\" rel=\"category\">Feira de Santana<\/a> <a href=\"https:\/\/noticiasbahia360.com.br\/?cat=57\" rel=\"category\">Mundo<\/a> <a href=\"https:\/\/noticiasbahia360.com.br\/?cat=56\" rel=\"category\">Pol\u00edcia<\/a> <a href=\"https:\/\/noticiasbahia360.com.br\/?cat=10\" rel=\"category\">Pol\u00edtica<\/a>","tag_info":"Pol\u00edtica","comment_count":"0","_links":{"self":[{"href":"https:\/\/noticiasbahia360.com.br\/index.php?rest_route=\/wp\/v2\/posts\/148721","targetHints":{"allow":["GET"]}}],"collection":[{"href":"https:\/\/noticiasbahia360.com.br\/index.php?rest_route=\/wp\/v2\/posts"}],"about":[{"href":"https:\/\/noticiasbahia360.com.br\/index.php?rest_route=\/wp\/v2\/types\/post"}],"author":[{"embeddable":true,"href":"https:\/\/noticiasbahia360.com.br\/index.php?rest_route=\/wp\/v2\/users\/1"}],"replies":[{"embeddable":true,"href":"https:\/\/noticiasbahia360.com.br\/index.php?rest_route=%2Fwp%2Fv2%2Fcomments&post=148721"}],"version-history":[{"count":0,"href":"https:\/\/noticiasbahia360.com.br\/index.php?rest_route=\/wp\/v2\/posts\/148721\/revisions"}],"wp:featuredmedia":[{"embeddable":true,"href":"https:\/\/noticiasbahia360.com.br\/index.php?rest_route=\/wp\/v2\/media\/148722"}],"wp:attachment":[{"href":"https:\/\/noticiasbahia360.com.br\/index.php?rest_route=%2Fwp%2Fv2%2Fmedia&parent=148721"}],"wp:term":[{"taxonomy":"category","embeddable":true,"href":"https:\/\/noticiasbahia360.com.br\/index.php?rest_route=%2Fwp%2Fv2%2Fcategories&post=148721"},{"taxonomy":"post_tag","embeddable":true,"href":"https:\/\/noticiasbahia360.com.br\/index.php?rest_route=%2Fwp%2Fv2%2Ftags&post=148721"}],"curies":[{"name":"wp","href":"https:\/\/api.w.org\/{rel}","templated":true}]}}