{"id":148726,"date":"2026-09-03T16:04:37","date_gmt":"2026-09-03T19:04:37","guid":{"rendered":"https:\/\/noticiasbahia360.com.br\/?p=148726"},"modified":"2026-09-03T16:04:37","modified_gmt":"2026-09-03T19:04:37","slug":"caminhao-tomba-na-br-324-em-conceicao-do-jacuipe-apos-acidente-carga-e-completamente-saqueada","status":"publish","type":"post","link":"https:\/\/noticiasbahia360.com.br\/?p=148726","title":{"rendered":"Caminh\u00e3o tomba na BR-324 em Concei\u00e7\u00e3o do Jacu\u00edpe; ap\u00f3s acidente carga \u00e9 completamente saqueada"},"content":{"rendered":"<div>\n<div>\n<figure><img decoding=\"async\" src=\"http:\/\/noticiasbahia360.com.br\/wp-content\/uploads\/2026\/09\/Caminhao-tombou-na-BR-324.webp\" alt=\"Caminh\u00e3o tomba na BR-324 em Concei\u00e7\u00e3o do Jacu\u00edpe; ap\u00f3s acidente carga \u00e9 saqueada\"><figcaption>Foto: Divulga\u00e7\u00e3o\/PRF<\/figcaption><\/figure>\n<\/div>\n<p class=\"wp-block-paragraph\">Um caminh\u00e3o-ba\u00fa que transportava uma carga diversificada tombou na noite de quarta-feira (2), na BR-324, no trecho do distrito do Bessa, no Km 535, em Concei\u00e7\u00e3o do Jacu\u00edpe, sentido Feira de Santana.<\/p>\n<p class=\"wp-block-paragraph\">Como o Acorda Cidade j\u00e1 mostrou, a regi\u00e3o onde ocorreu o acidente \u00e9 bastante perigosa. No \u00faltimo dia 7 de agosto um <a href=\"https:\/\/www.acordacidade.com.br\/bahia\/caminhao-tomba-na-br-324-e-causa-engarrafamento-sentido-a-feira-de-santana\/\" data-type=\"link\" data-id=\"https:\/\/www.acordacidade.com.br\/bahia\/caminhao-tomba-na-br-324-e-causa-engarrafamento-sentido-a-feira-de-santana\/\">caminh\u00e3o carregado de botij\u00f5es de g\u00e1s tamb\u00e9m tombou<\/a> no mesmo Km 535.<\/p>\n<p class=\"wp-block-paragraph\">Segundo informa\u00e7\u00f5es da Pol\u00edcia Rodovi\u00e1ria Federal (PRF) sobre este novo acidente, o ve\u00edculo transportava encomendas, mas os agentes n\u00e3o confirmaram quais produtos estavam inclu\u00eddos na carga. Quando a PRF chegou ao local, a carga j\u00e1 havia sido completamente saqueada. <\/p>\n<p class=\"wp-block-paragraph\">Ap\u00f3s o tombamento, registrado por volta das 8h50, parte da carga ficou espalhada. Pessoas que estavam nas proximidades foram at\u00e9 o local e retiraram diversos produtos.<\/p>\n<figure class=\"wp-block-image size-full\"><img fetchpriority=\"high\" decoding=\"async\" width=\"1200\" height=\"819\" src=\"http:\/\/noticiasbahia360.com.br\/wp-content\/uploads\/2026\/09\/Caminhao-tombou-na-BR-324-.webp\" alt=\"Caminh\u00e3o tomba na BR-324 em Concei\u00e7\u00e3o do Jacu\u00edpe; ap\u00f3s acidente carga \u00e9 saqueada\" class=\"wp-image-687698\" srcset=\"http:\/\/noticiasbahia360.com.br\/wp-content\/uploads\/2026\/09\/Caminhao-tombou-na-BR-324-.webp 1200w, https:\/\/uploads.acordacidade.com.br\/2026\/09\/Caminhao-tombou-na-BR-324--750x512.webp 750w, https:\/\/uploads.acordacidade.com.br\/2026\/09\/Caminhao-tombou-na-BR-324--1000x683.webp 1000w, https:\/\/uploads.acordacidade.com.br\/2026\/09\/Caminhao-tombou-na-BR-324--450x307.webp 450w, https:\/\/uploads.acordacidade.com.br\/2026\/09\/Caminhao-tombou-na-BR-324--150x102.webp 150w\" sizes=\"(max-width: 1200px) 100vw, 1200px\"><figcaption class=\"wp-element-caption\">Foto: Divulga\u00e7\u00e3o\/PRF<\/figcaption><\/figure>\n<p class=\"wp-block-paragraph\">Segundo as imagens do momento dos saques, divulgadas nas redes sociais, entre os produtos estavam medicamentos, incluindo <strong>canetas emagrecedoras, al\u00e9m de aparelhos para aferi\u00e7\u00e3o da press\u00e3o arterial, televisores, materiais hospitalares, pap\u00e9is destinados a casas lot\u00e9ricas e envelopes utilizados para dep\u00f3sitos.<\/strong><\/p>\n<p class=\"wp-block-paragraph\">O acidente aconteceu nas proximidades da passarela do Bessa. At\u00e9 o momento, n\u00e3o foram divulgadas informa\u00e7\u00f5es sobre a din\u00e2mica do tombamento ou sobre poss\u00edveis feridos.<\/p>\n<p class=\"wp-block-paragraph\"><em>Com informa\u00e7\u00f5es da produtora Daniela Cardoso, do Acorda Cidade.<\/em><\/p>\n<p class=\"wp-block-paragraph\"><strong>Leia tamb\u00e9m: <\/strong><\/p>\n<p class=\"wp-block-paragraph\"><strong><a href=\"https:\/\/www.acordacidade.com.br\/bahia\/caminhao-tomba-na-br-324-e-causa-engarrafamento-sentido-a-feira-de-santana\/\" data-type=\"link\" data-id=\"https:\/\/www.acordacidade.com.br\/bahia\/caminhao-tomba-na-br-324-e-causa-engarrafamento-sentido-a-feira-de-santana\/\">Caminh\u00e3o tomba na BR-324 e causa engarrafamento sentido a Feira de Santana<\/a><\/strong><\/p>\n<p class=\"wp-block-paragraph\"><a href=\"https:\/\/www.acordacidade.com.br\/feira-de-santana\/trecho-da-br-324-entre-feira-de-santana-e-amelia-rodrigues-registra-quatro-acidentes-graves-em-uma-semana\/\"><strong>Trecho da BR-324 entre Feira de Santana e Am\u00e9lia Rodrigues registra quatro acidentes graves em uma semana<\/strong><\/a><\/p>\n<p class=\"wp-block-paragraph\"><em>Siga o Acorda Cidade no\u00a0<\/em><a href=\"https:\/\/news.google.com\/search?q=acorda%20cidade&amp;hl=pt-BR&amp;gl=BR&amp;ceid=BR%3Apt-419\"><strong><em>Google Not\u00edcias<\/em><\/strong><\/a><em>\u00a0e receba os principais destaques do dia. Participe tamb\u00e9m dos nossos canais no\u00a0<\/em><a href=\"https:\/\/www.whatsapp.com\/channel\/0029Va6Rb4v3WHTNnsh8WI3N\"><strong><em>WhatsApp<\/em><\/strong><\/a><em>\u00a0e\u00a0<\/em><a href=\"https:\/\/www.youtube.com\/@acordacidadenoticias\/videos\"><strong>YouTube<\/strong><\/a><em>\u00a0e grupo de\u00a0<\/em><a href=\"https:\/\/t.me\/+sSz0khrgARA0ZmRh\"><strong><em>Telegram<\/em><\/strong><\/a><em>.<\/em><\/p>\n<\/div>\n","protected":false},"excerpt":{"rendered":"<p>Foto: Divulga\u00e7\u00e3o\/PRF Um caminh\u00e3o-ba\u00fa que transportava uma carga diversificada tombou na noite de quarta-feira (2),<\/p>\n","protected":false},"author":1,"featured_media":148727,"comment_status":"closed","ping_status":"closed","sticky":false,"template":"","format":"gallery","meta":{"footnotes":""},"categories":[8,9,6,57,56,10],"tags":[],"class_list":["post-148726","post","type-post","status-publish","format-gallery","has-post-thumbnail","hentry","category-bahia","category-brasil","category-feira-de-santana","category-mundo","category-policia","category-politica","post_format-post-format-gallery"],"featured_image_urls":{"full":["https:\/\/noticiasbahia360.com.br\/wp-content\/uploads\/2026\/09\/Caminhao-tombou-na-BR-324.webp",1200,900,false],"thumbnail":["https:\/\/noticiasbahia360.com.br\/wp-content\/uploads\/2026\/09\/Caminhao-tombou-na-BR-324-150x150.webp",150,150,true],"medium":["https:\/\/noticiasbahia360.com.br\/wp-content\/uploads\/2026\/09\/Caminhao-tombou-na-BR-324-300x225.webp",300,225,true],"medium_large":["https:\/\/noticiasbahia360.com.br\/wp-content\/uploads\/2026\/09\/Caminhao-tombou-na-BR-324-768x576.webp",640,480,true],"large":["https:\/\/noticiasbahia360.com.br\/wp-content\/uploads\/2026\/09\/Caminhao-tombou-na-BR-324-1024x768.webp",640,480,true],"1536x1536":["https:\/\/noticiasbahia360.com.br\/wp-content\/uploads\/2026\/09\/Caminhao-tombou-na-BR-324.webp",1200,900,false],"2048x2048":["https:\/\/noticiasbahia360.com.br\/wp-content\/uploads\/2026\/09\/Caminhao-tombou-na-BR-324.webp",1200,900,false],"chromenews-featured":["https:\/\/noticiasbahia360.com.br\/wp-content\/uploads\/2026\/09\/Caminhao-tombou-na-BR-324-1024x768.webp",1024,768,true],"chromenews-large":["https:\/\/noticiasbahia360.com.br\/wp-content\/uploads\/2026\/09\/Caminhao-tombou-na-BR-324-825x575.webp",825,575,true],"chromenews-medium":["https:\/\/noticiasbahia360.com.br\/wp-content\/uploads\/2026\/09\/Caminhao-tombou-na-BR-324-590x410.webp",590,410,true]},"author_info":{"display_name":"noticiasbahia360.com.br","author_link":"https:\/\/noticiasbahia360.com.br\/?author=1"},"category_info":"<a href=\"https:\/\/noticiasbahia360.com.br\/?cat=8\" rel=\"category\">Bahia<\/a> <a href=\"https:\/\/noticiasbahia360.com.br\/?cat=9\" rel=\"category\">Brasil<\/a> <a href=\"https:\/\/noticiasbahia360.com.br\/?cat=6\" rel=\"category\">Feira de Santana<\/a> <a href=\"https:\/\/noticiasbahia360.com.br\/?cat=57\" rel=\"category\">Mundo<\/a> <a href=\"https:\/\/noticiasbahia360.com.br\/?cat=56\" rel=\"category\">Pol\u00edcia<\/a> <a href=\"https:\/\/noticiasbahia360.com.br\/?cat=10\" rel=\"category\">Pol\u00edtica<\/a>","tag_info":"Pol\u00edtica","comment_count":"0","_links":{"self":[{"href":"https:\/\/noticiasbahia360.com.br\/index.php?rest_route=\/wp\/v2\/posts\/148726","targetHints":{"allow":["GET"]}}],"collection":[{"href":"https:\/\/noticiasbahia360.com.br\/index.php?rest_route=\/wp\/v2\/posts"}],"about":[{"href":"https:\/\/noticiasbahia360.com.br\/index.php?rest_route=\/wp\/v2\/types\/post"}],"author":[{"embeddable":true,"href":"https:\/\/noticiasbahia360.com.br\/index.php?rest_route=\/wp\/v2\/users\/1"}],"replies":[{"embeddable":true,"href":"https:\/\/noticiasbahia360.com.br\/index.php?rest_route=%2Fwp%2Fv2%2Fcomments&post=148726"}],"version-history":[{"count":0,"href":"https:\/\/noticiasbahia360.com.br\/index.php?rest_route=\/wp\/v2\/posts\/148726\/revisions"}],"wp:featuredmedia":[{"embeddable":true,"href":"https:\/\/noticiasbahia360.com.br\/index.php?rest_route=\/wp\/v2\/media\/148727"}],"wp:attachment":[{"href":"https:\/\/noticiasbahia360.com.br\/index.php?rest_route=%2Fwp%2Fv2%2Fmedia&parent=148726"}],"wp:term":[{"taxonomy":"category","embeddable":true,"href":"https:\/\/noticiasbahia360.com.br\/index.php?rest_route=%2Fwp%2Fv2%2Fcategories&post=148726"},{"taxonomy":"post_tag","embeddable":true,"href":"https:\/\/noticiasbahia360.com.br\/index.php?rest_route=%2Fwp%2Fv2%2Ftags&post=148726"}],"curies":[{"name":"wp","href":"https:\/\/api.w.org\/{rel}","templated":true}]}}