{"id":148729,"date":"2026-09-03T16:04:39","date_gmt":"2026-09-03T19:04:39","guid":{"rendered":"https:\/\/noticiasbahia360.com.br\/?p=148729"},"modified":"2026-09-03T16:04:39","modified_gmt":"2026-09-03T19:04:39","slug":"homem-que-manteve-companheira-em-carcere-privado-e-preso-vitima-pediu-ajuda-com-um-bilhete","status":"publish","type":"post","link":"https:\/\/noticiasbahia360.com.br\/?p=148729","title":{"rendered":"Homem que manteve companheira em c\u00e1rcere privado \u00e9 preso; v\u00edtima pediu ajuda com um bilhete"},"content":{"rendered":"<div>\n<div>\n<figure><img decoding=\"async\" src=\"http:\/\/noticiasbahia360.com.br\/wp-content\/uploads\/2026\/09\/Homem-que-manteve-companheira-em-carcere-privado-e-preso-vitima-pediu-ajuda-com-um-bilhete-.jpg\" alt=\"Homem que manteve companheira em c\u00e1rcere privado \u00e9 preso; v\u00edtima pediu ajuda com um bilhete\"><figcaption>Foto: Reprodu\u00e7\u00e3o\/Ubat\u00e3 Not\u00edcias<\/figcaption><\/figure>\n<\/div>\n<p class=\"wp-block-paragraph\">Um homem, de 27 anos, foi preso em flagrante na quarta-feira (2), no distrito de Nova Palma, em Gongogi (BA), por manter a companheira, de 22 anos, em c\u00e1rcere privado e praticar viol\u00eancia dom\u00e9stica contra ela. A pris\u00e3o ocorreu durante o cumprimento de um <a href=\"https:\/\/www.acordacidade.com.br\/tag\/mandado-de-prisao\/\" data-type=\"post_tag\" data-id=\"36898\">mandado <\/a>de busca e apreens\u00e3o.<\/p>\n<p class=\"wp-block-paragraph\">Segundo as investiga\u00e7\u00f5es, a pris\u00e3o do suspeito ocorreu ap\u00f3s a mulher conseguir enviar um pedido de ajuda, por meio de um bilhete, para a professora do filho. Ao tomar conhecimento da situa\u00e7\u00e3o, policiais civis realizaram o monitoramento da movimenta\u00e7\u00e3o na resid\u00eancia da v\u00edtima e descobriram que a mulher n\u00e3o saia de casa, al\u00e9m de sofrer amea\u00e7as e agress\u00f5es por parte do companheiro. O homem foi conduzido \u00e0 delegacia, e a autoridade policial representou pela convers\u00e3o da pris\u00e3o em flagrante para preventiva.<\/p>\n<figure class=\"wp-block-image size-full\"><img fetchpriority=\"high\" decoding=\"async\" width=\"1200\" height=\"751\" src=\"http:\/\/noticiasbahia360.com.br\/wp-content\/uploads\/2026\/09\/Foto-do-bilhete.jpg\" alt=\"Foto do bilhete\" class=\"wp-image-687725\" srcset=\"http:\/\/noticiasbahia360.com.br\/wp-content\/uploads\/2026\/09\/Foto-do-bilhete.jpg 1200w, https:\/\/uploads.acordacidade.com.br\/2026\/09\/Foto-do-bilhete-750x469.jpg 750w, https:\/\/uploads.acordacidade.com.br\/2026\/09\/Foto-do-bilhete-1000x626.jpg 1000w, https:\/\/uploads.acordacidade.com.br\/2026\/09\/Foto-do-bilhete-450x282.jpg 450w, https:\/\/uploads.acordacidade.com.br\/2026\/09\/Foto-do-bilhete-150x94.jpg 150w\" sizes=\"(max-width: 1200px) 100vw, 1200px\"><figcaption class=\"wp-element-caption\">Foto: Pol\u00edcia Civil<\/figcaption><\/figure>\n<p class=\"wp-block-paragraph\">A a\u00e7\u00e3o foi realizada por equipes da Delegacia Territorial (DT\/Gongogi), unidade vinculada \u00e0 7\u00aa Coordenadoria Regional de Pol\u00edcia do Interior (7\u00aa Coorpin\/Ilh\u00e9us), do Departamento de Pol\u00edcia do Interior (Depin).<\/p>\n<p class=\"wp-block-paragraph\"><em>Siga o Acorda Cidade no\u00a0<\/em><a href=\"https:\/\/news.google.com\/search?q=acorda%20cidade&amp;hl=pt-BR&amp;gl=BR&amp;ceid=BR%3Apt-419\"><strong><em>Google Not\u00edcias<\/em><\/strong><\/a><em>\u00a0e receba os principais destaques do dia. Participe tamb\u00e9m dos nossos canais no\u00a0<\/em><a href=\"https:\/\/whatsapp.com\/channel\/0029Va6Rb4v3WHTNnsh8WI3N\"><strong><em>WhatsApp<\/em><\/strong><\/a><em>\u00a0e\u00a0<\/em><a href=\"https:\/\/www.youtube.com\/@acordacidadenoticias\/videos\"><strong>YouTube<\/strong><\/a><em>\u00a0e do grupo no\u00a0<\/em><a href=\"https:\/\/t.me\/+sSz0khrgARA0ZmRh\"><strong><em>Telegram<\/em><\/strong><\/a><em>.<\/em><\/p>\n<\/div>\n","protected":false},"excerpt":{"rendered":"<p>Foto: Reprodu\u00e7\u00e3o\/Ubat\u00e3 Not\u00edcias Um homem, de 27 anos, foi preso em flagrante na quarta-feira (2),<\/p>\n","protected":false},"author":1,"featured_media":148730,"comment_status":"closed","ping_status":"closed","sticky":false,"template":"","format":"gallery","meta":{"footnotes":""},"categories":[8,9,6,57,56,10],"tags":[],"class_list":["post-148729","post","type-post","status-publish","format-gallery","has-post-thumbnail","hentry","category-bahia","category-brasil","category-feira-de-santana","category-mundo","category-policia","category-politica","post_format-post-format-gallery"],"featured_image_urls":{"full":["https:\/\/noticiasbahia360.com.br\/wp-content\/uploads\/2026\/09\/Homem-que-manteve-companheira-em-carcere-privado-e-preso-vitima-pediu-ajuda-com-um-bilhete-.jpg",1200,862,false],"thumbnail":["https:\/\/noticiasbahia360.com.br\/wp-content\/uploads\/2026\/09\/Homem-que-manteve-companheira-em-carcere-privado-e-preso-vitima-pediu-ajuda-com-um-bilhete--150x150.jpg",150,150,true],"medium":["https:\/\/noticiasbahia360.com.br\/wp-content\/uploads\/2026\/09\/Homem-que-manteve-companheira-em-carcere-privado-e-preso-vitima-pediu-ajuda-com-um-bilhete--300x216.jpg",300,216,true],"medium_large":["https:\/\/noticiasbahia360.com.br\/wp-content\/uploads\/2026\/09\/Homem-que-manteve-companheira-em-carcere-privado-e-preso-vitima-pediu-ajuda-com-um-bilhete--768x552.jpg",640,460,true],"large":["https:\/\/noticiasbahia360.com.br\/wp-content\/uploads\/2026\/09\/Homem-que-manteve-companheira-em-carcere-privado-e-preso-vitima-pediu-ajuda-com-um-bilhete--1024x736.jpg",640,460,true],"1536x1536":["https:\/\/noticiasbahia360.com.br\/wp-content\/uploads\/2026\/09\/Homem-que-manteve-companheira-em-carcere-privado-e-preso-vitima-pediu-ajuda-com-um-bilhete-.jpg",1200,862,false],"2048x2048":["https:\/\/noticiasbahia360.com.br\/wp-content\/uploads\/2026\/09\/Homem-que-manteve-companheira-em-carcere-privado-e-preso-vitima-pediu-ajuda-com-um-bilhete-.jpg",1200,862,false],"chromenews-featured":["https:\/\/noticiasbahia360.com.br\/wp-content\/uploads\/2026\/09\/Homem-que-manteve-companheira-em-carcere-privado-e-preso-vitima-pediu-ajuda-com-um-bilhete--1024x736.jpg",1024,736,true],"chromenews-large":["https:\/\/noticiasbahia360.com.br\/wp-content\/uploads\/2026\/09\/Homem-que-manteve-companheira-em-carcere-privado-e-preso-vitima-pediu-ajuda-com-um-bilhete--825x575.jpg",825,575,true],"chromenews-medium":["https:\/\/noticiasbahia360.com.br\/wp-content\/uploads\/2026\/09\/Homem-que-manteve-companheira-em-carcere-privado-e-preso-vitima-pediu-ajuda-com-um-bilhete--590x410.jpg",590,410,true]},"author_info":{"display_name":"noticiasbahia360.com.br","author_link":"https:\/\/noticiasbahia360.com.br\/?author=1"},"category_info":"<a href=\"https:\/\/noticiasbahia360.com.br\/?cat=8\" rel=\"category\">Bahia<\/a> <a href=\"https:\/\/noticiasbahia360.com.br\/?cat=9\" rel=\"category\">Brasil<\/a> <a href=\"https:\/\/noticiasbahia360.com.br\/?cat=6\" rel=\"category\">Feira de Santana<\/a> <a href=\"https:\/\/noticiasbahia360.com.br\/?cat=57\" rel=\"category\">Mundo<\/a> <a href=\"https:\/\/noticiasbahia360.com.br\/?cat=56\" rel=\"category\">Pol\u00edcia<\/a> <a href=\"https:\/\/noticiasbahia360.com.br\/?cat=10\" rel=\"category\">Pol\u00edtica<\/a>","tag_info":"Pol\u00edtica","comment_count":"0","_links":{"self":[{"href":"https:\/\/noticiasbahia360.com.br\/index.php?rest_route=\/wp\/v2\/posts\/148729","targetHints":{"allow":["GET"]}}],"collection":[{"href":"https:\/\/noticiasbahia360.com.br\/index.php?rest_route=\/wp\/v2\/posts"}],"about":[{"href":"https:\/\/noticiasbahia360.com.br\/index.php?rest_route=\/wp\/v2\/types\/post"}],"author":[{"embeddable":true,"href":"https:\/\/noticiasbahia360.com.br\/index.php?rest_route=\/wp\/v2\/users\/1"}],"replies":[{"embeddable":true,"href":"https:\/\/noticiasbahia360.com.br\/index.php?rest_route=%2Fwp%2Fv2%2Fcomments&post=148729"}],"version-history":[{"count":0,"href":"https:\/\/noticiasbahia360.com.br\/index.php?rest_route=\/wp\/v2\/posts\/148729\/revisions"}],"wp:featuredmedia":[{"embeddable":true,"href":"https:\/\/noticiasbahia360.com.br\/index.php?rest_route=\/wp\/v2\/media\/148730"}],"wp:attachment":[{"href":"https:\/\/noticiasbahia360.com.br\/index.php?rest_route=%2Fwp%2Fv2%2Fmedia&parent=148729"}],"wp:term":[{"taxonomy":"category","embeddable":true,"href":"https:\/\/noticiasbahia360.com.br\/index.php?rest_route=%2Fwp%2Fv2%2Fcategories&post=148729"},{"taxonomy":"post_tag","embeddable":true,"href":"https:\/\/noticiasbahia360.com.br\/index.php?rest_route=%2Fwp%2Fv2%2Ftags&post=148729"}],"curies":[{"name":"wp","href":"https:\/\/api.w.org\/{rel}","templated":true}]}}