{"id":148732,"date":"2026-09-03T16:04:41","date_gmt":"2026-09-03T19:04:41","guid":{"rendered":"https:\/\/noticiasbahia360.com.br\/?p=148732"},"modified":"2026-09-03T16:04:41","modified_gmt":"2026-09-03T19:04:41","slug":"mae-e-padrasto-sao-presos-suspeitos-de-torturar-bebe-de-1-ano-por-quatro-meses-em-sp","status":"publish","type":"post","link":"https:\/\/noticiasbahia360.com.br\/?p=148732","title":{"rendered":"M\u00e3e e padrasto s\u00e3o presos suspeitos de torturar beb\u00ea de 1 ano por quatro meses em SP"},"content":{"rendered":"<div>\n<div>\n<figure><img decoding=\"async\" src=\"http:\/\/noticiasbahia360.com.br\/wp-content\/uploads\/2026\/09\/mae-e-padastro-presos-tortura-bebe.jpg\" alt=\"M\u00e3e e padrasto s\u00e3o presos suspeitos de torturar beb\u00ea de 1 ano por quatro meses em SP\"><figcaption>M\u00e3e e padrasto s\u00e3o suspeitos de agredir crian\u00e7a com colher de pau e colocar rosto da crian\u00e7a em bacia de \u00e1gua quente em S\u00e3o Jo\u00e3o da Boa Vista (SP) \u2014 Foto: Pol\u00edcia Civil\/Divulga\u00e7\u00e3o<\/figcaption><\/figure>\n<\/div>\n<p class=\"wp-block-paragraph\">O delegado Fabiano Antunes de Almeida, respons\u00e1vel pela investiga\u00e7\u00e3o das viol\u00eancias sofridas por um beb\u00ea de 1 ano,\u00a0que foi torturado pela pr\u00f3pria m\u00e3e, de 20 anos, e pelo padrasto, de 33,\u00a0em\u00a0S\u00e3o Jo\u00e3o da Boa Vista\u00a0(SP), relatou que os laudos periciais<strong>\u00a0revelaram o \u2018cen\u00e1rio de terror\u2019 que a crian\u00e7a passava.<\/strong><\/p>\n<p class=\"wp-block-paragraph\">O casal foi preso preventivamente na segunda-feira (31) por\u00a0<strong>tortura e tentativa de homic\u00eddio<\/strong>\u00a0e permaneceu \u00e0 disposi\u00e7\u00e3o da Justi\u00e7a ap\u00f3s a audi\u00eancia de cust\u00f3dia na ter\u00e7a-feira (1\u00ba). A viol\u00eancia durou, pelo menos, quatro meses.<\/p>\n<p class=\"wp-block-paragraph\">As identidades dos suspeitos n\u00e3o foram divulgadas. A defesa do casal informou \u00e0 reportagem da\u00a0<strong>EPTV<\/strong>, afiliada da TV Globo, que n\u00e3o teve acesso aos laudos que resultaram na pris\u00e3o e que vai demonstrar a realidade do ocorrido no processo. O caso est\u00e1 em segredo de Justi\u00e7a.<\/p>\n<h2 id=\"h-violencia-fisica-e-psicologica\" class=\"wp-block-heading\">Viol\u00eancia f\u00edsica e psicol\u00f3gica<\/h2>\n<p class=\"wp-block-paragraph\">Ap\u00f3s a investiga\u00e7\u00e3o, depoimentos de testemunhas, an\u00e1lise de documentos m\u00e9dicos, exames periciais e extra\u00e7\u00e3o de dados dos aparelhos celulares dos investigados, a pol\u00edcia concluiu que a crian\u00e7a era submetida a epis\u00f3dios de viol\u00eancia f\u00edsica e psicol\u00f3gica, como ser agredida com colher de pau, ser obrigada a fazer caminhadas for\u00e7adas e\u00a0ter o rosto submerso em bacia com \u00e1gua quente.<\/p>\n<p class=\"wp-block-paragraph\">\u201cEstamos ainda fazendo a an\u00e1lise do material restante dos aparelhos celulares, vamos fazer uma outra an\u00e1lise de outros celulares que foram apreendidos. Temos exames periciais realizados no apartamento do casal e temos que fazer algumas oitivas ainda para elucidar alguns pontos\u00a0<strong>e, ao final, vamos fazer o interrogat\u00f3rio do casal<\/strong>\u201c, explicou o delegado.<\/p>\n<h2 id=\"h-traumatismo-craniano\" class=\"wp-block-heading\">Traumatismo craniano<\/h2>\n<p class=\"wp-block-paragraph\">O epis\u00f3dio de viol\u00eancia mais grave ocorreu em 19 de junho, quando a crian\u00e7a apresentou\u00a0<strong>traumatismo craniano grave, hematoma subdural\u00a0<\/strong>\u2013 que \u00e9 o ac\u00famulo de sangue entre a superf\u00edcie do c\u00e9rebro e a dura-m\u00e1ter, a membrana externa e resistente que reveste o c\u00e9rebro, e\u00a0<strong>extensas hemorragias retinianas<\/strong>\u00a0\u2013 sangramento na retina ou interior dos olhos.<\/p>\n<p class=\"wp-block-paragraph\">A crian\u00e7a foi socorrida pelo Servi\u00e7o de Atendimento M\u00e9dico de Urg\u00eancia (Samu) e levada \u00e0 Santa Casa de S\u00e3o Jo\u00e3o da Boa Vista com\u00a0<strong>rebaixamento extremo do n\u00edvel de consci\u00eancia, evoluindo para parada cardiorrespirat\u00f3ria<\/strong>, sendo necess\u00e1ria transfer\u00eancia para interna\u00e7\u00e3o na Unidade de Terapia Intensiva (UTI) em um hospital de Campinas.<\/p>\n<figure class=\"wp-block-image size-full\"><img fetchpriority=\"high\" fetchpriority=\"high\" decoding=\"async\" width=\"1200\" height=\"698\" src=\"http:\/\/noticiasbahia360.com.br\/wp-content\/uploads\/2026\/09\/delegado-fala-sobre-tortura-bebe.jpg\" alt=\"M\u00e3e e padrasto s\u00e3o presos suspeitos de torturar beb\u00ea de 1 ano por quatro meses em SP\" class=\"wp-image-687723\" srcset=\"http:\/\/noticiasbahia360.com.br\/wp-content\/uploads\/2026\/09\/delegado-fala-sobre-tortura-bebe.jpg 1200w, https:\/\/uploads.acordacidade.com.br\/2026\/09\/delegado-fala-sobre-tortura-bebe-750x436.jpg 750w, https:\/\/uploads.acordacidade.com.br\/2026\/09\/delegado-fala-sobre-tortura-bebe-1000x582.jpg 1000w, https:\/\/uploads.acordacidade.com.br\/2026\/09\/delegado-fala-sobre-tortura-bebe-450x262.jpg 450w, https:\/\/uploads.acordacidade.com.br\/2026\/09\/delegado-fala-sobre-tortura-bebe-150x87.jpg 150w\" sizes=\"(max-width: 1200px) 100vw, 1200px\"><figcaption class=\"wp-element-caption\">O delegado Fabiano Antunes de Almeida fala sobre tortura de beb\u00ea; pol\u00edcia apreendeu celulares e outros objetos de m\u00e3e e padrasto em S\u00e3o Jo\u00e3o da Boa Vista (SP) \u2014 Foto: Reprodu\u00e7\u00e3o\/EPTV<\/figcaption><\/figure>\n<p class=\"wp-block-paragraph\">Ap\u00f3s um m\u00eas internado, o menino teve alta hospitalar e ficou sob os cuidados do pai,\u00a0que afirmou ter chorado bastante ao saber da situa\u00e7\u00e3o enfrentada pelo filho.<\/p>\n<blockquote class=\"wp-block-quote is-layout-flow wp-block-quote-is-layout-flow\">\n<p class=\"wp-block-paragraph\">\u201cN\u00f3s fizemos uma busca preliminar na casa do casal, visando fazer uma per\u00edcia. Constatamos a incompatibilidade da tese apresentada da queda da cama e as fraturas que essa crian\u00e7a sofreu na cabe\u00e7a, um trauma grave. E fizemos a apreens\u00e3o, algumas apreens\u00f5es, inclusive de telefones celulares\u00a0e com as vindas dos laudos que se vislumbrou realmente<strong>\u00a0o cen\u00e1rio de terror<\/strong>\u00a0que essa crian\u00e7a passava\u201d, disse o delegado.<\/p>\n<\/blockquote>\n<h2 class=\"wp-block-heading\">Entenda o caso<\/h2>\n<p class=\"wp-block-paragraph\">A Pol\u00edcia Civil investiga o caso e afirma que o beb\u00ea teria sido v\u00edtima de agress\u00f5es durante, pelo menos, quatro meses. O epis\u00f3dio mais grave teria ocorrido em 19 de junho, quando a crian\u00e7a sofreu um traumatismo craniano grave.<\/p>\n<p class=\"wp-block-paragraph\">Segundo as investiga\u00e7\u00f5es, o casal teria alegado que o menino havia ca\u00eddo da cama. O m\u00e9dico que atendeu a crian\u00e7a, no entanto, teria identificado que os ferimentos eram incompat\u00edveis com a vers\u00e3o apresentada.<\/p>\n<p class=\"wp-block-paragraph\"><em>Fonte: g1<\/em><\/p>\n<p class=\"wp-block-paragraph\"><em>Siga o Acorda Cidade no\u00a0<\/em><a href=\"https:\/\/news.google.com\/search?q=acorda%20cidade&amp;hl=pt-BR&amp;gl=BR&amp;ceid=BR%3Apt-419\"><strong><em>Google Not\u00edcias<\/em><\/strong><\/a><em>\u00a0e receba os principais destaques do dia. Participe tamb\u00e9m dos nossos canais no\u00a0<\/em><a href=\"https:\/\/www.whatsapp.com\/channel\/0029Va6Rb4v3WHTNnsh8WI3N\"><strong><em>WhatsApp<\/em><\/strong><\/a><em>\u00a0e\u00a0<\/em><a href=\"https:\/\/www.youtube.com\/@acordacidadenoticias\/videos\"><strong>YouTube<\/strong><\/a><em>\u00a0e grupo de\u00a0<\/em><a href=\"https:\/\/t.me\/+sSz0khrgARA0ZmRh\"><strong><em>Telegram<\/em><\/strong><\/a><em>.<\/em><\/p>\n<\/div>\n","protected":false},"excerpt":{"rendered":"<p>M\u00e3e e padrasto s\u00e3o suspeitos de agredir crian\u00e7a com colher de pau e colocar rosto<\/p>\n","protected":false},"author":1,"featured_media":148733,"comment_status":"closed","ping_status":"closed","sticky":false,"template":"","format":"gallery","meta":{"footnotes":""},"categories":[8,9,6,57,56,10],"tags":[],"class_list":["post-148732","post","type-post","status-publish","format-gallery","has-post-thumbnail","hentry","category-bahia","category-brasil","category-feira-de-santana","category-mundo","category-policia","category-politica","post_format-post-format-gallery"],"featured_image_urls":{"full":["https:\/\/noticiasbahia360.com.br\/wp-content\/uploads\/2026\/09\/mae-e-padastro-presos-tortura-bebe.jpg",1200,677,false],"thumbnail":["https:\/\/noticiasbahia360.com.br\/wp-content\/uploads\/2026\/09\/mae-e-padastro-presos-tortura-bebe-150x150.jpg",150,150,true],"medium":["https:\/\/noticiasbahia360.com.br\/wp-content\/uploads\/2026\/09\/mae-e-padastro-presos-tortura-bebe-300x169.jpg",300,169,true],"medium_large":["https:\/\/noticiasbahia360.com.br\/wp-content\/uploads\/2026\/09\/mae-e-padastro-presos-tortura-bebe-768x433.jpg",640,361,true],"large":["https:\/\/noticiasbahia360.com.br\/wp-content\/uploads\/2026\/09\/mae-e-padastro-presos-tortura-bebe-1024x578.jpg",640,361,true],"1536x1536":["https:\/\/noticiasbahia360.com.br\/wp-content\/uploads\/2026\/09\/mae-e-padastro-presos-tortura-bebe.jpg",1200,677,false],"2048x2048":["https:\/\/noticiasbahia360.com.br\/wp-content\/uploads\/2026\/09\/mae-e-padastro-presos-tortura-bebe.jpg",1200,677,false],"chromenews-featured":["https:\/\/noticiasbahia360.com.br\/wp-content\/uploads\/2026\/09\/mae-e-padastro-presos-tortura-bebe-1024x578.jpg",1024,578,true],"chromenews-large":["https:\/\/noticiasbahia360.com.br\/wp-content\/uploads\/2026\/09\/mae-e-padastro-presos-tortura-bebe-825x575.jpg",825,575,true],"chromenews-medium":["https:\/\/noticiasbahia360.com.br\/wp-content\/uploads\/2026\/09\/mae-e-padastro-presos-tortura-bebe-590x410.jpg",590,410,true]},"author_info":{"display_name":"noticiasbahia360.com.br","author_link":"https:\/\/noticiasbahia360.com.br\/?author=1"},"category_info":"<a href=\"https:\/\/noticiasbahia360.com.br\/?cat=8\" rel=\"category\">Bahia<\/a> <a href=\"https:\/\/noticiasbahia360.com.br\/?cat=9\" rel=\"category\">Brasil<\/a> <a href=\"https:\/\/noticiasbahia360.com.br\/?cat=6\" rel=\"category\">Feira de Santana<\/a> <a href=\"https:\/\/noticiasbahia360.com.br\/?cat=57\" rel=\"category\">Mundo<\/a> <a href=\"https:\/\/noticiasbahia360.com.br\/?cat=56\" rel=\"category\">Pol\u00edcia<\/a> <a href=\"https:\/\/noticiasbahia360.com.br\/?cat=10\" rel=\"category\">Pol\u00edtica<\/a>","tag_info":"Pol\u00edtica","comment_count":"0","_links":{"self":[{"href":"https:\/\/noticiasbahia360.com.br\/index.php?rest_route=\/wp\/v2\/posts\/148732","targetHints":{"allow":["GET"]}}],"collection":[{"href":"https:\/\/noticiasbahia360.com.br\/index.php?rest_route=\/wp\/v2\/posts"}],"about":[{"href":"https:\/\/noticiasbahia360.com.br\/index.php?rest_route=\/wp\/v2\/types\/post"}],"author":[{"embeddable":true,"href":"https:\/\/noticiasbahia360.com.br\/index.php?rest_route=\/wp\/v2\/users\/1"}],"replies":[{"embeddable":true,"href":"https:\/\/noticiasbahia360.com.br\/index.php?rest_route=%2Fwp%2Fv2%2Fcomments&post=148732"}],"version-history":[{"count":0,"href":"https:\/\/noticiasbahia360.com.br\/index.php?rest_route=\/wp\/v2\/posts\/148732\/revisions"}],"wp:featuredmedia":[{"embeddable":true,"href":"https:\/\/noticiasbahia360.com.br\/index.php?rest_route=\/wp\/v2\/media\/148733"}],"wp:attachment":[{"href":"https:\/\/noticiasbahia360.com.br\/index.php?rest_route=%2Fwp%2Fv2%2Fmedia&parent=148732"}],"wp:term":[{"taxonomy":"category","embeddable":true,"href":"https:\/\/noticiasbahia360.com.br\/index.php?rest_route=%2Fwp%2Fv2%2Fcategories&post=148732"},{"taxonomy":"post_tag","embeddable":true,"href":"https:\/\/noticiasbahia360.com.br\/index.php?rest_route=%2Fwp%2Fv2%2Ftags&post=148732"}],"curies":[{"name":"wp","href":"https:\/\/api.w.org\/{rel}","templated":true}]}}