{"id":148739,"date":"2026-09-03T17:02:31","date_gmt":"2026-09-03T20:02:31","guid":{"rendered":"https:\/\/noticiasbahia360.com.br\/?p=148739"},"modified":"2026-09-03T17:02:31","modified_gmt":"2026-09-03T20:02:31","slug":"policia-conduz-quatro-pessoas-a-delegacia-e-recupera-celulares-com-restricao-em-salvador","status":"publish","type":"post","link":"https:\/\/noticiasbahia360.com.br\/?p=148739","title":{"rendered":"Pol\u00edcia conduz quatro pessoas \u00e0 delegacia e recupera celulares com restri\u00e7\u00e3o em Salvador"},"content":{"rendered":"<div>\n<div>\n<figure><img decoding=\"async\" src=\"http:\/\/noticiasbahia360.com.br\/wp-content\/uploads\/2026\/09\/Operacao-Mobile-em-Salvador.jpg\" alt=\"Opera\u00e7\u00e3o Mobile em Salvador\"><figcaption>Foto: Divulga\u00e7\u00e3o\/Pol\u00edcia Civil<\/figcaption><\/figure>\n<\/div>\n<p class=\"wp-block-paragraph\">Cinco aparelhos celulares com restri\u00e7\u00e3o de furto e roubo foram recuperados nesta quinta-feira (3) pela Pol\u00edcia Civil da Bahia. Os objetos foram localizados nos bairros Caminho das \u00c1rvores e Liberdade, em Salvador. A a\u00e7\u00e3o faz parte da Opera\u00e7\u00e3o Mobile, que visa verificar a regularidade de aparelhos celulares.<\/p>\n<p class=\"wp-block-paragraph\">Durante as dilig\u00eancias, um homem, de 40 anos, foi encontrado em posse de tr\u00eas aparelhos com restri\u00e7\u00e3o de furto e roubo, em um estabelecimento comercial no bairro da Liberdade. No mesmo bairro, outro aparelho foi apresentado por um homem, ap\u00f3s uma notifica\u00e7\u00e3o relacionada \u00e0 irregularidade no \u00e2mbito da opera\u00e7\u00e3o. No bairro Caminho das \u00c1rvores, outro celular foi localizado em posse de um homem, de 25 anos, e de uma mulher, de 38 anos.<\/p>\n<p class=\"wp-block-paragraph\">Os envolvidos foram conduzidos \u00e0 unidade policial, onde foram ouvidos e responder\u00e3o em liberdade. Um inqu\u00e9rito policial foi instaurado para apurar os fatos. Todos os materiais apreendidos v\u00e3o auxiliar nas investiga\u00e7\u00f5es para identificar outros poss\u00edveis envolvidos na cadeia de recepta\u00e7\u00e3o e restituir os bens aos leg\u00edtimos propriet\u00e1rios.<\/p>\n<p class=\"wp-block-paragraph\">A a\u00e7\u00e3o foi coordenada pela Pol\u00edcia Civil da Bahia, por meio da Delegacia de Defesa do Consumidor (Decon), vinculada ao Departamento Especializado de Investiga\u00e7\u00f5es Criminais (Deic), em conjunto com equipes do Departamento de Pol\u00edcia Metropolitana (Depom), do Prote\u00e7\u00e3o e Defesa do Consumidor (Procon) e da Coordena\u00e7\u00e3o de Defesa do Consumidor (Codecom).<\/p>\n<p class=\"wp-block-paragraph\"><em>Siga o Acorda Cidade no\u00a0<\/em><a href=\"https:\/\/news.google.com\/search?q=acorda%20cidade&amp;hl=pt-BR&amp;gl=BR&amp;ceid=BR%3Apt-419\"><strong><em>Google Not\u00edcias<\/em><\/strong><\/a><em>\u00a0e receba os principais destaques do dia. Participe tamb\u00e9m dos nossos canais no\u00a0<\/em><a href=\"https:\/\/www.whatsapp.com\/channel\/0029Va6Rb4v3WHTNnsh8WI3N\"><strong><em>WhatsApp<\/em><\/strong><\/a><em>\u00a0e\u00a0<\/em><a href=\"https:\/\/www.youtube.com\/@acordacidadenoticias\/videos\"><strong>YouTube<\/strong><\/a><em>\u00a0e do grupo no\u00a0<\/em><a href=\"https:\/\/t.me\/+sSz0khrgARA0ZmRh\"><strong><em>Telegram<\/em><\/strong><\/a><em>.<\/em><\/p>\n<\/div>\n","protected":false},"excerpt":{"rendered":"<p>Foto: Divulga\u00e7\u00e3o\/Pol\u00edcia Civil Cinco aparelhos celulares com restri\u00e7\u00e3o de furto e roubo foram recuperados nesta<\/p>\n","protected":false},"author":1,"featured_media":148740,"comment_status":"closed","ping_status":"closed","sticky":false,"template":"","format":"gallery","meta":{"footnotes":""},"categories":[8,9,6,57,56,10],"tags":[],"class_list":["post-148739","post","type-post","status-publish","format-gallery","has-post-thumbnail","hentry","category-bahia","category-brasil","category-feira-de-santana","category-mundo","category-policia","category-politica","post_format-post-format-gallery"],"featured_image_urls":{"full":["https:\/\/noticiasbahia360.com.br\/wp-content\/uploads\/2026\/09\/Operacao-Mobile-em-Salvador.jpg",1200,804,false],"thumbnail":["https:\/\/noticiasbahia360.com.br\/wp-content\/uploads\/2026\/09\/Operacao-Mobile-em-Salvador-150x150.jpg",150,150,true],"medium":["https:\/\/noticiasbahia360.com.br\/wp-content\/uploads\/2026\/09\/Operacao-Mobile-em-Salvador-300x201.jpg",300,201,true],"medium_large":["https:\/\/noticiasbahia360.com.br\/wp-content\/uploads\/2026\/09\/Operacao-Mobile-em-Salvador-768x515.jpg",640,429,true],"large":["https:\/\/noticiasbahia360.com.br\/wp-content\/uploads\/2026\/09\/Operacao-Mobile-em-Salvador-1024x686.jpg",640,429,true],"1536x1536":["https:\/\/noticiasbahia360.com.br\/wp-content\/uploads\/2026\/09\/Operacao-Mobile-em-Salvador.jpg",1200,804,false],"2048x2048":["https:\/\/noticiasbahia360.com.br\/wp-content\/uploads\/2026\/09\/Operacao-Mobile-em-Salvador.jpg",1200,804,false],"chromenews-featured":["https:\/\/noticiasbahia360.com.br\/wp-content\/uploads\/2026\/09\/Operacao-Mobile-em-Salvador-1024x686.jpg",1024,686,true],"chromenews-large":["https:\/\/noticiasbahia360.com.br\/wp-content\/uploads\/2026\/09\/Operacao-Mobile-em-Salvador-825x575.jpg",825,575,true],"chromenews-medium":["https:\/\/noticiasbahia360.com.br\/wp-content\/uploads\/2026\/09\/Operacao-Mobile-em-Salvador-590x410.jpg",590,410,true]},"author_info":{"display_name":"noticiasbahia360.com.br","author_link":"https:\/\/noticiasbahia360.com.br\/?author=1"},"category_info":"<a href=\"https:\/\/noticiasbahia360.com.br\/?cat=8\" rel=\"category\">Bahia<\/a> <a href=\"https:\/\/noticiasbahia360.com.br\/?cat=9\" rel=\"category\">Brasil<\/a> <a href=\"https:\/\/noticiasbahia360.com.br\/?cat=6\" rel=\"category\">Feira de Santana<\/a> <a href=\"https:\/\/noticiasbahia360.com.br\/?cat=57\" rel=\"category\">Mundo<\/a> <a href=\"https:\/\/noticiasbahia360.com.br\/?cat=56\" rel=\"category\">Pol\u00edcia<\/a> <a href=\"https:\/\/noticiasbahia360.com.br\/?cat=10\" rel=\"category\">Pol\u00edtica<\/a>","tag_info":"Pol\u00edtica","comment_count":"0","_links":{"self":[{"href":"https:\/\/noticiasbahia360.com.br\/index.php?rest_route=\/wp\/v2\/posts\/148739","targetHints":{"allow":["GET"]}}],"collection":[{"href":"https:\/\/noticiasbahia360.com.br\/index.php?rest_route=\/wp\/v2\/posts"}],"about":[{"href":"https:\/\/noticiasbahia360.com.br\/index.php?rest_route=\/wp\/v2\/types\/post"}],"author":[{"embeddable":true,"href":"https:\/\/noticiasbahia360.com.br\/index.php?rest_route=\/wp\/v2\/users\/1"}],"replies":[{"embeddable":true,"href":"https:\/\/noticiasbahia360.com.br\/index.php?rest_route=%2Fwp%2Fv2%2Fcomments&post=148739"}],"version-history":[{"count":0,"href":"https:\/\/noticiasbahia360.com.br\/index.php?rest_route=\/wp\/v2\/posts\/148739\/revisions"}],"wp:featuredmedia":[{"embeddable":true,"href":"https:\/\/noticiasbahia360.com.br\/index.php?rest_route=\/wp\/v2\/media\/148740"}],"wp:attachment":[{"href":"https:\/\/noticiasbahia360.com.br\/index.php?rest_route=%2Fwp%2Fv2%2Fmedia&parent=148739"}],"wp:term":[{"taxonomy":"category","embeddable":true,"href":"https:\/\/noticiasbahia360.com.br\/index.php?rest_route=%2Fwp%2Fv2%2Fcategories&post=148739"},{"taxonomy":"post_tag","embeddable":true,"href":"https:\/\/noticiasbahia360.com.br\/index.php?rest_route=%2Fwp%2Fv2%2Ftags&post=148739"}],"curies":[{"name":"wp","href":"https:\/\/api.w.org\/{rel}","templated":true}]}}