{"id":148741,"date":"2026-09-03T17:02:32","date_gmt":"2026-09-03T20:02:32","guid":{"rendered":"https:\/\/noticiasbahia360.com.br\/?p=148741"},"modified":"2026-09-03T17:02:32","modified_gmt":"2026-09-03T20:02:32","slug":"criatividade-em-tempos-de-ia-e-tema-central-da-14a-flica-em-cachoeira","status":"publish","type":"post","link":"https:\/\/noticiasbahia360.com.br\/?p=148741","title":{"rendered":"Criatividade em tempos de IA \u00e9 tema central da 14\u00aa Flica, em Cachoeira"},"content":{"rendered":"<div>\n<div>\n<figure><img decoding=\"async\" src=\"http:\/\/noticiasbahia360.com.br\/wp-content\/uploads\/2026\/09\/flica-2026-ia.jpg\" alt=\"Criatividade em tempos de IA \u00e9 tema central da 14\u00aa Flica, em Cachoeira\"><figcaption>Foto: Divulga\u00e7\u00e3o<\/figcaption><\/figure>\n<\/div>\n<p class=\"wp-block-paragraph\">Em um cen\u00e1rio em que a Intelig\u00eancia Artificial j\u00e1 escreve, gera imagens, antecipa ideias por algoritmos e produz conte\u00fados em apenas um clique, a originalidade humana ganha novos contornos. \u00c9 em torno do tema \u201cComo ser criativo com tanta IA por a\u00ed?\u201d que acontece a 14\u00aa edi\u00e7\u00e3o da Festa Liter\u00e1ria Internacional de Cachoeira (Flica), de 5 a 8 de novembro, colocando em debate os impactos da tecnologia na literatura, na arte, nos processos criativos e na forma de criar e consumir hist\u00f3rias. O lan\u00e7amento oficial da festa aconteceu na \u00faltima quarta-feira (2), na Funda\u00e7\u00e3o Pedro Calmon, em Salvador.<\/p>\n<p class=\"wp-block-paragraph\">Refer\u00eancia entre os grandes eventos liter\u00e1rios do pa\u00eds e a maior festa do g\u00eanero no Norte-Nordeste, a Flica se prepara para transformar Cachoeira em um grande mapa de encontros, onde cada espa\u00e7o revela diferentes experi\u00eancias de conex\u00e3o com a literatura. Em mais uma esperada edi\u00e7\u00e3o, a festa liter\u00e1ria reunir\u00e1 importantes nomes da literatura baiana, nacional e internacional em sess\u00f5es de debates, lan\u00e7amentos de <a href=\"https:\/\/www.acordacidade.com.br\/tag\/livros\/\" data-type=\"post_tag\" data-id=\"33899\">livros<\/a>, aut\u00f3grafos, saraus, conta\u00e7\u00f5es de hist\u00f3rias, apresenta\u00e7\u00f5es art\u00edsticas e teatrais, shows, manifesta\u00e7\u00f5es culturais e exposi\u00e7\u00f5es.<\/p>\n<p class=\"wp-block-paragraph\">Uma das novidades da Flica 2026 \u00e9 o Edital \u201cVozes da Bahia\u201d, uma parceria com a Funda\u00e7\u00e3o Pedro Calmon, vinculada \u00e0 Secretaria de Cultura do Estado da Bahia (SecultBA), que tem o objetivo de selecionar editoras, escritores(as), ilustradores(as), quadrinistas, cordelistas, organizadores(as) de obras e roteiristas para integrar a programa\u00e7\u00e3o da Casa dos Autores e das Autoras Baianas. Com curadoria de Dinalva Melo, a sele\u00e7\u00e3o reserva vagas para pessoas negras, ind\u00edgenas e com defici\u00eancia. As inscri\u00e7\u00f5es ser\u00e3o anunciadas em breve no <a href=\"https:\/\/www.instagram.com\/flicaoficial\/\" data-type=\"link\" data-id=\"https:\/\/www.instagram.com\/flicaoficial\/\">Instagram da Flica<\/a>.<\/p>\n<figure class=\"wp-block-image size-full\"><img fetchpriority=\"high\" fetchpriority=\"high\" decoding=\"async\" width=\"1200\" height=\"900\" src=\"http:\/\/noticiasbahia360.com.br\/wp-content\/uploads\/2026\/09\/flica-inteligencia-artificial.jpg\" alt=\"Criatividade em tempos de IA \u00e9 tema central da 14\u00aa Flica, em Cachoeira\" class=\"wp-image-687759\" srcset=\"http:\/\/noticiasbahia360.com.br\/wp-content\/uploads\/2026\/09\/flica-inteligencia-artificial.jpg 1200w, https:\/\/uploads.acordacidade.com.br\/2026\/09\/flica-inteligencia-artificial-750x563.jpg 750w, https:\/\/uploads.acordacidade.com.br\/2026\/09\/flica-inteligencia-artificial-1000x750.jpg 1000w, https:\/\/uploads.acordacidade.com.br\/2026\/09\/flica-inteligencia-artificial-450x338.jpg 450w, https:\/\/uploads.acordacidade.com.br\/2026\/09\/flica-inteligencia-artificial-150x113.jpg 150w\" sizes=\"(max-width: 1200px) 100vw, 1200px\"><figcaption class=\"wp-element-caption\">Foto: Divulga\u00e7\u00e3o<\/figcaption><\/figure>\n<p class=\"wp-block-paragraph\">\u201cAo receber o edital, a Casa busca valorizar autores e autoras baianos, bem como editoras que enfrentam dificuldades de toda ordem para socializar sua produ\u00e7\u00e3o liter\u00e1ria. Os escritores e editoras receber\u00e3o o apoio essencial para divulgar seu trabalho, conversar e interagir com o p\u00fablico. A iniciativa possibilita a abertura de novas portas e a chegada a novos leitores, fazendo circular diferentes vis\u00f5es e perspectivas do universo liter\u00e1rio baiano. Quem comparecer, sair\u00e1 de l\u00e1 com o sentimento de que nossa literatura \u00e9 rica e diversa\u201d declara Dinalva Melo, curadora da Casa dos Autores e das Autoras Baianas.<\/p>\n<h2 id=\"h-onde-a-criatividade-floresce\" class=\"wp-block-heading\">Onde a criatividade floresce <\/h2>\n<p class=\"wp-block-paragraph\">Para fazer a Flica acontecer, Cachoeira recebe diversas atividades que fortalecem a cadeia produtiva do livro e estimulam a forma\u00e7\u00e3o de cidad\u00e3os mais cr\u00edticos e engajados. Entre os espa\u00e7os que d\u00e3o forma \u00e0 festa est\u00e3o a Tenda Paragua\u00e7u, a Gera\u00e7\u00e3o Flica e a Fliquinha, junto ao Espa\u00e7o Bahia Presente, Casa dos Autores e das Autoras Baianas, Espa\u00e7o Flica MULTI, Centro Cultural Dannemann (S\u00e3o F\u00e9lix), Palco Ritmos e Palco Ra\u00edzes.<\/p>\n<p class=\"wp-block-paragraph\">A curadoria da 14\u00aa Flica\u00e9 assinada por Marielson Carvalho (Tenda Paragua\u00e7u), Em\u00edlia Nu\u00f1ez (Fliquinha), Duca Clara (\u00c1rea Verde da Fliquinha), Deco Lipe (Gera\u00e7\u00e3o Flica) e Linnoy Nonato (Palcos Ritmos e Ra\u00edzes) e tem como Embaixadora a jornalista Vanessa Dantas, entusiasta da educa\u00e7\u00e3o, arte e cultura da Bahia. A festa liter\u00e1ria possui entrada gratuita e disp\u00f5e de recursos de acessibilidade, incluindo tradu\u00e7\u00e3o em Libras na Tenda Paragua\u00e7u, na Fliquinha, na Gera\u00e7\u00e3o Flica, no Espa\u00e7o Bahia Presente e no Palco Ritmos.<\/p>\n<h2 id=\"h-tenda-paraguacu\" class=\"wp-block-heading\">Tenda Paragua\u00e7u<\/h2>\n<p class=\"wp-block-paragraph\">Instalada \u00e0s margens do Rio Paragua\u00e7u, a Tenda Paragua\u00e7u ser\u00e1 palco de conversas que convidam o p\u00fablico a olhar para a literatura de acordo com as transforma\u00e7\u00f5es do presente. Voltado a debates mais maduros e provocadores, o espa\u00e7o ter\u00e1 a Intelig\u00eancia Artificial como ponto de partida para avaliar os limites e as possibilidades da cria\u00e7\u00e3o em um cen\u00e1rio no qual m\u00e1quinas tamb\u00e9m escrevem, produzem imagens e interferem no processo criativo. Originalidade, autenticidade, \u00e9tica, direitos autorais, racismo algor\u00edtmico e fake news estar\u00e3o entre as tem\u00e1ticas trabalhadas, analisando a rela\u00e7\u00e3o entre literatura, arte e cultura digital.<\/p>\n<p class=\"wp-block-paragraph\">A Tenda se desdobra em encontros com convidados de diferentes trajet\u00f3rias e \u00e1reas de atua\u00e7\u00e3o, escolhidos para ampliar as perspectivas sobre cria\u00e7\u00e3o e recep\u00e7\u00e3o liter\u00e1ria e art\u00edstica. Entre os destaques, est\u00e3o Larissa Luz, cantora, compositora, atriz e comunicadora baiana, que tamb\u00e9m utiliza as redes para promover letramento racial e de g\u00eanero; e S\u00e9rgio Rodrigues, escritor e jornalista, autor de 13 livros, a exemplo de \u201cEscrever \u00e9 humano \u2013 Como dar vida \u00e0 sua escrita em tempo de rob\u00f4s\u201d, lan\u00e7ado em 2025, que aborda os desafios da escrita diante das novas ferramentas de Intelig\u00eancia Artificial.<\/p>\n<p class=\"wp-block-paragraph\">\u201cComo nossa vida tem a media\u00e7\u00e3o tecnol\u00f3gica da IA como refer\u00eancia de produ\u00e7\u00e3o e intera\u00e7\u00e3o social, vimos que seria interessante abordar esse tema para entendermos sua influ\u00eancia na escrita criativa, no mercado editorial, nas pr\u00e1ticas de leitura, na recep\u00e7\u00e3o cr\u00edtica e na pesquisa de literatura. A Flica inova e investe nessa discuss\u00e3o com mesas espec\u00edficas, como racismo algor\u00edtmico e IA generativa na cria\u00e7\u00e3o liter\u00e1ria\u201d, comenta Marielson Carvalho, curador da Tenda Paragua\u00e7u.<\/p>\n<p class=\"wp-block-paragraph\">Ele acrescenta que tamb\u00e9m haver\u00e1 outras discuss\u00f5es e formatos, que passam pelas tradi\u00e7\u00f5es culin\u00e1rias do Rec\u00f4ncavo e por um sarau com poetas LGBTQIAPN+, unindo performance, identidade e ativismo. \u201cComo estaremos no M\u00eas da Consci\u00eancia Negra, haver\u00e1 ainda debates sobre afrofuturismo, literatura negra e feminismo negro, com a contribui\u00e7\u00e3o de autores e autoras negros\u201d, completa.<\/p>\n<h2 id=\"h-fliquinha\" class=\"wp-block-heading\">Fliquinha<\/h2>\n<p class=\"wp-block-paragraph\">Dedicada \u00e0s crian\u00e7as como protagonistas, a Fliquinha 2026 celebra a ess\u00eancia original da inf\u00e2ncia, marcada pela curiosidade, imagina\u00e7\u00e3o e criatividade. Sob o conceito \u201cOriginal como a inf\u00e2ncIA!\u201d, o espa\u00e7o, localizado na Universidade Federal do Rec\u00f4ncavo da Bahia (UFRB), prop\u00f5e uma programa\u00e7\u00e3o viva, sensorial e participativa, que valoriza o brincar, a mem\u00f3ria afetiva, a escuta sens\u00edvel, a ancestralidade e o encontro real entre pessoas, dado um contexto cada vez mais mediado por telas.<\/p>\n<p class=\"wp-block-paragraph\">Nesta edi\u00e7\u00e3o, a Fliquinha aposta na arte como lugar de presen\u00e7a e cria\u00e7\u00e3o genu\u00edna, com oficinas de desenho ao vivo, conta\u00e7\u00f5es de hist\u00f3rias, refer\u00eancias da cultura cachoeirana como a capoeira, m\u00fasica, performances e culmin\u00e2ncias escolares, refor\u00e7ando a import\u00e2ncia da experimenta\u00e7\u00e3o, da descoberta e da liberdade criativa durante a fase infantil.<\/p>\n<p class=\"wp-block-paragraph\">Integrada \u00e0 Fliquinha, a \u00c1rea Verde da Fliquinha funciona como extens\u00e3o da programa\u00e7\u00e3o e espa\u00e7o de acolhimento para as escolas participantes da Flica. Segundo a curadora Duca Clara, o ambiente recebe as turmas antes e depois das atra\u00e7\u00f5es, oferecendo um local seguro para as crian\u00e7as circularem, lancharem e participarem de atividades como cinema, pintura, teatro de fantoches, produ\u00e7\u00e3o textual, lan\u00e7amento de livros, escultura com bal\u00f5es e a Pedaloteca, biblioteca interativa instalada em uma bicicleta. O espa\u00e7o tamb\u00e9m ter\u00e1 atendimento de duas psicopedagogas para acolher e orientar fam\u00edlias de crian\u00e7as at\u00edpicas, refor\u00e7ando a proposta de uma Fliquinha mais inclusiva e acolhedora.<\/p>\n<p class=\"wp-block-paragraph\">Entre as atra\u00e7\u00f5es convidadas para encantar, instigar e inspirar os visitantes da Fliquinha, est\u00e3o As Aventuras de Mike, s\u00e9rie de livros e conte\u00fados infantojuvenis criados pelos escritores e criadores de conte\u00fado Gabriel Dearo e Manu Digilio, que j\u00e1 vendeu mais de 2 milh\u00f5es de exemplares e conquistou milh\u00f5es de f\u00e3s no YouTube; Cau Gomez, mineiro radicado na Bahia, artista gr\u00e1fico, cartunista e ilustrador premiado, respons\u00e1vel pela ilustra\u00e7\u00e3o de obras infantojuvenis como \u201cPastinha, o Menino que Virou Mestre de Capoeira\u201d; e Cleuza Maria, presidente da centen\u00e1ria Irmandade de Nossa Senhora da Boa Morte, uma das mais importantes refer\u00eancias da tradi\u00e7\u00e3o cultural e da ancestralidade afro-brasileira em Cachoeira.<\/p>\n<p class=\"wp-block-paragraph\">\u201cNa Fliquinha 2026, a gente vai ter muita IA de inf\u00e2ncia aut\u00eantica, inf\u00e2ncia ancestral, inf\u00e2ncia autoral, mas sem negar a import\u00e2ncia de pensar como as novas tecnologias fazem parte dessa nova inf\u00e2ncia. A gente vai falar sobre a import\u00e2ncia da leitura, do brincar e tamb\u00e9m a import\u00e2ncia da IA, da tecnologia na constru\u00e7\u00e3o dessa inf\u00e2ncia que est\u00e1 acontecendo fora e dentro das telas\u201d, adianta Em\u00edlia Nu\u00f1ez, curadora da Fliquinha.<\/p>\n<p class=\"wp-block-paragraph\">Para Em\u00edlia, a principal inten\u00e7\u00e3o \u00e9 dialogar com o tema da originalidade, trazendo a inf\u00e2ncia como original por natureza. \u201cSer\u00e1 uma programa\u00e7\u00e3o pensada para a fam\u00edlia, para as crian\u00e7as e tamb\u00e9m para os adultos que constroem essa inf\u00e2ncia junto com elas. A ideia \u00e9 que a fam\u00edlia toda se sinta contemplada com uma programa\u00e7\u00e3o interessante e m\u00faltipla\u201d, destaca.<\/p>\n<h2 id=\"h-geracao-flica\" class=\"wp-block-heading\">Gera\u00e7\u00e3o Flica <\/h2>\n<p class=\"wp-block-paragraph\">Pensada especialmente para o p\u00fablico jovem, a Gera\u00e7\u00e3o Flica ocupa o Cine Theatro Cachoeirano para debater como uma nova gera\u00e7\u00e3o de leitores, escritores e artistas se relaciona com as ferramentas que j\u00e1 fazem parte do seu cotidiano. Em bate-papos com autores, ilustradores e outras personalidades, entram em cena quest\u00f5es como autoria, redes sociais e os dilemas trazidos pela Intelig\u00eancia Artificial para quem escreve, desenha e compartilha suas produ\u00e7\u00f5es. A miss\u00e3o \u00e9 estimular um di\u00e1logo direto com os jovens, valorizando suas experi\u00eancias e perspectivas diante das mudan\u00e7as que atravessam o universo liter\u00e1rio e art\u00edstico.<\/p>\n<p class=\"wp-block-paragraph\">Quem passar pela Gera\u00e7\u00e3o Flica poder\u00e1 conferir encontros com nomes como Zoe X, um dos destaques do dark romance nacional, autora de mais de 20 livros e conhecida por preservar sua identidade por tr\u00e1s de um pseud\u00f4nimo e uma balaclava, pe\u00e7a que cobre o rosto; Filipe Soares, escritor, jornalista, rep\u00f3rter do programa Antena Perif\u00e9rica, da Band Bahia, e autor do livro \u201cSobre N\u00f3s\u201d, que aborda identidade, pertencimento e viv\u00eancias perif\u00e9ricas; Paulo Moreira, ilustrador e quadrinista paraibano, autor de \u201cBom Dia, Socorro\u201d, \u201cS\u00f3 as Melhores\u201d e \u201cBoca de Siri\u201d, e vencedor do Grampo de Prata em 2026; e Lailane D\u00f3rea, ou Beberes, maquiadora, comunicadora e criadora de conte\u00fado soteropolitana, reconhecida como Top Creator em 2025.<\/p>\n<p class=\"wp-block-paragraph\">\u201cPensar a Intelig\u00eancia Artificial \u00e9 ir al\u00e9m do uso das ferramentas que est\u00e3o sendo desenvolvidas. \u00c9 entender como essas tecnologias chegam para quem produz literatura, arte e roteiros e como escritores, artistas e outras personalidades est\u00e3o se adaptando a esse novo cen\u00e1rio. A programa\u00e7\u00e3o foi pensada a partir dessas quest\u00f5es, trazendo di\u00e1logos sobre o presente, o futuro, autoria e os limites entre o que \u00e9 cria\u00e7\u00e3o e o que \u00e9 c\u00f3pia. O p\u00fablico pode esperar provoca\u00e7\u00f5es interessantes, vai ser curioso observar as opini\u00f5es de quem a gente consome e acompanha dentro da literatura e da arte\u201d, observa Deco Lipe, curador da Gera\u00e7\u00e3o Flica.<\/p>\n<h2 id=\"h-programacao-artistica\" class=\"wp-block-heading\">Programa\u00e7\u00e3o art\u00edstica <\/h2>\n<p class=\"wp-block-paragraph\">Em di\u00e1logo com a provoca\u00e7\u00e3o da Flica sobre originalidade em tempos de Intelig\u00eancia Artificial, a programa\u00e7\u00e3o art\u00edstica transforma os palcos em espa\u00e7os de cria\u00e7\u00e3o, presen\u00e7a e experi\u00eancia coletiva. A proposta valoriza aquilo que nasce do encontro entre artistas e p\u00fablico, como a s\u00edncope do samba de roda, o improviso dos repentistas, a organicidade dos tambores, das filarm\u00f4nicas e a crueza das vozes que ecoam pela festa. Dividida entre o Palco Ritmos e o Palco Ra\u00edzes, a grade do evento aproxima tradi\u00e7\u00e3o e contemporaneidade para celebrar a pot\u00eancia de uma arte que acontece no presente.<\/p>\n<p class=\"wp-block-paragraph\">Entre as vozes que integram a programa\u00e7\u00e3o musical da Flica est\u00e3o Jau, cantor e compositor baiano conhecido por sua trajet\u00f3ria no samba-reggae e na m\u00fasica popular brasileira; e Sued Nunes, artista do Rec\u00f4ncavo Baiano que combina sua voz potente a elementos da m\u00fasica afro-brasileira, ancestralidade e batidas eletr\u00f4nicas em seu trabalho.<\/p>\n<p class=\"wp-block-paragraph\">\u201cO tema desta edi\u00e7\u00e3o nos lembra que a IA veio para somar, mas exige o reconhecimento de que a verdadeira originalidade n\u00e3o nasce de f\u00f3rmulas prontas de computador. A ess\u00eancia do que \u00e9 original est\u00e1 naquilo que m\u00e1quina nenhuma consegue replicar: o erro que se transforma em arte, o improviso do momento, o suor na pele e a for\u00e7a viva da nossa ancestralidade\u201d, ressalta o m\u00fasico Linnoy Nonato, curador art\u00edstico.<\/p>\n<p class=\"wp-block-paragraph\">Ele afirma que, no mundo da m\u00fasica, a IA at\u00e9 d\u00e1 um g\u00e1s na produ\u00e7\u00e3o e nos arranjos, mas a verdadeira magia, aquele calor do palco, a energia do ao vivo e o arrepio na alma s\u00e3o puramente do ser humano. \u201cO p\u00fablico pode esperar uma celebra\u00e7\u00e3o da arte viva e da for\u00e7a ancestral do Rec\u00f4ncavo, mostrando, na pr\u00e1tica, o que a Intelig\u00eancia Artificial jamais conseguir\u00e1 reproduzir\u201d.<\/p>\n<p class=\"wp-block-paragraph\">A 14\u00aa edi\u00e7\u00e3o da Festa Liter\u00e1ria Internacional de Cachoeira \u2013 Flica \u00e9 uma realiza\u00e7\u00e3o da SCHOMMER PRODU\u00c7\u00d5ES e conta com o apoio do Governo do Estado da Bahia.<\/p>\n<p class=\"wp-block-paragraph\">Saiba mais sobre a Flica 2026<br \/>Instagram: <a href=\"https:\/\/www.instagram.com\/flicaoficial\/\" data-type=\"link\" data-id=\"https:\/\/www.instagram.com\/flicaoficial\/\">@flicaoficial<\/a><\/p>\n<\/div>\n","protected":false},"excerpt":{"rendered":"<p>Foto: Divulga\u00e7\u00e3o Em um cen\u00e1rio em que a Intelig\u00eancia Artificial j\u00e1 escreve, gera imagens, antecipa<\/p>\n","protected":false},"author":1,"featured_media":148742,"comment_status":"closed","ping_status":"closed","sticky":false,"template":"","format":"gallery","meta":{"footnotes":""},"categories":[8,9,6,57,56,10],"tags":[],"class_list":["post-148741","post","type-post","status-publish","format-gallery","has-post-thumbnail","hentry","category-bahia","category-brasil","category-feira-de-santana","category-mundo","category-policia","category-politica","post_format-post-format-gallery"],"featured_image_urls":{"full":["https:\/\/noticiasbahia360.com.br\/wp-content\/uploads\/2026\/09\/flica-2026-ia.jpg",1200,800,false],"thumbnail":["https:\/\/noticiasbahia360.com.br\/wp-content\/uploads\/2026\/09\/flica-2026-ia-150x150.jpg",150,150,true],"medium":["https:\/\/noticiasbahia360.com.br\/wp-content\/uploads\/2026\/09\/flica-2026-ia-300x200.jpg",300,200,true],"medium_large":["https:\/\/noticiasbahia360.com.br\/wp-content\/uploads\/2026\/09\/flica-2026-ia-768x512.jpg",640,427,true],"large":["https:\/\/noticiasbahia360.com.br\/wp-content\/uploads\/2026\/09\/flica-2026-ia-1024x683.jpg",640,427,true],"1536x1536":["https:\/\/noticiasbahia360.com.br\/wp-content\/uploads\/2026\/09\/flica-2026-ia.jpg",1200,800,false],"2048x2048":["https:\/\/noticiasbahia360.com.br\/wp-content\/uploads\/2026\/09\/flica-2026-ia.jpg",1200,800,false],"chromenews-featured":["https:\/\/noticiasbahia360.com.br\/wp-content\/uploads\/2026\/09\/flica-2026-ia-1024x683.jpg",1024,683,true],"chromenews-large":["https:\/\/noticiasbahia360.com.br\/wp-content\/uploads\/2026\/09\/flica-2026-ia-825x575.jpg",825,575,true],"chromenews-medium":["https:\/\/noticiasbahia360.com.br\/wp-content\/uploads\/2026\/09\/flica-2026-ia-590x410.jpg",590,410,true]},"author_info":{"display_name":"noticiasbahia360.com.br","author_link":"https:\/\/noticiasbahia360.com.br\/?author=1"},"category_info":"<a href=\"https:\/\/noticiasbahia360.com.br\/?cat=8\" rel=\"category\">Bahia<\/a> <a href=\"https:\/\/noticiasbahia360.com.br\/?cat=9\" rel=\"category\">Brasil<\/a> <a href=\"https:\/\/noticiasbahia360.com.br\/?cat=6\" rel=\"category\">Feira de Santana<\/a> <a href=\"https:\/\/noticiasbahia360.com.br\/?cat=57\" rel=\"category\">Mundo<\/a> <a href=\"https:\/\/noticiasbahia360.com.br\/?cat=56\" rel=\"category\">Pol\u00edcia<\/a> <a href=\"https:\/\/noticiasbahia360.com.br\/?cat=10\" rel=\"category\">Pol\u00edtica<\/a>","tag_info":"Pol\u00edtica","comment_count":"0","_links":{"self":[{"href":"https:\/\/noticiasbahia360.com.br\/index.php?rest_route=\/wp\/v2\/posts\/148741","targetHints":{"allow":["GET"]}}],"collection":[{"href":"https:\/\/noticiasbahia360.com.br\/index.php?rest_route=\/wp\/v2\/posts"}],"about":[{"href":"https:\/\/noticiasbahia360.com.br\/index.php?rest_route=\/wp\/v2\/types\/post"}],"author":[{"embeddable":true,"href":"https:\/\/noticiasbahia360.com.br\/index.php?rest_route=\/wp\/v2\/users\/1"}],"replies":[{"embeddable":true,"href":"https:\/\/noticiasbahia360.com.br\/index.php?rest_route=%2Fwp%2Fv2%2Fcomments&post=148741"}],"version-history":[{"count":0,"href":"https:\/\/noticiasbahia360.com.br\/index.php?rest_route=\/wp\/v2\/posts\/148741\/revisions"}],"wp:featuredmedia":[{"embeddable":true,"href":"https:\/\/noticiasbahia360.com.br\/index.php?rest_route=\/wp\/v2\/media\/148742"}],"wp:attachment":[{"href":"https:\/\/noticiasbahia360.com.br\/index.php?rest_route=%2Fwp%2Fv2%2Fmedia&parent=148741"}],"wp:term":[{"taxonomy":"category","embeddable":true,"href":"https:\/\/noticiasbahia360.com.br\/index.php?rest_route=%2Fwp%2Fv2%2Fcategories&post=148741"},{"taxonomy":"post_tag","embeddable":true,"href":"https:\/\/noticiasbahia360.com.br\/index.php?rest_route=%2Fwp%2Fv2%2Ftags&post=148741"}],"curies":[{"name":"wp","href":"https:\/\/api.w.org\/{rel}","templated":true}]}}