{"id":148744,"date":"2026-09-03T17:02:34","date_gmt":"2026-09-03T20:02:34","guid":{"rendered":"https:\/\/noticiasbahia360.com.br\/?p=148744"},"modified":"2026-09-03T17:02:34","modified_gmt":"2026-09-03T20:02:34","slug":"medina-da-show-em-fiji-tira-nota-10-mas-fica-com-o-vice-campeonato","status":"publish","type":"post","link":"https:\/\/noticiasbahia360.com.br\/?p=148744","title":{"rendered":"Medina d\u00e1 show em Fiji, tira nota 10, mas fica com o vice-campeonato"},"content":{"rendered":"<div>\n<div>\n<figure><img decoding=\"async\" src=\"http:\/\/noticiasbahia360.com.br\/wp-content\/uploads\/2026\/09\/Gabriel-Medina-no-mar-de-Cloudbreak-no-ultimo-dia-da-etapa-de-Fiji-.jpg\" alt=\"Gabriel Medina no mar de Cloudbreak, no \u00faltimo dia da etapa de Fiji\"><figcaption>Foto: Cait Miers\/WSL<\/p>\n<\/figcaption><\/figure>\n<\/div>\n<p class=\"wp-block-paragraph\">Gabriel Medina ficou com o vice-campeonato de surfe da etapa de Cloudbreak, em Fiji (pa\u00eds localizado no continente da Oceania), do Circuito Mundial da WSL. O brasileiro chegou \u00e0 final ap\u00f3s boas atua\u00e7\u00f5es nas quartas e na semifinal, mas perdeu o t\u00edtulo para o americano Cole Houshmand por 16.87 a 15.17.<\/p>\n<p class=\"wp-block-paragraph\">Na decis\u00e3o, Medina chegou a conseguir uma onda nota 10, mas Houshmand reagiu e voltou \u00e0 lideran\u00e7a. De acordo com o GE, o brasileiro precisava de uma onda de 6.87 para virar o resultado, mas ela n\u00e3o veio.<\/p>\n<p class=\"wp-block-paragraph\">Com o segundo lugar, Medina subiu da quinta para a quarta posi\u00e7\u00e3o no ranking mundial. \u00cdtalo Ferreira continua na lideran\u00e7a, seguido por Leonardo Fioravanti e Yago Dora. Miguel Pupo aparece em quinto.<\/p>\n<p class=\"wp-block-paragraph\">A pr\u00f3xima etapa ser\u00e1 em Trestles, na Calif\u00f3rnia, entre 11 e 20 de setembro.<\/p>\n<p class=\"wp-block-paragraph\">Nas quartas de final, Medina superou o franc\u00eas Kauli Vaast, campe\u00e3o ol\u00edmpico, por 15.66 a 7.33. O brasileiro se destacou com uma onda que teve tr\u00eas tubos e recebeu nota 9.33, al\u00e9m de um 6.33.<\/p>\n<p class=\"wp-block-paragraph\">Na semifinal, Medina venceu o americano Griffin Colapinto por 19.04 a 14.57. Depois de come\u00e7ar atr\u00e1s, com um 7.50 de Griffin, o brasileiro virou com notas 9.77 e 9.27, garantindo a vaga na decis\u00e3o.<\/p>\n<h2 id=\"h-quartas-de-final-masculina\" class=\"wp-block-heading\">Quartas de final masculina<\/h2>\n<ul class=\"wp-block-list\">\n<li><strong>Cole Houshmand (EUA) 16.13<\/strong> x Yago Dora (BRA) 13.27<\/li>\n<li><strong>Leonardo Fioravanti (ITA) 14.10<\/strong> x Callum Robson 10.94<\/li>\n<li>Connor O\u2019Leary (JAP) 10.50 x <strong>Griffin Colapinto (EUA) 13.00<\/strong><\/li>\n<li>Kauli Vaast (FRA) 7.33 x <strong>Gabriel Medina (BRA) 15.66<\/strong><\/li>\n<\/ul>\n<p class=\"wp-block-paragraph\"><em>Siga o Acorda Cidade no\u00a0<\/em><a href=\"https:\/\/news.google.com\/search?q=acorda%20cidade&amp;hl=pt-BR&amp;gl=BR&amp;ceid=BR%3Apt-419\"><strong><em>Google Not\u00edcias<\/em><\/strong><\/a><em>\u00a0e receba os principais destaques do dia. Participe tamb\u00e9m dos nossos canais no\u00a0<\/em><a href=\"https:\/\/whatsapp.com\/channel\/0029Va6Rb4v3WHTNnsh8WI3N\"><strong><em>WhatsApp<\/em><\/strong><\/a><em>\u00a0e\u00a0<\/em><a href=\"https:\/\/www.youtube.com\/@acordacidadenoticias\/videos\"><strong>YouTube<\/strong><\/a><em>\u00a0e do grupo no\u00a0<\/em><a href=\"https:\/\/t.me\/+sSz0khrgARA0ZmRh\"><strong><em>Telegram<\/em><\/strong><\/a><em>.<\/em><\/p>\n<\/div>\n","protected":false},"excerpt":{"rendered":"<p>Foto: Cait Miers\/WSL Gabriel Medina ficou com o vice-campeonato de surfe da etapa de Cloudbreak,<\/p>\n","protected":false},"author":1,"featured_media":148745,"comment_status":"closed","ping_status":"closed","sticky":false,"template":"","format":"gallery","meta":{"footnotes":""},"categories":[8,9,6,57,56,10],"tags":[],"class_list":["post-148744","post","type-post","status-publish","format-gallery","has-post-thumbnail","hentry","category-bahia","category-brasil","category-feira-de-santana","category-mundo","category-policia","category-politica","post_format-post-format-gallery"],"featured_image_urls":{"full":["https:\/\/noticiasbahia360.com.br\/wp-content\/uploads\/2026\/09\/Gabriel-Medina-no-mar-de-Cloudbreak-no-ultimo-dia-da-etapa-de-Fiji-.jpg",1200,800,false],"thumbnail":["https:\/\/noticiasbahia360.com.br\/wp-content\/uploads\/2026\/09\/Gabriel-Medina-no-mar-de-Cloudbreak-no-ultimo-dia-da-etapa-de-Fiji--150x150.jpg",150,150,true],"medium":["https:\/\/noticiasbahia360.com.br\/wp-content\/uploads\/2026\/09\/Gabriel-Medina-no-mar-de-Cloudbreak-no-ultimo-dia-da-etapa-de-Fiji--300x200.jpg",300,200,true],"medium_large":["https:\/\/noticiasbahia360.com.br\/wp-content\/uploads\/2026\/09\/Gabriel-Medina-no-mar-de-Cloudbreak-no-ultimo-dia-da-etapa-de-Fiji--768x512.jpg",640,427,true],"large":["https:\/\/noticiasbahia360.com.br\/wp-content\/uploads\/2026\/09\/Gabriel-Medina-no-mar-de-Cloudbreak-no-ultimo-dia-da-etapa-de-Fiji--1024x683.jpg",640,427,true],"1536x1536":["https:\/\/noticiasbahia360.com.br\/wp-content\/uploads\/2026\/09\/Gabriel-Medina-no-mar-de-Cloudbreak-no-ultimo-dia-da-etapa-de-Fiji-.jpg",1200,800,false],"2048x2048":["https:\/\/noticiasbahia360.com.br\/wp-content\/uploads\/2026\/09\/Gabriel-Medina-no-mar-de-Cloudbreak-no-ultimo-dia-da-etapa-de-Fiji-.jpg",1200,800,false],"chromenews-featured":["https:\/\/noticiasbahia360.com.br\/wp-content\/uploads\/2026\/09\/Gabriel-Medina-no-mar-de-Cloudbreak-no-ultimo-dia-da-etapa-de-Fiji--1024x683.jpg",1024,683,true],"chromenews-large":["https:\/\/noticiasbahia360.com.br\/wp-content\/uploads\/2026\/09\/Gabriel-Medina-no-mar-de-Cloudbreak-no-ultimo-dia-da-etapa-de-Fiji--825x575.jpg",825,575,true],"chromenews-medium":["https:\/\/noticiasbahia360.com.br\/wp-content\/uploads\/2026\/09\/Gabriel-Medina-no-mar-de-Cloudbreak-no-ultimo-dia-da-etapa-de-Fiji--590x410.jpg",590,410,true]},"author_info":{"display_name":"noticiasbahia360.com.br","author_link":"https:\/\/noticiasbahia360.com.br\/?author=1"},"category_info":"<a href=\"https:\/\/noticiasbahia360.com.br\/?cat=8\" rel=\"category\">Bahia<\/a> <a href=\"https:\/\/noticiasbahia360.com.br\/?cat=9\" rel=\"category\">Brasil<\/a> <a href=\"https:\/\/noticiasbahia360.com.br\/?cat=6\" rel=\"category\">Feira de Santana<\/a> <a href=\"https:\/\/noticiasbahia360.com.br\/?cat=57\" rel=\"category\">Mundo<\/a> <a href=\"https:\/\/noticiasbahia360.com.br\/?cat=56\" rel=\"category\">Pol\u00edcia<\/a> <a href=\"https:\/\/noticiasbahia360.com.br\/?cat=10\" rel=\"category\">Pol\u00edtica<\/a>","tag_info":"Pol\u00edtica","comment_count":"0","_links":{"self":[{"href":"https:\/\/noticiasbahia360.com.br\/index.php?rest_route=\/wp\/v2\/posts\/148744","targetHints":{"allow":["GET"]}}],"collection":[{"href":"https:\/\/noticiasbahia360.com.br\/index.php?rest_route=\/wp\/v2\/posts"}],"about":[{"href":"https:\/\/noticiasbahia360.com.br\/index.php?rest_route=\/wp\/v2\/types\/post"}],"author":[{"embeddable":true,"href":"https:\/\/noticiasbahia360.com.br\/index.php?rest_route=\/wp\/v2\/users\/1"}],"replies":[{"embeddable":true,"href":"https:\/\/noticiasbahia360.com.br\/index.php?rest_route=%2Fwp%2Fv2%2Fcomments&post=148744"}],"version-history":[{"count":0,"href":"https:\/\/noticiasbahia360.com.br\/index.php?rest_route=\/wp\/v2\/posts\/148744\/revisions"}],"wp:featuredmedia":[{"embeddable":true,"href":"https:\/\/noticiasbahia360.com.br\/index.php?rest_route=\/wp\/v2\/media\/148745"}],"wp:attachment":[{"href":"https:\/\/noticiasbahia360.com.br\/index.php?rest_route=%2Fwp%2Fv2%2Fmedia&parent=148744"}],"wp:term":[{"taxonomy":"category","embeddable":true,"href":"https:\/\/noticiasbahia360.com.br\/index.php?rest_route=%2Fwp%2Fv2%2Fcategories&post=148744"},{"taxonomy":"post_tag","embeddable":true,"href":"https:\/\/noticiasbahia360.com.br\/index.php?rest_route=%2Fwp%2Fv2%2Ftags&post=148744"}],"curies":[{"name":"wp","href":"https:\/\/api.w.org\/{rel}","templated":true}]}}