{"id":148755,"date":"2026-09-03T19:02:21","date_gmt":"2026-09-03T22:02:21","guid":{"rendered":"https:\/\/noticiasbahia360.com.br\/?p=148755"},"modified":"2026-09-03T19:02:21","modified_gmt":"2026-09-03T22:02:21","slug":"suspeito-de-matar-homem-a-pauladas-em-feira-de-santana-e-preso-crime-teria-sido-motivado-por-ciumes","status":"publish","type":"post","link":"https:\/\/noticiasbahia360.com.br\/?p=148755","title":{"rendered":"Suspeito de matar homem a pauladas em Feira de Santana \u00e9 preso; crime teria sido motivado por ci\u00fames"},"content":{"rendered":"<div>\n<div>\n<figure><img decoding=\"async\" src=\"http:\/\/noticiasbahia360.com.br\/wp-content\/uploads\/2026\/09\/Policia-prende-irmaos-investigados-por-serie-de-assaltos-a-postos-em-Feira-de-Santana-foto-divulgacao-viatura-da-policia-civil.jpg\" alt=\"Pol\u00edcia prende\"><figcaption>Foto: Divulga\u00e7\u00e3o <\/figcaption><\/figure>\n<\/div>\n<p class=\"wp-block-paragraph\">A Pol\u00edcia Civil da Bahia divulgou mais detalhes da pris\u00e3o em flagrante do homem suspeito de participar de um espancamento em Feira de Santana. <a href=\"https:\/\/www.acordacidade.com.br\/policia\/homem-morre-apos-ser-espancado-nas-proximidades-do-csu-em-feira-de-santana\/\" target=\"_blank\" rel=\"noreferrer noopener\">Diego Vinicius Ferreira de Cerqueira, de 35 anos, morreu ap\u00f3s as agress\u00f5es.<\/a><\/p>\n<p class=\"wp-block-paragraph\">Conforme o portal Acorda Cidade j\u00e1 divulgou, o suspeito foi detido na manh\u00e3 desta quinta-feira (3) pela Delegacia de Homic\u00eddios (DH) de Feira de Santana. O crime ocorreu durante esta madrugada, nas imedia\u00e7\u00f5es do Centro Social Urbano (CSU), no bairro Cidade Nova, e teria sido motivado por ci\u00fames.<\/p>\n<p class=\"wp-block-paragraph\">Segundo a investiga\u00e7\u00e3o, Diego foi retirado do local onde estava por volta de 1h e levado at\u00e9 um beco de acesso ao CSU. No ponto, ele teria sido atacado por tr\u00eas homens, que utilizaram paus, pedras e at\u00e9 chutes durante as agress\u00f5es.<\/p>\n<p class=\"wp-block-paragraph\">Ainda segundo a Civil, ap\u00f3s o espancamento, os envolvidos teriam levado Diego at\u00e9 uma barraca localizada \u00e0s margens da Avenida Transnordestina. A v\u00edtima n\u00e3o resistiu aos ferimentos e morreu no local.<\/p>\n<h2 id=\"h-resposta-rapida\" class=\"wp-block-heading\">Resposta r\u00e1pida<\/h2>\n<p class=\"wp-block-paragraph\">Os registros oficiais mostram que a Pol\u00edcia Civil foi acionada por meio do Cicom por volta das 6h35. Durante os primeiros levantamentos periciais e a coleta de depoimentos, os investigadores da DH identificaram o suspeito que foi preso nas proximidades do local do crime.<\/p>\n<p class=\"wp-block-paragraph\">De acordo com a apura\u00e7\u00e3o policial, este homem tentou afastar as suspeitas ao se aproximar das equipes e fornecer informa\u00e7\u00f5es falsas, simulando colaborar com os agentes que trabalhavam na ocorr\u00eancia.<\/p>\n<p class=\"wp-block-paragraph\">A estrat\u00e9gia, por\u00e9m, n\u00e3o impediu o avan\u00e7o da investiga\u00e7\u00e3o. Confrontado pelos policiais com provas e depoimentos reunidos durante os trabalhos, o suspeito confessou ter participado ativamente das agress\u00f5es contra Diego.<\/p>\n<p class=\"wp-block-paragraph\">As investiga\u00e7\u00f5es apontam que o homic\u00eddio teria sido motivado por ci\u00fames. A suspeita \u00e9 de que Diego mantinha uma rela\u00e7\u00e3o afetiva com a companheira deste homem que foi apontado como participante das agress\u00f5es.<\/p>\n<p class=\"wp-block-paragraph\">Agora a Pol\u00edcia Civil segue com o objetivo de localizar os outros dois suspeitos de participa\u00e7\u00e3o no espancamento.<\/p>\n<p class=\"wp-block-paragraph\"><strong>Leia tamb\u00e9m:<\/strong><\/p>\n<p class=\"wp-block-paragraph\"><a href=\"https:\/\/www.acordacidade.com.br\/policia\/homem-morre-apos-ser-espancado-nas-proximidades-do-csu-em-feira-de-santana\/\">Homem morre ap\u00f3s ser espancado nas proximidades do CSU em Feira de Santana<\/a><\/p>\n<p class=\"wp-block-paragraph\"><em>Siga o Acorda Cidade no\u00a0<\/em><a href=\"https:\/\/news.google.com\/search?q=acorda%20cidade&amp;hl=pt-BR&amp;gl=BR&amp;ceid=BR%3Apt-419\"><strong><em>Google Not\u00edcias<\/em><\/strong><\/a><em>\u00a0e receba os principais destaques do dia. Participe tamb\u00e9m dos nossos canais no\u00a0<\/em><a href=\"https:\/\/whatsapp.com\/channel\/0029Va6Rb4v3WHTNnsh8WI3N\"><strong><em>WhatsApp<\/em><\/strong><\/a><em>\u00a0e\u00a0<\/em><a href=\"https:\/\/www.youtube.com\/@acordacidadenoticias\/videos\"><strong>YouTube<\/strong><\/a><em>\u00a0e do grupo no\u00a0<\/em><a href=\"https:\/\/t.me\/+sSz0khrgARA0ZmRh\"><strong><em>Telegram<\/em><\/strong><\/a><em>.<\/em><\/p>\n<\/div>\n","protected":false},"excerpt":{"rendered":"<p>Foto: Divulga\u00e7\u00e3o A Pol\u00edcia Civil da Bahia divulgou mais detalhes da pris\u00e3o em flagrante do<\/p>\n","protected":false},"author":1,"featured_media":148756,"comment_status":"closed","ping_status":"closed","sticky":false,"template":"","format":"gallery","meta":{"footnotes":""},"categories":[8,9,6,57,56,10],"tags":[],"class_list":["post-148755","post","type-post","status-publish","format-gallery","has-post-thumbnail","hentry","category-bahia","category-brasil","category-feira-de-santana","category-mundo","category-policia","category-politica","post_format-post-format-gallery"],"featured_image_urls":{"full":["https:\/\/noticiasbahia360.com.br\/wp-content\/uploads\/2026\/09\/Policia-prende-irmaos-investigados-por-serie-de-assaltos-a-postos-em-Feira-de-Santana-foto-divulgacao-viatura-da-policia-civil.jpg",1200,677,false],"thumbnail":["https:\/\/noticiasbahia360.com.br\/wp-content\/uploads\/2026\/09\/Policia-prende-irmaos-investigados-por-serie-de-assaltos-a-postos-em-Feira-de-Santana-foto-divulgacao-viatura-da-policia-civil-150x150.jpg",150,150,true],"medium":["https:\/\/noticiasbahia360.com.br\/wp-content\/uploads\/2026\/09\/Policia-prende-irmaos-investigados-por-serie-de-assaltos-a-postos-em-Feira-de-Santana-foto-divulgacao-viatura-da-policia-civil-300x169.jpg",300,169,true],"medium_large":["https:\/\/noticiasbahia360.com.br\/wp-content\/uploads\/2026\/09\/Policia-prende-irmaos-investigados-por-serie-de-assaltos-a-postos-em-Feira-de-Santana-foto-divulgacao-viatura-da-policia-civil-768x433.jpg",640,361,true],"large":["https:\/\/noticiasbahia360.com.br\/wp-content\/uploads\/2026\/09\/Policia-prende-irmaos-investigados-por-serie-de-assaltos-a-postos-em-Feira-de-Santana-foto-divulgacao-viatura-da-policia-civil-1024x578.jpg",640,361,true],"1536x1536":["https:\/\/noticiasbahia360.com.br\/wp-content\/uploads\/2026\/09\/Policia-prende-irmaos-investigados-por-serie-de-assaltos-a-postos-em-Feira-de-Santana-foto-divulgacao-viatura-da-policia-civil.jpg",1200,677,false],"2048x2048":["https:\/\/noticiasbahia360.com.br\/wp-content\/uploads\/2026\/09\/Policia-prende-irmaos-investigados-por-serie-de-assaltos-a-postos-em-Feira-de-Santana-foto-divulgacao-viatura-da-policia-civil.jpg",1200,677,false],"chromenews-featured":["https:\/\/noticiasbahia360.com.br\/wp-content\/uploads\/2026\/09\/Policia-prende-irmaos-investigados-por-serie-de-assaltos-a-postos-em-Feira-de-Santana-foto-divulgacao-viatura-da-policia-civil-1024x578.jpg",1024,578,true],"chromenews-large":["https:\/\/noticiasbahia360.com.br\/wp-content\/uploads\/2026\/09\/Policia-prende-irmaos-investigados-por-serie-de-assaltos-a-postos-em-Feira-de-Santana-foto-divulgacao-viatura-da-policia-civil-825x575.jpg",825,575,true],"chromenews-medium":["https:\/\/noticiasbahia360.com.br\/wp-content\/uploads\/2026\/09\/Policia-prende-irmaos-investigados-por-serie-de-assaltos-a-postos-em-Feira-de-Santana-foto-divulgacao-viatura-da-policia-civil-590x410.jpg",590,410,true]},"author_info":{"display_name":"noticiasbahia360.com.br","author_link":"https:\/\/noticiasbahia360.com.br\/?author=1"},"category_info":"<a href=\"https:\/\/noticiasbahia360.com.br\/?cat=8\" rel=\"category\">Bahia<\/a> <a href=\"https:\/\/noticiasbahia360.com.br\/?cat=9\" rel=\"category\">Brasil<\/a> <a href=\"https:\/\/noticiasbahia360.com.br\/?cat=6\" rel=\"category\">Feira de Santana<\/a> <a href=\"https:\/\/noticiasbahia360.com.br\/?cat=57\" rel=\"category\">Mundo<\/a> <a href=\"https:\/\/noticiasbahia360.com.br\/?cat=56\" rel=\"category\">Pol\u00edcia<\/a> <a href=\"https:\/\/noticiasbahia360.com.br\/?cat=10\" rel=\"category\">Pol\u00edtica<\/a>","tag_info":"Pol\u00edtica","comment_count":"0","_links":{"self":[{"href":"https:\/\/noticiasbahia360.com.br\/index.php?rest_route=\/wp\/v2\/posts\/148755","targetHints":{"allow":["GET"]}}],"collection":[{"href":"https:\/\/noticiasbahia360.com.br\/index.php?rest_route=\/wp\/v2\/posts"}],"about":[{"href":"https:\/\/noticiasbahia360.com.br\/index.php?rest_route=\/wp\/v2\/types\/post"}],"author":[{"embeddable":true,"href":"https:\/\/noticiasbahia360.com.br\/index.php?rest_route=\/wp\/v2\/users\/1"}],"replies":[{"embeddable":true,"href":"https:\/\/noticiasbahia360.com.br\/index.php?rest_route=%2Fwp%2Fv2%2Fcomments&post=148755"}],"version-history":[{"count":0,"href":"https:\/\/noticiasbahia360.com.br\/index.php?rest_route=\/wp\/v2\/posts\/148755\/revisions"}],"wp:featuredmedia":[{"embeddable":true,"href":"https:\/\/noticiasbahia360.com.br\/index.php?rest_route=\/wp\/v2\/media\/148756"}],"wp:attachment":[{"href":"https:\/\/noticiasbahia360.com.br\/index.php?rest_route=%2Fwp%2Fv2%2Fmedia&parent=148755"}],"wp:term":[{"taxonomy":"category","embeddable":true,"href":"https:\/\/noticiasbahia360.com.br\/index.php?rest_route=%2Fwp%2Fv2%2Fcategories&post=148755"},{"taxonomy":"post_tag","embeddable":true,"href":"https:\/\/noticiasbahia360.com.br\/index.php?rest_route=%2Fwp%2Fv2%2Ftags&post=148755"}],"curies":[{"name":"wp","href":"https:\/\/api.w.org\/{rel}","templated":true}]}}