{"id":148757,"date":"2026-09-03T19:02:23","date_gmt":"2026-09-03T22:02:23","guid":{"rendered":"https:\/\/noticiasbahia360.com.br\/?p=148757"},"modified":"2026-09-03T19:02:23","modified_gmt":"2026-09-03T22:02:23","slug":"confira-como-sera-o-funcionamento-do-comercio-de-feira-de-santana-no-feriado-de-7-de-setembro","status":"publish","type":"post","link":"https:\/\/noticiasbahia360.com.br\/?p=148757","title":{"rendered":"Confira como ser\u00e1 o funcionamento do com\u00e9rcio de Feira de Santana no feriado de 7 de setembro"},"content":{"rendered":"<div>\n<div>\n<figure><img decoding=\"async\" src=\"http:\/\/noticiasbahia360.com.br\/wp-content\/uploads\/2026\/09\/Comercio-de-Feira-de-Santana-Foto-Ney-Silva-Acorda-Cidade-2.jpg\" alt=\"Com\u00e9rcio de Feira de Santana\"><figcaption>Foto: Ney Silva\/ Acorda Cidade <\/figcaption><\/figure>\n<\/div>\n<p class=\"wp-block-paragraph\">O com\u00e9rcio de Feira de Santana ter\u00e1 funcionamento diferenciado na pr\u00f3xima segunda-feira, 7 de setembro, feriado nacional da Independ\u00eancia do Brasil.<\/p>\n<p class=\"wp-block-paragraph\">Segundo Marcos Silva, presidente do Sindicato do Com\u00e9rcio de Feira de Santana (Sicom\u00e9rcio),<strong> as lojas localizadas nos bairros e os estabelecimentos dos shopping centers est\u00e3o autorizados a funcionar durante o feriado<\/strong>, conforme as regras previstas na Conven\u00e7\u00e3o Coletiva de Trabalho.<\/p>\n<p class=\"wp-block-paragraph\"><strong>J\u00e1 as lojas localizadas no centro da cidade n\u00e3o poder\u00e3o abrir. <\/strong>Para identificar a regra, \u00e9 necess\u00e1rio verificar o cart\u00e3o do CNPJ: se o endere\u00e7o da empresa estiver registrado como bairro \u201cCentro\u201d, o funcionamento n\u00e3o est\u00e1 autorizado.<\/p>\n<p class=\"wp-block-paragraph\">Para os trabalhadores que atuarem no feriado, o dia dever\u00e1 ser indenizado. A compensa\u00e7\u00e3o pode ocorrer por meio de pagamento pelo dia trabalhado ou de uma folga compensat\u00f3ria, conforme as regras da conven\u00e7\u00e3o.<\/p>\n<blockquote class=\"wp-block-quote is-layout-flow wp-block-quote-is-layout-flow\">\n<p class=\"has-medium-font-size wp-block-paragraph\"><strong>Por ser um feriado, o trabalhador tem que ser indenizado, e essa indeniza\u00e7\u00e3o \u00e9 feita da seguinte forma: ou \u00e9 feito um pagamento por esse dia, ou \u00e9 dada uma folga compensat\u00f3ria \u00e0 escolha do trabalhador. Ent\u00e3o isso est\u00e1 pacificado, existem regras hoje rigorosas sobre o funcionamento do com\u00e9rcio em dias de feriados e nossa Conven\u00e7\u00e3o, buscando dar seguran\u00e7a jur\u00eddica e previsibilidade, j\u00e1 tem essa previs\u00e3o\u201d, explicou o presidente do sindicado ao Acorda Cidade.<\/strong><\/p>\n<\/blockquote>\n<p class=\"wp-block-paragraph\"><em>Siga o Acorda Cidade no\u00a0<\/em><a href=\"https:\/\/news.google.com\/search?q=acorda%20cidade&amp;hl=pt-BR&amp;gl=BR&amp;ceid=BR%3Apt-419\"><strong><em>Google Not\u00edcias<\/em><\/strong><\/a><em>\u00a0e receba os principais destaques do dia. Participe tamb\u00e9m dos nossos canais no\u00a0<\/em><a href=\"https:\/\/www.whatsapp.com\/channel\/0029Va6Rb4v3WHTNnsh8WI3N\"><strong><em>WhatsApp<\/em><\/strong><\/a><em>\u00a0e\u00a0<\/em><a href=\"https:\/\/www.youtube.com\/@acordacidadenoticias\/videos\"><strong>YouTube<\/strong><\/a><em>\u00a0e do grupo no\u00a0<\/em><a href=\"https:\/\/t.me\/+sSz0khrgARA0ZmRh\"><strong><em>Telegram<\/em><\/strong><\/a><em>.<\/em><\/p>\n<\/div>\n","protected":false},"excerpt":{"rendered":"<p>Foto: Ney Silva\/ Acorda Cidade O com\u00e9rcio de Feira de Santana ter\u00e1 funcionamento diferenciado na<\/p>\n","protected":false},"author":1,"featured_media":148758,"comment_status":"closed","ping_status":"closed","sticky":false,"template":"","format":"gallery","meta":{"footnotes":""},"categories":[8,9,6,57,56,10],"tags":[],"class_list":["post-148757","post","type-post","status-publish","format-gallery","has-post-thumbnail","hentry","category-bahia","category-brasil","category-feira-de-santana","category-mundo","category-policia","category-politica","post_format-post-format-gallery"],"featured_image_urls":{"full":["https:\/\/noticiasbahia360.com.br\/wp-content\/uploads\/2026\/09\/Comercio-de-Feira-de-Santana-Foto-Ney-Silva-Acorda-Cidade-2.jpg",1200,900,false],"thumbnail":["https:\/\/noticiasbahia360.com.br\/wp-content\/uploads\/2026\/09\/Comercio-de-Feira-de-Santana-Foto-Ney-Silva-Acorda-Cidade-2-150x150.jpg",150,150,true],"medium":["https:\/\/noticiasbahia360.com.br\/wp-content\/uploads\/2026\/09\/Comercio-de-Feira-de-Santana-Foto-Ney-Silva-Acorda-Cidade-2-300x225.jpg",300,225,true],"medium_large":["https:\/\/noticiasbahia360.com.br\/wp-content\/uploads\/2026\/09\/Comercio-de-Feira-de-Santana-Foto-Ney-Silva-Acorda-Cidade-2-768x576.jpg",640,480,true],"large":["https:\/\/noticiasbahia360.com.br\/wp-content\/uploads\/2026\/09\/Comercio-de-Feira-de-Santana-Foto-Ney-Silva-Acorda-Cidade-2-1024x768.jpg",640,480,true],"1536x1536":["https:\/\/noticiasbahia360.com.br\/wp-content\/uploads\/2026\/09\/Comercio-de-Feira-de-Santana-Foto-Ney-Silva-Acorda-Cidade-2.jpg",1200,900,false],"2048x2048":["https:\/\/noticiasbahia360.com.br\/wp-content\/uploads\/2026\/09\/Comercio-de-Feira-de-Santana-Foto-Ney-Silva-Acorda-Cidade-2.jpg",1200,900,false],"chromenews-featured":["https:\/\/noticiasbahia360.com.br\/wp-content\/uploads\/2026\/09\/Comercio-de-Feira-de-Santana-Foto-Ney-Silva-Acorda-Cidade-2-1024x768.jpg",1024,768,true],"chromenews-large":["https:\/\/noticiasbahia360.com.br\/wp-content\/uploads\/2026\/09\/Comercio-de-Feira-de-Santana-Foto-Ney-Silva-Acorda-Cidade-2-825x575.jpg",825,575,true],"chromenews-medium":["https:\/\/noticiasbahia360.com.br\/wp-content\/uploads\/2026\/09\/Comercio-de-Feira-de-Santana-Foto-Ney-Silva-Acorda-Cidade-2-590x410.jpg",590,410,true]},"author_info":{"display_name":"noticiasbahia360.com.br","author_link":"https:\/\/noticiasbahia360.com.br\/?author=1"},"category_info":"<a href=\"https:\/\/noticiasbahia360.com.br\/?cat=8\" rel=\"category\">Bahia<\/a> <a href=\"https:\/\/noticiasbahia360.com.br\/?cat=9\" rel=\"category\">Brasil<\/a> <a href=\"https:\/\/noticiasbahia360.com.br\/?cat=6\" rel=\"category\">Feira de Santana<\/a> <a href=\"https:\/\/noticiasbahia360.com.br\/?cat=57\" rel=\"category\">Mundo<\/a> <a href=\"https:\/\/noticiasbahia360.com.br\/?cat=56\" rel=\"category\">Pol\u00edcia<\/a> <a href=\"https:\/\/noticiasbahia360.com.br\/?cat=10\" rel=\"category\">Pol\u00edtica<\/a>","tag_info":"Pol\u00edtica","comment_count":"0","_links":{"self":[{"href":"https:\/\/noticiasbahia360.com.br\/index.php?rest_route=\/wp\/v2\/posts\/148757","targetHints":{"allow":["GET"]}}],"collection":[{"href":"https:\/\/noticiasbahia360.com.br\/index.php?rest_route=\/wp\/v2\/posts"}],"about":[{"href":"https:\/\/noticiasbahia360.com.br\/index.php?rest_route=\/wp\/v2\/types\/post"}],"author":[{"embeddable":true,"href":"https:\/\/noticiasbahia360.com.br\/index.php?rest_route=\/wp\/v2\/users\/1"}],"replies":[{"embeddable":true,"href":"https:\/\/noticiasbahia360.com.br\/index.php?rest_route=%2Fwp%2Fv2%2Fcomments&post=148757"}],"version-history":[{"count":0,"href":"https:\/\/noticiasbahia360.com.br\/index.php?rest_route=\/wp\/v2\/posts\/148757\/revisions"}],"wp:featuredmedia":[{"embeddable":true,"href":"https:\/\/noticiasbahia360.com.br\/index.php?rest_route=\/wp\/v2\/media\/148758"}],"wp:attachment":[{"href":"https:\/\/noticiasbahia360.com.br\/index.php?rest_route=%2Fwp%2Fv2%2Fmedia&parent=148757"}],"wp:term":[{"taxonomy":"category","embeddable":true,"href":"https:\/\/noticiasbahia360.com.br\/index.php?rest_route=%2Fwp%2Fv2%2Fcategories&post=148757"},{"taxonomy":"post_tag","embeddable":true,"href":"https:\/\/noticiasbahia360.com.br\/index.php?rest_route=%2Fwp%2Fv2%2Ftags&post=148757"}],"curies":[{"name":"wp","href":"https:\/\/api.w.org\/{rel}","templated":true}]}}