{"id":148761,"date":"2026-09-03T20:03:37","date_gmt":"2026-09-03T23:03:37","guid":{"rendered":"https:\/\/noticiasbahia360.com.br\/?p=148761"},"modified":"2026-09-03T20:03:37","modified_gmt":"2026-09-03T23:03:37","slug":"policial-fica-ferido-apos-viatura-da-prf-capotar-na-br-324","status":"publish","type":"post","link":"https:\/\/noticiasbahia360.com.br\/?p=148761","title":{"rendered":"Policial fica ferido ap\u00f3s viatura da PRF capotar na BR-324"},"content":{"rendered":"<div>\n<div>\n<figure><img decoding=\"async\" src=\"http:\/\/noticiasbahia360.com.br\/wp-content\/uploads\/2026\/09\/Policial-fica-ferido-apos-viatura-da-PRF-capotar-na-BR-324-Foto-PRF.jpg\" alt=\"Policial fica ferido ap\u00f3s viatura da PRF capotar na BR-324\"><figcaption>Foto: PRF<\/figcaption><\/figure>\n<\/div>\n<p class=\"wp-block-paragraph\">Um policial ficou ferido ap\u00f3s uma viatura da Pol\u00edcia Rodovi\u00e1ria Federal (PRF) capotar na tarde desta quinta-feira (3), na BR-324, em Am\u00e9lia Rodrigues. O acidente aconteceu no Km 547, na ladeira da Imbira, por volta das 12h30. <\/p>\n<p class=\"wp-block-paragraph\">Segundo informa\u00e7\u00f5es apuradas pelo Acorda Cidade, no ve\u00edculo havia dois policiais. Um deles quebrou um dedo da m\u00e3o. Enquanto que o outro n\u00e3o teve ferimentos. Ambos estavam utilizando o cinto de seguran\u00e7a.<\/p>\n<p class=\"wp-block-paragraph\">A equipe estava se deslocando para atender a um acidente, quando a viatura capotou. Por conta da chuva, a pista estava molhada.<\/p>\n<p class=\"wp-block-paragraph\"><em>Com informa\u00e7\u00f5es da produtora Daniela Cardoso, do Acorda Cidade.<\/em><\/p>\n<p class=\"wp-block-paragraph\"><em>Siga o Acorda Cidade no\u00a0<\/em><a href=\"https:\/\/news.google.com\/search?q=acorda%20cidade&amp;hl=pt-BR&amp;gl=BR&amp;ceid=BR%3Apt-419\"><strong><em>Google Not\u00edcias<\/em><\/strong><\/a><em>\u00a0e receba os principais destaques do dia. Participe tamb\u00e9m dos nossos canais no\u00a0<\/em><a href=\"https:\/\/whatsapp.com\/channel\/0029Va6Rb4v3WHTNnsh8WI3N\"><strong><em>WhatsApp<\/em><\/strong><\/a><em>\u00a0e\u00a0<\/em><a href=\"https:\/\/www.youtube.com\/@acordacidadenoticias\/videos\"><strong>YouTube<\/strong><\/a><em>\u00a0e do grupo no\u00a0<\/em><a href=\"https:\/\/t.me\/+sSz0khrgARA0ZmRh\"><strong><em>Telegram<\/em><\/strong><\/a><\/p>\n<\/div>\n","protected":false},"excerpt":{"rendered":"<p>Foto: PRF Um policial ficou ferido ap\u00f3s uma viatura da Pol\u00edcia Rodovi\u00e1ria Federal (PRF) capotar<\/p>\n","protected":false},"author":1,"featured_media":148762,"comment_status":"closed","ping_status":"closed","sticky":false,"template":"","format":"gallery","meta":{"footnotes":""},"categories":[8,9,6,57,56,10],"tags":[],"class_list":["post-148761","post","type-post","status-publish","format-gallery","has-post-thumbnail","hentry","category-bahia","category-brasil","category-feira-de-santana","category-mundo","category-policia","category-politica","post_format-post-format-gallery"],"featured_image_urls":{"full":["https:\/\/noticiasbahia360.com.br\/wp-content\/uploads\/2026\/09\/Policial-fica-ferido-apos-viatura-da-PRF-capotar-na-BR-324-Foto-PRF.jpg",1200,933,false],"thumbnail":["https:\/\/noticiasbahia360.com.br\/wp-content\/uploads\/2026\/09\/Policial-fica-ferido-apos-viatura-da-PRF-capotar-na-BR-324-Foto-PRF-150x150.jpg",150,150,true],"medium":["https:\/\/noticiasbahia360.com.br\/wp-content\/uploads\/2026\/09\/Policial-fica-ferido-apos-viatura-da-PRF-capotar-na-BR-324-Foto-PRF-300x233.jpg",300,233,true],"medium_large":["https:\/\/noticiasbahia360.com.br\/wp-content\/uploads\/2026\/09\/Policial-fica-ferido-apos-viatura-da-PRF-capotar-na-BR-324-Foto-PRF-768x597.jpg",640,498,true],"large":["https:\/\/noticiasbahia360.com.br\/wp-content\/uploads\/2026\/09\/Policial-fica-ferido-apos-viatura-da-PRF-capotar-na-BR-324-Foto-PRF-1024x796.jpg",640,498,true],"1536x1536":["https:\/\/noticiasbahia360.com.br\/wp-content\/uploads\/2026\/09\/Policial-fica-ferido-apos-viatura-da-PRF-capotar-na-BR-324-Foto-PRF.jpg",1200,933,false],"2048x2048":["https:\/\/noticiasbahia360.com.br\/wp-content\/uploads\/2026\/09\/Policial-fica-ferido-apos-viatura-da-PRF-capotar-na-BR-324-Foto-PRF.jpg",1200,933,false],"chromenews-featured":["https:\/\/noticiasbahia360.com.br\/wp-content\/uploads\/2026\/09\/Policial-fica-ferido-apos-viatura-da-PRF-capotar-na-BR-324-Foto-PRF-1024x796.jpg",1024,796,true],"chromenews-large":["https:\/\/noticiasbahia360.com.br\/wp-content\/uploads\/2026\/09\/Policial-fica-ferido-apos-viatura-da-PRF-capotar-na-BR-324-Foto-PRF-825x575.jpg",825,575,true],"chromenews-medium":["https:\/\/noticiasbahia360.com.br\/wp-content\/uploads\/2026\/09\/Policial-fica-ferido-apos-viatura-da-PRF-capotar-na-BR-324-Foto-PRF-590x410.jpg",590,410,true]},"author_info":{"display_name":"noticiasbahia360.com.br","author_link":"https:\/\/noticiasbahia360.com.br\/?author=1"},"category_info":"<a href=\"https:\/\/noticiasbahia360.com.br\/?cat=8\" rel=\"category\">Bahia<\/a> <a href=\"https:\/\/noticiasbahia360.com.br\/?cat=9\" rel=\"category\">Brasil<\/a> <a href=\"https:\/\/noticiasbahia360.com.br\/?cat=6\" rel=\"category\">Feira de Santana<\/a> <a href=\"https:\/\/noticiasbahia360.com.br\/?cat=57\" rel=\"category\">Mundo<\/a> <a href=\"https:\/\/noticiasbahia360.com.br\/?cat=56\" rel=\"category\">Pol\u00edcia<\/a> <a href=\"https:\/\/noticiasbahia360.com.br\/?cat=10\" rel=\"category\">Pol\u00edtica<\/a>","tag_info":"Pol\u00edtica","comment_count":"0","_links":{"self":[{"href":"https:\/\/noticiasbahia360.com.br\/index.php?rest_route=\/wp\/v2\/posts\/148761","targetHints":{"allow":["GET"]}}],"collection":[{"href":"https:\/\/noticiasbahia360.com.br\/index.php?rest_route=\/wp\/v2\/posts"}],"about":[{"href":"https:\/\/noticiasbahia360.com.br\/index.php?rest_route=\/wp\/v2\/types\/post"}],"author":[{"embeddable":true,"href":"https:\/\/noticiasbahia360.com.br\/index.php?rest_route=\/wp\/v2\/users\/1"}],"replies":[{"embeddable":true,"href":"https:\/\/noticiasbahia360.com.br\/index.php?rest_route=%2Fwp%2Fv2%2Fcomments&post=148761"}],"version-history":[{"count":0,"href":"https:\/\/noticiasbahia360.com.br\/index.php?rest_route=\/wp\/v2\/posts\/148761\/revisions"}],"wp:featuredmedia":[{"embeddable":true,"href":"https:\/\/noticiasbahia360.com.br\/index.php?rest_route=\/wp\/v2\/media\/148762"}],"wp:attachment":[{"href":"https:\/\/noticiasbahia360.com.br\/index.php?rest_route=%2Fwp%2Fv2%2Fmedia&parent=148761"}],"wp:term":[{"taxonomy":"category","embeddable":true,"href":"https:\/\/noticiasbahia360.com.br\/index.php?rest_route=%2Fwp%2Fv2%2Fcategories&post=148761"},{"taxonomy":"post_tag","embeddable":true,"href":"https:\/\/noticiasbahia360.com.br\/index.php?rest_route=%2Fwp%2Fv2%2Ftags&post=148761"}],"curies":[{"name":"wp","href":"https:\/\/api.w.org\/{rel}","templated":true}]}}