{"id":148763,"date":"2026-09-03T20:03:38","date_gmt":"2026-09-03T23:03:38","guid":{"rendered":"https:\/\/noticiasbahia360.com.br\/?p=148763"},"modified":"2026-09-03T20:03:38","modified_gmt":"2026-09-03T23:03:38","slug":"pedreiro-elogiado-por-magistrados-ganha-bolsa-integral-para-cursar-direito-em-manaus","status":"publish","type":"post","link":"https:\/\/noticiasbahia360.com.br\/?p=148763","title":{"rendered":"Pedreiro elogiado por magistrados ganha bolsa integral para cursar Direito em Manaus"},"content":{"rendered":"<div>\n<div>\n<figure><img decoding=\"async\" src=\"http:\/\/noticiasbahia360.com.br\/wp-content\/uploads\/2026\/09\/Pedreiro-Edilson-Takahara-ganhou-uma-bolsa-para-estudar-Direito-em-Manaus-Foto-Arquivo-Pessoal.jpg\" alt=\"Pedreiro Edilson Takahara ganhou uma bolsa para estudar Direito em Manaus\"><figcaption>Pedreiro Edilson Takahara ganhou uma bolsa para estudar Direito em Manaus | Foto: Arquivo Pessoal<\/figcaption><\/figure>\n<\/div>\n<p class=\"wp-block-paragraph\">O\u00a0pedreiro Edilson Takahara, que foi elogiado por magistrados no Amazonas ap\u00f3s fazer a pr\u00f3pria sustenta\u00e7\u00e3o oral durante o julgamento de um processo trabalhista, ganhou uma bolsa integral para cursar Direito em uma faculdade particular de\u00a0Manaus.<\/p>\n<p class=\"wp-block-paragraph\">A oportunidade surgiu ap\u00f3s a repercuss\u00e3o do v\u00eddeo de Edilson no Tribunal Regional do Trabalho da 11\u00aa Regi\u00e3o (TRT-11). Ao\u00a0g1, o trabalhador contou que foi convidado para participar de uma conversa com alunos do curso de Direito da universidade e, ap\u00f3s o encontro, recebeu a oferta da bolsa.<\/p>\n<blockquote class=\"wp-block-quote has-medium-font-size is-layout-flow wp-block-quote-is-layout-flow\">\n<p class=\"wp-block-paragraph\">Jamais imaginava que pudesse inspirar algu\u00e9m\u201d.<\/p>\n<\/blockquote>\n<p class=\"wp-block-paragraph\">Segundo o pedreiro, o convite surgiu pouco depois de o v\u00eddeo da sustenta\u00e7\u00e3o ganhar repercuss\u00e3o. Edilson disse que foi ao encontro sem imaginar que a conversa resultaria em uma oportunidade para iniciar uma forma\u00e7\u00e3o na \u00e1rea jur\u00eddica.<\/p>\n<blockquote class=\"wp-block-quote is-layout-flow wp-block-quote-is-layout-flow\">\n<p class=\"has-medium-font-size wp-block-paragraph\">Eu fui, foi at\u00e9 engra\u00e7ado, comecei a rir muito, porque eu jamais imaginava que pudesse inspirar algu\u00e9m. Fui l\u00e1, teve esse bate-papo, teve uma entrevista e a oferta da bolsa integral\u201d, afirmou.<\/p>\n<\/blockquote>\n<h2 id=\"h-das-obras-a-universidade-uma-nova-rotina\" class=\"wp-block-heading\">Das obras \u00e0 universidade: uma nova rotina<\/h2>\n<p class=\"wp-block-paragraph\">Edilson revelou que sempre gostou muito de estudar, e que al\u00e9m do Ensino M\u00e9dio completo, ele fez um curso t\u00e9cnico em Nutri\u00e7\u00e3o e cursos \u00e0 dist\u00e2ncia para mestre de obras e agropecu\u00e1ria. Cursar a faculdade de Direito, no entanto, nunca foi um sonho. Ele confessa que pensou em recusar o convite, mas mudou de ideia ao descobrir as possibilidades na \u00e1rea.<\/p>\n<blockquote class=\"wp-block-quote is-layout-flow wp-block-quote-is-layout-flow\">\n<p class=\"has-medium-font-size wp-block-paragraph\">Antes eu n\u00e3o queria, porque ainda tinha um pensamento fechado, imaginando que o curso de Direito era voltado para a advocacia. Depois acabei sendo convencido de que existe, depois da forma\u00e7\u00e3o em Direito, outro jeito, outras oportunidades al\u00e9m da advocacia.\u201d<\/p>\n<\/blockquote>\n<p class=\"wp-block-paragraph\">Com a bolsa integral, Edilson agora ter\u00e1 que reorganizar a rotina para conciliar o trabalho que j\u00e1 exerce com as aulas do curso de Direito, que ser\u00e3o realizadas no per\u00edodo noturno.<\/p>\n<blockquote class=\"wp-block-quote is-layout-flow wp-block-quote-is-layout-flow\">\n<p class=\"has-medium-font-size wp-block-paragraph\">A princ\u00edpio eu preciso reorganizar o meu dia a dia e tentar conciliar o trabalho que eu j\u00e1 fa\u00e7o com o estudo, que vai ser no per\u00edodo noturno\u201d, explicou.<\/p>\n<\/blockquote>\n<p class=\"wp-block-paragraph\">Segundo ele, outras ofertas de ajuda tamb\u00e9m surgiram ap\u00f3s a repercuss\u00e3o do v\u00eddeo, mas ainda est\u00e3o sendo analisadas. Edilson afirmou que ainda est\u00e1 se adaptando \u00e0s mudan\u00e7as provocadas pela repercuss\u00e3o inesperada da sustenta\u00e7\u00e3o.<\/p>\n<blockquote class=\"wp-block-quote is-layout-flow wp-block-quote-is-layout-flow\">\n<p class=\"has-medium-font-size wp-block-paragraph\">Para mim foi uma coisa muito inesperada. Nunca me passou pela cabe\u00e7a que pudesse ocorrer esse tipo de situa\u00e7\u00e3o\u201d, disse.<\/p>\n<\/blockquote>\n<p class=\"wp-block-paragraph\">Apesar da surpresa, o pedreiro acredita que a repercuss\u00e3o da defesa feita por ele no tribunal ainda possa abrir outras oportunidades.<\/p>\n<blockquote class=\"wp-block-quote is-layout-flow wp-block-quote-is-layout-flow\">\n<p class=\"has-medium-font-size wp-block-paragraph\">Me reorganizando, acredito que devem surgir mais oportunidades muito positivas\u201d, afirmou.<\/p>\n<\/blockquote>\n<h2 id=\"h-julgamento-viralizou-apos-elogios\" class=\"wp-block-heading\">Julgamento viralizou ap\u00f3s elogios<\/h2>\n<p class=\"wp-block-paragraph\">Edilson ganhou repercuss\u00e3o ap\u00f3s\u00a0comparecer pessoalmente ao TRT-11 para defender seus argumentos em um processo\u00a0no qual buscava o reconhecimento de v\u00ednculo empregat\u00edcio com uma empresa para a qual trabalhou em uma obra em Manaus.\u00a0<\/p>\n<p class=\"wp-block-paragraph\">Para fazer a sustenta\u00e7\u00e3o oral, ele estudou aspectos b\u00e1sicos da Consolida\u00e7\u00e3o das Leis do Trabalho (CLT) e analisou o pr\u00f3prio processo. Durante a sess\u00e3o, apresentou argumentos contra a tese da empresa de que teria atuado como trabalhador aut\u00f4nomo.<\/p>\n<p class=\"wp-block-paragraph\">A fala chamou a aten\u00e7\u00e3o dos magistrados. O relator do processo, juiz convocado Sandro Nahmias Melo, elogiou a organiza\u00e7\u00e3o dos argumentos e brincou que o pedreiro poderia mudar de profiss\u00e3o.<\/p>\n<blockquote class=\"wp-block-quote is-layout-flow wp-block-quote-is-layout-flow\">\n<p class=\"has-medium-font-size wp-block-paragraph\">Pode mudar de profiss\u00e3o porque a l\u00f3gica de argumentos acaba sendo melhor do que muitas sustenta\u00e7\u00f5es que essa turma tem ouvido\u201d, afirmou o magistrado.<\/p>\n<\/blockquote>\n<p class=\"wp-block-paragraph\">Outro integrante da sess\u00e3o tamb\u00e9m destacou a capacidade demonstrada por Edilson e a possibilidade de um cidad\u00e3o defender pessoalmente os pr\u00f3prios interesses perante a Justi\u00e7a.<\/p>\n<p class=\"wp-block-paragraph\"><em>Fonte: g1<\/em><\/p>\n<p class=\"wp-block-paragraph\"><em>Siga o Acorda Cidade no\u00a0<\/em><a href=\"https:\/\/news.google.com\/search?q=acorda%20cidade&amp;hl=pt-BR&amp;gl=BR&amp;ceid=BR%3Apt-419\"><strong><em>Google Not\u00edcias<\/em><\/strong><\/a><em>\u00a0e receba os principais destaques do dia. Participe tamb\u00e9m dos nossos canais no\u00a0<\/em><a href=\"https:\/\/whatsapp.com\/channel\/0029Va6Rb4v3WHTNnsh8WI3N\"><strong><em>WhatsApp<\/em><\/strong><\/a><em>\u00a0e\u00a0<\/em><a href=\"https:\/\/www.youtube.com\/@acordacidadenoticias\/videos\"><strong>YouTube<\/strong><\/a><em>\u00a0e do grupo no\u00a0<\/em><a href=\"https:\/\/t.me\/+sSz0khrgARA0ZmRh\"><strong><em>Telegram<\/em><\/strong><\/a><\/p>\n<\/div>\n","protected":false},"excerpt":{"rendered":"<p>Pedreiro Edilson Takahara ganhou uma bolsa para estudar Direito em Manaus | Foto: Arquivo Pessoal<\/p>\n","protected":false},"author":1,"featured_media":148764,"comment_status":"closed","ping_status":"closed","sticky":false,"template":"","format":"gallery","meta":{"footnotes":""},"categories":[8,9,6,57,56,10],"tags":[],"class_list":["post-148763","post","type-post","status-publish","format-gallery","has-post-thumbnail","hentry","category-bahia","category-brasil","category-feira-de-santana","category-mundo","category-policia","category-politica","post_format-post-format-gallery"],"featured_image_urls":{"full":["https:\/\/noticiasbahia360.com.br\/wp-content\/uploads\/2026\/09\/Pedreiro-Edilson-Takahara-ganhou-uma-bolsa-para-estudar-Direito-em-Manaus-Foto-Arquivo-Pessoal.jpg",1200,800,false],"thumbnail":["https:\/\/noticiasbahia360.com.br\/wp-content\/uploads\/2026\/09\/Pedreiro-Edilson-Takahara-ganhou-uma-bolsa-para-estudar-Direito-em-Manaus-Foto-Arquivo-Pessoal-150x150.jpg",150,150,true],"medium":["https:\/\/noticiasbahia360.com.br\/wp-content\/uploads\/2026\/09\/Pedreiro-Edilson-Takahara-ganhou-uma-bolsa-para-estudar-Direito-em-Manaus-Foto-Arquivo-Pessoal-300x200.jpg",300,200,true],"medium_large":["https:\/\/noticiasbahia360.com.br\/wp-content\/uploads\/2026\/09\/Pedreiro-Edilson-Takahara-ganhou-uma-bolsa-para-estudar-Direito-em-Manaus-Foto-Arquivo-Pessoal-768x512.jpg",640,427,true],"large":["https:\/\/noticiasbahia360.com.br\/wp-content\/uploads\/2026\/09\/Pedreiro-Edilson-Takahara-ganhou-uma-bolsa-para-estudar-Direito-em-Manaus-Foto-Arquivo-Pessoal-1024x683.jpg",640,427,true],"1536x1536":["https:\/\/noticiasbahia360.com.br\/wp-content\/uploads\/2026\/09\/Pedreiro-Edilson-Takahara-ganhou-uma-bolsa-para-estudar-Direito-em-Manaus-Foto-Arquivo-Pessoal.jpg",1200,800,false],"2048x2048":["https:\/\/noticiasbahia360.com.br\/wp-content\/uploads\/2026\/09\/Pedreiro-Edilson-Takahara-ganhou-uma-bolsa-para-estudar-Direito-em-Manaus-Foto-Arquivo-Pessoal.jpg",1200,800,false],"chromenews-featured":["https:\/\/noticiasbahia360.com.br\/wp-content\/uploads\/2026\/09\/Pedreiro-Edilson-Takahara-ganhou-uma-bolsa-para-estudar-Direito-em-Manaus-Foto-Arquivo-Pessoal-1024x683.jpg",1024,683,true],"chromenews-large":["https:\/\/noticiasbahia360.com.br\/wp-content\/uploads\/2026\/09\/Pedreiro-Edilson-Takahara-ganhou-uma-bolsa-para-estudar-Direito-em-Manaus-Foto-Arquivo-Pessoal-825x575.jpg",825,575,true],"chromenews-medium":["https:\/\/noticiasbahia360.com.br\/wp-content\/uploads\/2026\/09\/Pedreiro-Edilson-Takahara-ganhou-uma-bolsa-para-estudar-Direito-em-Manaus-Foto-Arquivo-Pessoal-590x410.jpg",590,410,true]},"author_info":{"display_name":"noticiasbahia360.com.br","author_link":"https:\/\/noticiasbahia360.com.br\/?author=1"},"category_info":"<a href=\"https:\/\/noticiasbahia360.com.br\/?cat=8\" rel=\"category\">Bahia<\/a> <a href=\"https:\/\/noticiasbahia360.com.br\/?cat=9\" rel=\"category\">Brasil<\/a> <a href=\"https:\/\/noticiasbahia360.com.br\/?cat=6\" rel=\"category\">Feira de Santana<\/a> <a href=\"https:\/\/noticiasbahia360.com.br\/?cat=57\" rel=\"category\">Mundo<\/a> <a href=\"https:\/\/noticiasbahia360.com.br\/?cat=56\" rel=\"category\">Pol\u00edcia<\/a> <a href=\"https:\/\/noticiasbahia360.com.br\/?cat=10\" rel=\"category\">Pol\u00edtica<\/a>","tag_info":"Pol\u00edtica","comment_count":"0","_links":{"self":[{"href":"https:\/\/noticiasbahia360.com.br\/index.php?rest_route=\/wp\/v2\/posts\/148763","targetHints":{"allow":["GET"]}}],"collection":[{"href":"https:\/\/noticiasbahia360.com.br\/index.php?rest_route=\/wp\/v2\/posts"}],"about":[{"href":"https:\/\/noticiasbahia360.com.br\/index.php?rest_route=\/wp\/v2\/types\/post"}],"author":[{"embeddable":true,"href":"https:\/\/noticiasbahia360.com.br\/index.php?rest_route=\/wp\/v2\/users\/1"}],"replies":[{"embeddable":true,"href":"https:\/\/noticiasbahia360.com.br\/index.php?rest_route=%2Fwp%2Fv2%2Fcomments&post=148763"}],"version-history":[{"count":0,"href":"https:\/\/noticiasbahia360.com.br\/index.php?rest_route=\/wp\/v2\/posts\/148763\/revisions"}],"wp:featuredmedia":[{"embeddable":true,"href":"https:\/\/noticiasbahia360.com.br\/index.php?rest_route=\/wp\/v2\/media\/148764"}],"wp:attachment":[{"href":"https:\/\/noticiasbahia360.com.br\/index.php?rest_route=%2Fwp%2Fv2%2Fmedia&parent=148763"}],"wp:term":[{"taxonomy":"category","embeddable":true,"href":"https:\/\/noticiasbahia360.com.br\/index.php?rest_route=%2Fwp%2Fv2%2Fcategories&post=148763"},{"taxonomy":"post_tag","embeddable":true,"href":"https:\/\/noticiasbahia360.com.br\/index.php?rest_route=%2Fwp%2Fv2%2Ftags&post=148763"}],"curies":[{"name":"wp","href":"https:\/\/api.w.org\/{rel}","templated":true}]}}