{"id":148765,"date":"2026-09-03T21:04:46","date_gmt":"2026-09-04T00:04:46","guid":{"rendered":"https:\/\/noticiasbahia360.com.br\/?p=148765"},"modified":"2026-09-03T21:04:46","modified_gmt":"2026-09-04T00:04:46","slug":"recem-nascida-e-resgatada-apos-ser-encontrada-em-cesto-e-envolta-em-sacola-em-salvador","status":"publish","type":"post","link":"https:\/\/noticiasbahia360.com.br\/?p=148765","title":{"rendered":"Rec\u00e9m-nascida \u00e9 resgatada ap\u00f3s ser encontrada em cesto e envolta em sacola em Salvador"},"content":{"rendered":"<div>\n<div>\n<figure><img decoding=\"async\" src=\"http:\/\/noticiasbahia360.com.br\/wp-content\/uploads\/2026\/09\/Recem-nascida-e-resgatada-apos-ser-encontrada-em-cesto-e-envolta-em-sacola-em-Salvador-Foto-37a-CIPM-.jpg\" alt=\"Rec\u00e9m-nascida \u00e9 resgatada ap\u00f3s ser encontrada em cesto e envolta em sacola em Salvador\"><figcaption>Foto: 37\u00aa CIPM<\/figcaption><\/figure>\n<\/div>\n<p class=\"wp-block-paragraph\">Uma rec\u00e9m-nascida foi resgatada por policiais militares da 37\u00aa Companhia Independente de Pol\u00edcia Militar (CIPM), na tarde desta quinta-feira (3), ap\u00f3s ser encontrada abandonada dentro de um cesto e envolta em uma sacola pl\u00e1stica, na Rua da Gal\u00edcia, no bairro do Iapi, em Salvador.<\/p>\n<p class=\"wp-block-paragraph\">Um morador compareceu \u00e0 sede da unidade e informou aos policiais que havia acabado de encontrar a crian\u00e7a abandonada na via p\u00fablica. De imediato, uma equipe foi deslocada at\u00e9 o endere\u00e7o, onde confirmou a situa\u00e7\u00e3o.<\/p>\n<p class=\"wp-block-paragraph\">No local, populares relataram aos militares que uma mulher, ainda n\u00e3o identificada, teria deixado o cesto com a crian\u00e7a na rua e fugido em seguida. Foram realizadas buscas e rondas em toda a regi\u00e3o, na tentativa de localizar a suspeita, mas ela n\u00e3o foi encontrada.<\/p>\n<p class=\"wp-block-paragraph\">Diante da urg\u00eancia, os policiais militares prestaram o socorro imediato e encaminharam a rec\u00e9m-nascida para a Maternidade Tsylla Balbino, onde recebeu atendimento m\u00e9dico.<br \/>Segundo informa\u00e7\u00f5es da equipe m\u00e9dica, a beb\u00ea n\u00e3o apresentava sinais aparentes de les\u00f5es, havendo a suspeita de que tenha nascido no mesmo dia em que foi encontrada. O caso ser\u00e1 acompanhado pelo Conselho Tutelar e pelas autoridades competentes.<\/p>\n<p class=\"wp-block-paragraph\"><em>Siga o Acorda Cidade no\u00a0<\/em><a href=\"https:\/\/news.google.com\/search?q=acorda%20cidade&amp;hl=pt-BR&amp;gl=BR&amp;ceid=BR%3Apt-419\"><strong><em>Google Not\u00edcias<\/em><\/strong><\/a><em>\u00a0e receba os principais destaques do dia. Participe tamb\u00e9m dos nossos canais no\u00a0<\/em><a href=\"https:\/\/whatsapp.com\/channel\/0029Va6Rb4v3WHTNnsh8WI3N\"><strong><em>WhatsApp<\/em><\/strong><\/a><em>\u00a0e\u00a0<\/em><a href=\"https:\/\/www.youtube.com\/@acordacidadenoticias\/videos\"><strong>YouTube<\/strong><\/a><em>\u00a0e do grupo no\u00a0<\/em><a href=\"https:\/\/t.me\/+sSz0khrgARA0ZmRh\"><strong><em>Telegram<\/em><\/strong><\/a><\/p>\n<\/div>\n","protected":false},"excerpt":{"rendered":"<p>Foto: 37\u00aa CIPM Uma rec\u00e9m-nascida foi resgatada por policiais militares da 37\u00aa Companhia Independente de<\/p>\n","protected":false},"author":1,"featured_media":148766,"comment_status":"closed","ping_status":"closed","sticky":false,"template":"","format":"gallery","meta":{"footnotes":""},"categories":[8,9,6,57,56,10],"tags":[],"class_list":["post-148765","post","type-post","status-publish","format-gallery","has-post-thumbnail","hentry","category-bahia","category-brasil","category-feira-de-santana","category-mundo","category-policia","category-politica","post_format-post-format-gallery"],"featured_image_urls":{"full":["https:\/\/noticiasbahia360.com.br\/wp-content\/uploads\/2026\/09\/Recem-nascida-e-resgatada-apos-ser-encontrada-em-cesto-e-envolta-em-sacola-em-Salvador-Foto-37a-CIPM-.jpg",1200,630,false],"thumbnail":["https:\/\/noticiasbahia360.com.br\/wp-content\/uploads\/2026\/09\/Recem-nascida-e-resgatada-apos-ser-encontrada-em-cesto-e-envolta-em-sacola-em-Salvador-Foto-37a-CIPM--150x150.jpg",150,150,true],"medium":["https:\/\/noticiasbahia360.com.br\/wp-content\/uploads\/2026\/09\/Recem-nascida-e-resgatada-apos-ser-encontrada-em-cesto-e-envolta-em-sacola-em-Salvador-Foto-37a-CIPM--300x158.jpg",300,158,true],"medium_large":["https:\/\/noticiasbahia360.com.br\/wp-content\/uploads\/2026\/09\/Recem-nascida-e-resgatada-apos-ser-encontrada-em-cesto-e-envolta-em-sacola-em-Salvador-Foto-37a-CIPM--768x403.jpg",640,336,true],"large":["https:\/\/noticiasbahia360.com.br\/wp-content\/uploads\/2026\/09\/Recem-nascida-e-resgatada-apos-ser-encontrada-em-cesto-e-envolta-em-sacola-em-Salvador-Foto-37a-CIPM--1024x538.jpg",640,336,true],"1536x1536":["https:\/\/noticiasbahia360.com.br\/wp-content\/uploads\/2026\/09\/Recem-nascida-e-resgatada-apos-ser-encontrada-em-cesto-e-envolta-em-sacola-em-Salvador-Foto-37a-CIPM-.jpg",1200,630,false],"2048x2048":["https:\/\/noticiasbahia360.com.br\/wp-content\/uploads\/2026\/09\/Recem-nascida-e-resgatada-apos-ser-encontrada-em-cesto-e-envolta-em-sacola-em-Salvador-Foto-37a-CIPM-.jpg",1200,630,false],"chromenews-featured":["https:\/\/noticiasbahia360.com.br\/wp-content\/uploads\/2026\/09\/Recem-nascida-e-resgatada-apos-ser-encontrada-em-cesto-e-envolta-em-sacola-em-Salvador-Foto-37a-CIPM--1024x538.jpg",1024,538,true],"chromenews-large":["https:\/\/noticiasbahia360.com.br\/wp-content\/uploads\/2026\/09\/Recem-nascida-e-resgatada-apos-ser-encontrada-em-cesto-e-envolta-em-sacola-em-Salvador-Foto-37a-CIPM--825x575.jpg",825,575,true],"chromenews-medium":["https:\/\/noticiasbahia360.com.br\/wp-content\/uploads\/2026\/09\/Recem-nascida-e-resgatada-apos-ser-encontrada-em-cesto-e-envolta-em-sacola-em-Salvador-Foto-37a-CIPM--590x410.jpg",590,410,true]},"author_info":{"display_name":"noticiasbahia360.com.br","author_link":"https:\/\/noticiasbahia360.com.br\/?author=1"},"category_info":"<a href=\"https:\/\/noticiasbahia360.com.br\/?cat=8\" rel=\"category\">Bahia<\/a> <a href=\"https:\/\/noticiasbahia360.com.br\/?cat=9\" rel=\"category\">Brasil<\/a> <a href=\"https:\/\/noticiasbahia360.com.br\/?cat=6\" rel=\"category\">Feira de Santana<\/a> <a href=\"https:\/\/noticiasbahia360.com.br\/?cat=57\" rel=\"category\">Mundo<\/a> <a href=\"https:\/\/noticiasbahia360.com.br\/?cat=56\" rel=\"category\">Pol\u00edcia<\/a> <a href=\"https:\/\/noticiasbahia360.com.br\/?cat=10\" rel=\"category\">Pol\u00edtica<\/a>","tag_info":"Pol\u00edtica","comment_count":"0","_links":{"self":[{"href":"https:\/\/noticiasbahia360.com.br\/index.php?rest_route=\/wp\/v2\/posts\/148765","targetHints":{"allow":["GET"]}}],"collection":[{"href":"https:\/\/noticiasbahia360.com.br\/index.php?rest_route=\/wp\/v2\/posts"}],"about":[{"href":"https:\/\/noticiasbahia360.com.br\/index.php?rest_route=\/wp\/v2\/types\/post"}],"author":[{"embeddable":true,"href":"https:\/\/noticiasbahia360.com.br\/index.php?rest_route=\/wp\/v2\/users\/1"}],"replies":[{"embeddable":true,"href":"https:\/\/noticiasbahia360.com.br\/index.php?rest_route=%2Fwp%2Fv2%2Fcomments&post=148765"}],"version-history":[{"count":0,"href":"https:\/\/noticiasbahia360.com.br\/index.php?rest_route=\/wp\/v2\/posts\/148765\/revisions"}],"wp:featuredmedia":[{"embeddable":true,"href":"https:\/\/noticiasbahia360.com.br\/index.php?rest_route=\/wp\/v2\/media\/148766"}],"wp:attachment":[{"href":"https:\/\/noticiasbahia360.com.br\/index.php?rest_route=%2Fwp%2Fv2%2Fmedia&parent=148765"}],"wp:term":[{"taxonomy":"category","embeddable":true,"href":"https:\/\/noticiasbahia360.com.br\/index.php?rest_route=%2Fwp%2Fv2%2Fcategories&post=148765"},{"taxonomy":"post_tag","embeddable":true,"href":"https:\/\/noticiasbahia360.com.br\/index.php?rest_route=%2Fwp%2Fv2%2Ftags&post=148765"}],"curies":[{"name":"wp","href":"https:\/\/api.w.org\/{rel}","templated":true}]}}