{"id":148767,"date":"2026-09-03T21:04:47","date_gmt":"2026-09-04T00:04:47","guid":{"rendered":"https:\/\/noticiasbahia360.com.br\/?p=148767"},"modified":"2026-09-03T21:04:47","modified_gmt":"2026-09-04T00:04:47","slug":"novo-voo-direto-entre-salvador-e-santiago-amplia-conexao-internacional-da-bahia","status":"publish","type":"post","link":"https:\/\/noticiasbahia360.com.br\/?p=148767","title":{"rendered":"Novo voo direto entre Salvador e Santiago amplia conex\u00e3o internacional da Bahia"},"content":{"rendered":"<div>\n<div>\n<figure><img decoding=\"async\" src=\"http:\/\/noticiasbahia360.com.br\/wp-content\/uploads\/2026\/09\/Novo-voo-direto-entre-Salvador-e-Santiago-amplia-conexao-internacional-da-Bahia-Foto-Wuiga-Rubini-GOVBA.jpg\" alt=\"Novo voo direto entre Salvador e Santiago amplia conex\u00e3o internacional da Bahia\"><figcaption>Foto: Wuiga Rubini\/ GOVBA<\/figcaption><\/figure>\n<\/div>\n<p class=\"wp-block-paragraph\">A Bahia passa a contar com uma nova conex\u00e3o direta na malha a\u00e9rea internacional entre Salvador e Santiago, no Chile. O novo voo da Latam Airlines <a href=\"https:\/\/www.acordacidade.com.br\/bahia\/salvador\/salvador-tera-cinco-voos-diretos-por-semana-para-o-chile-durante-o-verao\/\">foi lan\u00e7ado oficialmente nesta quinta-feira (3)<\/a>, em Salvador, em uma iniciativa articulada pela Secretaria de Turismo do Estado (Setur-BA). Durante o evento, tamb\u00e9m foi anunciada a implanta\u00e7\u00e3o da primeira base da Latam no Nordeste para manuten\u00e7\u00e3o de aeronaves, que funcionar\u00e1 no Aeroporto de Salvador.<\/p>\n<p class=\"wp-block-paragraph\">Inicialmente, ser\u00e3o tr\u00eas voos semanais durante a temporada de ver\u00e3o. As partidas de Salvador ser\u00e3o \u00e0s quartas, sextas e domingos, \u00e0s 21h15, com chegada a Santiago \u00e0s 3h do dia seguinte. No sentido inverso, os voos sair\u00e3o da capital chilena \u00e0s segundas, quintas e s\u00e1bados, \u00e0s 4h30, chegando a Salvador \u00e0s 10h. A opera\u00e7\u00e3o do voo come\u00e7a a operar em 3 de janeiro de 2027 e, a partir de mar\u00e7o, contar\u00e1 com uma frequ\u00eancia semanal. As passagens a\u00e9reas estar\u00e3o dispon\u00edveis a partir deste s\u00e1bado (29), no site da Latam e nos demais canais de venda da companhia.<\/p>\n<h2 id=\"h-primeira-base-da-latam-no-nordeste\" class=\"wp-block-heading\">Primeira base da Latam no Nordeste<\/h2>\n<p class=\"wp-block-paragraph\">A implanta\u00e7\u00e3o da primeira base da Latam no Nordeste para manuten\u00e7\u00e3o de aeronaves amplia a estrutura da companhia em Salvador e acompanha o crescimento da opera\u00e7\u00e3o na regi\u00e3o. A unidade ter\u00e1 atividades voltadas \u00e0 manuten\u00e7\u00e3o aeron\u00e1utica e tamb\u00e9m deve ampliar a oferta de postos de trabalho especializados.<\/p>\n<p class=\"wp-block-paragraph\"><strong>Leia tamb\u00e9m: <\/strong><a href=\"https:\/\/www.acordacidade.com.br\/bahia\/salvador\/salvador-tera-cinco-voos-diretos-por-semana-para-o-chile-durante-o-verao\/\">Salvador ter\u00e1 cinco voos diretos por semana para o Chile durante o ver\u00e3o<\/a><\/p>\n<p class=\"wp-block-paragraph\"><em>Siga o Acorda Cidade no\u00a0<\/em><a href=\"https:\/\/news.google.com\/search?q=acorda%20cidade&amp;hl=pt-BR&amp;gl=BR&amp;ceid=BR%3Apt-419\"><strong><em>Google Not\u00edcias<\/em><\/strong><\/a><em>\u00a0e receba os principais destaques do dia. Participe tamb\u00e9m dos nossos canais no\u00a0<\/em><a href=\"https:\/\/whatsapp.com\/channel\/0029Va6Rb4v3WHTNnsh8WI3N\"><strong><em>WhatsApp<\/em><\/strong><\/a><em>\u00a0e\u00a0<\/em><a href=\"https:\/\/www.youtube.com\/@acordacidadenoticias\/videos\"><strong>YouTube<\/strong><\/a><em>\u00a0e do grupo no\u00a0<\/em><a href=\"https:\/\/t.me\/+sSz0khrgARA0ZmRh\"><strong><em>Telegram<\/em><\/strong><\/a><\/p>\n<\/div>\n","protected":false},"excerpt":{"rendered":"<p>Foto: Wuiga Rubini\/ GOVBA A Bahia passa a contar com uma nova conex\u00e3o direta na<\/p>\n","protected":false},"author":1,"featured_media":148768,"comment_status":"closed","ping_status":"closed","sticky":false,"template":"","format":"gallery","meta":{"footnotes":""},"categories":[8,9,6,57,56,10],"tags":[],"class_list":["post-148767","post","type-post","status-publish","format-gallery","has-post-thumbnail","hentry","category-bahia","category-brasil","category-feira-de-santana","category-mundo","category-policia","category-politica","post_format-post-format-gallery"],"featured_image_urls":{"full":["https:\/\/noticiasbahia360.com.br\/wp-content\/uploads\/2026\/09\/Novo-voo-direto-entre-Salvador-e-Santiago-amplia-conexao-internacional-da-Bahia-Foto-Wuiga-Rubini-GOVBA.jpg",1200,630,false],"thumbnail":["https:\/\/noticiasbahia360.com.br\/wp-content\/uploads\/2026\/09\/Novo-voo-direto-entre-Salvador-e-Santiago-amplia-conexao-internacional-da-Bahia-Foto-Wuiga-Rubini-GOVBA-150x150.jpg",150,150,true],"medium":["https:\/\/noticiasbahia360.com.br\/wp-content\/uploads\/2026\/09\/Novo-voo-direto-entre-Salvador-e-Santiago-amplia-conexao-internacional-da-Bahia-Foto-Wuiga-Rubini-GOVBA-300x158.jpg",300,158,true],"medium_large":["https:\/\/noticiasbahia360.com.br\/wp-content\/uploads\/2026\/09\/Novo-voo-direto-entre-Salvador-e-Santiago-amplia-conexao-internacional-da-Bahia-Foto-Wuiga-Rubini-GOVBA-768x403.jpg",640,336,true],"large":["https:\/\/noticiasbahia360.com.br\/wp-content\/uploads\/2026\/09\/Novo-voo-direto-entre-Salvador-e-Santiago-amplia-conexao-internacional-da-Bahia-Foto-Wuiga-Rubini-GOVBA-1024x538.jpg",640,336,true],"1536x1536":["https:\/\/noticiasbahia360.com.br\/wp-content\/uploads\/2026\/09\/Novo-voo-direto-entre-Salvador-e-Santiago-amplia-conexao-internacional-da-Bahia-Foto-Wuiga-Rubini-GOVBA.jpg",1200,630,false],"2048x2048":["https:\/\/noticiasbahia360.com.br\/wp-content\/uploads\/2026\/09\/Novo-voo-direto-entre-Salvador-e-Santiago-amplia-conexao-internacional-da-Bahia-Foto-Wuiga-Rubini-GOVBA.jpg",1200,630,false],"chromenews-featured":["https:\/\/noticiasbahia360.com.br\/wp-content\/uploads\/2026\/09\/Novo-voo-direto-entre-Salvador-e-Santiago-amplia-conexao-internacional-da-Bahia-Foto-Wuiga-Rubini-GOVBA-1024x538.jpg",1024,538,true],"chromenews-large":["https:\/\/noticiasbahia360.com.br\/wp-content\/uploads\/2026\/09\/Novo-voo-direto-entre-Salvador-e-Santiago-amplia-conexao-internacional-da-Bahia-Foto-Wuiga-Rubini-GOVBA-825x575.jpg",825,575,true],"chromenews-medium":["https:\/\/noticiasbahia360.com.br\/wp-content\/uploads\/2026\/09\/Novo-voo-direto-entre-Salvador-e-Santiago-amplia-conexao-internacional-da-Bahia-Foto-Wuiga-Rubini-GOVBA-590x410.jpg",590,410,true]},"author_info":{"display_name":"noticiasbahia360.com.br","author_link":"https:\/\/noticiasbahia360.com.br\/?author=1"},"category_info":"<a href=\"https:\/\/noticiasbahia360.com.br\/?cat=8\" rel=\"category\">Bahia<\/a> <a href=\"https:\/\/noticiasbahia360.com.br\/?cat=9\" rel=\"category\">Brasil<\/a> <a href=\"https:\/\/noticiasbahia360.com.br\/?cat=6\" rel=\"category\">Feira de Santana<\/a> <a href=\"https:\/\/noticiasbahia360.com.br\/?cat=57\" rel=\"category\">Mundo<\/a> <a href=\"https:\/\/noticiasbahia360.com.br\/?cat=56\" rel=\"category\">Pol\u00edcia<\/a> <a href=\"https:\/\/noticiasbahia360.com.br\/?cat=10\" rel=\"category\">Pol\u00edtica<\/a>","tag_info":"Pol\u00edtica","comment_count":"0","_links":{"self":[{"href":"https:\/\/noticiasbahia360.com.br\/index.php?rest_route=\/wp\/v2\/posts\/148767","targetHints":{"allow":["GET"]}}],"collection":[{"href":"https:\/\/noticiasbahia360.com.br\/index.php?rest_route=\/wp\/v2\/posts"}],"about":[{"href":"https:\/\/noticiasbahia360.com.br\/index.php?rest_route=\/wp\/v2\/types\/post"}],"author":[{"embeddable":true,"href":"https:\/\/noticiasbahia360.com.br\/index.php?rest_route=\/wp\/v2\/users\/1"}],"replies":[{"embeddable":true,"href":"https:\/\/noticiasbahia360.com.br\/index.php?rest_route=%2Fwp%2Fv2%2Fcomments&post=148767"}],"version-history":[{"count":0,"href":"https:\/\/noticiasbahia360.com.br\/index.php?rest_route=\/wp\/v2\/posts\/148767\/revisions"}],"wp:featuredmedia":[{"embeddable":true,"href":"https:\/\/noticiasbahia360.com.br\/index.php?rest_route=\/wp\/v2\/media\/148768"}],"wp:attachment":[{"href":"https:\/\/noticiasbahia360.com.br\/index.php?rest_route=%2Fwp%2Fv2%2Fmedia&parent=148767"}],"wp:term":[{"taxonomy":"category","embeddable":true,"href":"https:\/\/noticiasbahia360.com.br\/index.php?rest_route=%2Fwp%2Fv2%2Fcategories&post=148767"},{"taxonomy":"post_tag","embeddable":true,"href":"https:\/\/noticiasbahia360.com.br\/index.php?rest_route=%2Fwp%2Fv2%2Ftags&post=148767"}],"curies":[{"name":"wp","href":"https:\/\/api.w.org\/{rel}","templated":true}]}}