{"id":148769,"date":"2026-09-03T21:04:48","date_gmt":"2026-09-04T00:04:48","guid":{"rendered":"https:\/\/noticiasbahia360.com.br\/?p=148769"},"modified":"2026-09-03T21:04:48","modified_gmt":"2026-09-04T00:04:48","slug":"operacao-mobile-360-recupera-mais-de-2-mil-celulares-e-prepara-devolucao-de-15-mil-na-bahia","status":"publish","type":"post","link":"https:\/\/noticiasbahia360.com.br\/?p=148769","title":{"rendered":"Opera\u00e7\u00e3o Mobile 360\u00b0 recupera mais de 2 mil celulares e prepara devolu\u00e7\u00e3o de 1,5 mil na Bahia"},"content":{"rendered":"<div>\n<div>\n<figure><img decoding=\"async\" src=\"http:\/\/noticiasbahia360.com.br\/wp-content\/uploads\/2026\/09\/Operacao-Mobile-360-recupera-mais-de-2-mil-celulares-e-prepara-devolucao-de-15-mil-na-Bahia-Foto-Ascom-PC.jpg\" alt=\"Opera\u00e7\u00e3o Mobile 360\u00b0 recupera mais de 2 mil celulares e prepara devolu\u00e7\u00e3o de 1,5 mil na Bahia\"><figcaption>Foto: Ascom\/ PC<\/figcaption><\/figure>\n<\/div>\n<p class=\"wp-block-paragraph\">A 9\u00aa edi\u00e7\u00e3o da Opera\u00e7\u00e3o Mobile 360\u00b0, deflagrada pela Pol\u00edcia Civil no dia 10 de agosto, resultou na recupera\u00e7\u00e3o de 2.099 aparelhos celulares, dos quais 559 j\u00e1 foram restitu\u00eddos aos propriet\u00e1rios. Nesta sexta-feira (4), Dia D desta edi\u00e7\u00e3o, 1.540 dispositivos est\u00e3o aptos \u00e0 devolu\u00e7\u00e3o, sendo 906 na capital baiana.<\/p>\n<p class=\"wp-block-paragraph\">As devolu\u00e7\u00f5es ser\u00e3o realizadas a partir das 7h da manh\u00e3, no Centro de Opera\u00e7\u00f5es e Intelig\u00eancia (COI), localizado no Centro Administrativo da Bahia (CAB), em Salvador. Ap\u00f3s esse per\u00edodo, os propriet\u00e1rios dever\u00e3o aguardar a notifica\u00e7\u00e3o da Pol\u00edcia Civil para realizar a retirada dos aparelhos. A institui\u00e7\u00e3o encaminhar\u00e1 as informa\u00e7\u00f5es necess\u00e1rias sobre o local, a data e as demais orienta\u00e7\u00f5es para a entrega dos celulares.<\/p>\n<p class=\"wp-block-paragraph\">De abrang\u00eancia estadual, a opera\u00e7\u00e3o refor\u00e7a o enfrentamento aos crimes de furto, roubo e recepta\u00e7\u00e3o de celulares, al\u00e9m de combater a adultera\u00e7\u00e3o e o com\u00e9rcio irregular de eletr\u00f4nicos. No interior, 634 aparelhos est\u00e3o aptos a serem entregues. Os propriet\u00e1rios notificados j\u00e1 iniciaram a retirada dos dispositivos, enquanto os demais devem aguardar a mensagem da Pol\u00edcia Civil com as orienta\u00e7\u00f5es necess\u00e1rias para o recebimento dos aparelhos.<\/p>\n<p class=\"wp-block-paragraph\">A Pol\u00edcia Civil reafirma que n\u00e3o envia links e n\u00e3o solicita dados pessoais por mensagens, notifica\u00e7\u00f5es ou qualquer outro tipo de contato. As pessoas devem ficar atentas a qualquer mensagem suspeita. Em caso de d\u00favida, devem procurar a delegacia mais pr\u00f3xima.<\/p>\n<h2 id=\"h-balanco\" class=\"wp-block-heading\">Balan\u00e7o<\/h2>\n<p class=\"wp-block-paragraph\">Nos \u00faltimos dois meses, al\u00e9m dos 2.099 celulares recuperados, foram lavrados 102 procedimentos policiais, cumpridos 40 mandados de busca e apreens\u00e3o, efetuadas 117 pris\u00f5es e fiscalizados 64 estabelecimentos comerciais e pontos informais, com sete notificados. As vistorias foram realizadas em conjunto com a Secretaria da Fazenda do Estado da Bahia (Sefaz-BA), a Superintend\u00eancia de Prote\u00e7\u00e3o e Defesa do Consumidor (Procon-BA), a Diretoria de A\u00e7\u00f5es de Prote\u00e7\u00e3o e Defesa do Consumidor (Codecon) e a Receita Federal.<\/p>\n<p class=\"wp-block-paragraph\">Desde a primeira edi\u00e7\u00e3o da Opera\u00e7\u00e3o Mobile 360\u00b0, deflagrada em maio de 2024, 12.165 celulares foram recuperados, com 10.625 aparelhos devolvidos aos propriet\u00e1rios. O trabalho segue de forma permanente, com a\u00e7\u00f5es simult\u00e2neas na capital, na Regi\u00e3o Metropolitana de Salvador (RMS) e no interior do estado.<\/p>\n<p class=\"wp-block-paragraph\"><strong>Leia tamb\u00e9m: <\/strong><\/p>\n<p class=\"wp-block-paragraph\"><a href=\"https:\/\/www.acordacidade.com.br\/policia\/novo-ciclo-da-operacao-mobile-360o-ja-recuperou-mais-40-aparelhos-celulares-com-restricoes-em-feira-de-santana\/\">Novo ciclo da Opera\u00e7\u00e3o Mobile 360\u00b0 j\u00e1 recuperou mais de 40 celulares com restri\u00e7\u00f5es em Feira de Santana<\/a><\/p>\n<p class=\"wp-block-paragraph\"><a href=\"https:\/\/www.acordacidade.com.br\/policia\/operacao-mobile-360-recupera-75-celulares-e-devolve-aparelhos-a-proprietarios-em-feira-de-santana\/\">Opera\u00e7\u00e3o Mobile 360\u00b0 recupera 75 celulares e devolve aparelhos a propriet\u00e1rios em Feira de Santana<\/a><\/p>\n<p class=\"wp-block-paragraph\"><em>Siga o Acorda Cidade no\u00a0<\/em><a href=\"https:\/\/news.google.com\/search?q=acorda%20cidade&amp;hl=pt-BR&amp;gl=BR&amp;ceid=BR%3Apt-419\"><strong><em>Google Not\u00edcias<\/em><\/strong><\/a><em>\u00a0e receba os principais destaques do dia. Participe tamb\u00e9m dos nossos canais no\u00a0<\/em><a href=\"https:\/\/whatsapp.com\/channel\/0029Va6Rb4v3WHTNnsh8WI3N\"><strong><em>WhatsApp<\/em><\/strong><\/a><em>\u00a0e\u00a0<\/em><a href=\"https:\/\/www.youtube.com\/@acordacidadenoticias\/videos\"><strong>YouTube<\/strong><\/a><em>\u00a0e do grupo no\u00a0<\/em><a href=\"https:\/\/t.me\/+sSz0khrgARA0ZmRh\"><strong><em>Telegram<\/em><\/strong><\/a><\/p>\n<\/div>\n","protected":false},"excerpt":{"rendered":"<p>Foto: Ascom\/ PC A 9\u00aa edi\u00e7\u00e3o da Opera\u00e7\u00e3o Mobile 360\u00b0, deflagrada pela Pol\u00edcia Civil no<\/p>\n","protected":false},"author":1,"featured_media":148770,"comment_status":"closed","ping_status":"closed","sticky":false,"template":"","format":"gallery","meta":{"footnotes":""},"categories":[8,9,6,57,56,10],"tags":[],"class_list":["post-148769","post","type-post","status-publish","format-gallery","has-post-thumbnail","hentry","category-bahia","category-brasil","category-feira-de-santana","category-mundo","category-policia","category-politica","post_format-post-format-gallery"],"featured_image_urls":{"full":["https:\/\/noticiasbahia360.com.br\/wp-content\/uploads\/2026\/09\/Operacao-Mobile-360-recupera-mais-de-2-mil-celulares-e-prepara-devolucao-de-15-mil-na-Bahia-Foto-Ascom-PC.jpg",1200,857,false],"thumbnail":["https:\/\/noticiasbahia360.com.br\/wp-content\/uploads\/2026\/09\/Operacao-Mobile-360-recupera-mais-de-2-mil-celulares-e-prepara-devolucao-de-15-mil-na-Bahia-Foto-Ascom-PC-150x150.jpg",150,150,true],"medium":["https:\/\/noticiasbahia360.com.br\/wp-content\/uploads\/2026\/09\/Operacao-Mobile-360-recupera-mais-de-2-mil-celulares-e-prepara-devolucao-de-15-mil-na-Bahia-Foto-Ascom-PC-300x214.jpg",300,214,true],"medium_large":["https:\/\/noticiasbahia360.com.br\/wp-content\/uploads\/2026\/09\/Operacao-Mobile-360-recupera-mais-de-2-mil-celulares-e-prepara-devolucao-de-15-mil-na-Bahia-Foto-Ascom-PC-768x548.jpg",640,457,true],"large":["https:\/\/noticiasbahia360.com.br\/wp-content\/uploads\/2026\/09\/Operacao-Mobile-360-recupera-mais-de-2-mil-celulares-e-prepara-devolucao-de-15-mil-na-Bahia-Foto-Ascom-PC-1024x731.jpg",640,457,true],"1536x1536":["https:\/\/noticiasbahia360.com.br\/wp-content\/uploads\/2026\/09\/Operacao-Mobile-360-recupera-mais-de-2-mil-celulares-e-prepara-devolucao-de-15-mil-na-Bahia-Foto-Ascom-PC.jpg",1200,857,false],"2048x2048":["https:\/\/noticiasbahia360.com.br\/wp-content\/uploads\/2026\/09\/Operacao-Mobile-360-recupera-mais-de-2-mil-celulares-e-prepara-devolucao-de-15-mil-na-Bahia-Foto-Ascom-PC.jpg",1200,857,false],"chromenews-featured":["https:\/\/noticiasbahia360.com.br\/wp-content\/uploads\/2026\/09\/Operacao-Mobile-360-recupera-mais-de-2-mil-celulares-e-prepara-devolucao-de-15-mil-na-Bahia-Foto-Ascom-PC-1024x731.jpg",1024,731,true],"chromenews-large":["https:\/\/noticiasbahia360.com.br\/wp-content\/uploads\/2026\/09\/Operacao-Mobile-360-recupera-mais-de-2-mil-celulares-e-prepara-devolucao-de-15-mil-na-Bahia-Foto-Ascom-PC-825x575.jpg",825,575,true],"chromenews-medium":["https:\/\/noticiasbahia360.com.br\/wp-content\/uploads\/2026\/09\/Operacao-Mobile-360-recupera-mais-de-2-mil-celulares-e-prepara-devolucao-de-15-mil-na-Bahia-Foto-Ascom-PC-590x410.jpg",590,410,true]},"author_info":{"display_name":"noticiasbahia360.com.br","author_link":"https:\/\/noticiasbahia360.com.br\/?author=1"},"category_info":"<a href=\"https:\/\/noticiasbahia360.com.br\/?cat=8\" rel=\"category\">Bahia<\/a> <a href=\"https:\/\/noticiasbahia360.com.br\/?cat=9\" rel=\"category\">Brasil<\/a> <a href=\"https:\/\/noticiasbahia360.com.br\/?cat=6\" rel=\"category\">Feira de Santana<\/a> <a href=\"https:\/\/noticiasbahia360.com.br\/?cat=57\" rel=\"category\">Mundo<\/a> <a href=\"https:\/\/noticiasbahia360.com.br\/?cat=56\" rel=\"category\">Pol\u00edcia<\/a> <a href=\"https:\/\/noticiasbahia360.com.br\/?cat=10\" rel=\"category\">Pol\u00edtica<\/a>","tag_info":"Pol\u00edtica","comment_count":"0","_links":{"self":[{"href":"https:\/\/noticiasbahia360.com.br\/index.php?rest_route=\/wp\/v2\/posts\/148769","targetHints":{"allow":["GET"]}}],"collection":[{"href":"https:\/\/noticiasbahia360.com.br\/index.php?rest_route=\/wp\/v2\/posts"}],"about":[{"href":"https:\/\/noticiasbahia360.com.br\/index.php?rest_route=\/wp\/v2\/types\/post"}],"author":[{"embeddable":true,"href":"https:\/\/noticiasbahia360.com.br\/index.php?rest_route=\/wp\/v2\/users\/1"}],"replies":[{"embeddable":true,"href":"https:\/\/noticiasbahia360.com.br\/index.php?rest_route=%2Fwp%2Fv2%2Fcomments&post=148769"}],"version-history":[{"count":0,"href":"https:\/\/noticiasbahia360.com.br\/index.php?rest_route=\/wp\/v2\/posts\/148769\/revisions"}],"wp:featuredmedia":[{"embeddable":true,"href":"https:\/\/noticiasbahia360.com.br\/index.php?rest_route=\/wp\/v2\/media\/148770"}],"wp:attachment":[{"href":"https:\/\/noticiasbahia360.com.br\/index.php?rest_route=%2Fwp%2Fv2%2Fmedia&parent=148769"}],"wp:term":[{"taxonomy":"category","embeddable":true,"href":"https:\/\/noticiasbahia360.com.br\/index.php?rest_route=%2Fwp%2Fv2%2Fcategories&post=148769"},{"taxonomy":"post_tag","embeddable":true,"href":"https:\/\/noticiasbahia360.com.br\/index.php?rest_route=%2Fwp%2Fv2%2Ftags&post=148769"}],"curies":[{"name":"wp","href":"https:\/\/api.w.org\/{rel}","templated":true}]}}