{"id":148771,"date":"2026-09-03T22:02:41","date_gmt":"2026-09-04T01:02:41","guid":{"rendered":"https:\/\/noticiasbahia360.com.br\/?p=148771"},"modified":"2026-09-03T22:02:41","modified_gmt":"2026-09-04T01:02:41","slug":"policia-federal-cumpre-mandados-de-prisao-e-de-busca-e-apreensao-em-operacao-contra-abuso-sexual-infantojuvenil","status":"publish","type":"post","link":"https:\/\/noticiasbahia360.com.br\/?p=148771","title":{"rendered":"Pol\u00edcia Federal cumpre mandados de pris\u00e3o e de busca e apreens\u00e3o em opera\u00e7\u00e3o contra abuso sexual infantojuvenil"},"content":{"rendered":"<div>\n<div>\n<figure><img decoding=\"async\" src=\"http:\/\/noticiasbahia360.com.br\/wp-content\/uploads\/2026\/09\/Policia-Federal-Foto-Ilustrativa-Divulgacao-Policia-Federal.jpg\" alt=\"Pol\u00edcia Federal\"><figcaption>Foto: Ilustrativa\/ Divulga\u00e7\u00e3o\/ Pol\u00edcia Federal<\/figcaption><\/figure>\n<\/div>\n<p class=\"wp-block-paragraph\">A Pol\u00edcia Federal deflagrou, nesta quinta-feira (3), a Opera\u00e7\u00e3o Imagem Protegida, no \u00e2mbito de investiga\u00e7\u00e3o destinada \u00e0 apura\u00e7\u00e3o de crimes relacionados ao armazenamento, compartilhamento e poss\u00edvel produ\u00e7\u00e3o de material de abuso sexual infantojuvenil.<\/p>\n<p>Na dilig\u00eancia realizada nesta data, foram obtidas novas informa\u00e7\u00f5es relevantes para a identifica\u00e7\u00e3o de poss\u00edvel v\u00edtima e para o esclarecimento das circunst\u00e2ncias dos fatos.<\/p>\n<p class=\"wp-block-paragraph\">A apura\u00e7\u00e3o teve origem em informa\u00e7\u00f5es que indicaram a exist\u00eancia de expressiva quantidade de arquivos il\u00edcitos e poss\u00edveis v\u00edtimas ligadas ao c\u00edrculo de conviv\u00eancia do investigado.\u00a0Durante a dilig\u00eancia, a Justi\u00e7a Federal expediu mandado de busca e apreens\u00e3o e pris\u00e3o tempor\u00e1ria, os quais foram cumpridos na cidade de <a href=\"https:\/\/www.acordacidade.com.br\/?s=Formosa+do+Rio+Preto\">Formosa do Rio Preto<\/a>, na Bahia.<\/p>\n<p class=\"wp-block-paragraph\">As investiga\u00e7\u00f5es prosseguem, preservando-se a identidade das v\u00edtimas e demais dados pessoais, especialmente em raz\u00e3o da natureza dos fatos apurados.<\/p>\n<p class=\"wp-block-paragraph\"><strong>Leia tamb\u00e9m: <\/strong><a href=\"https:\/\/www.acordacidade.com.br\/policia\/pf-faz-operacao-contra-crimes-de-abuso-sexual-infantojuvenil-na-bahia\/\">PF faz opera\u00e7\u00e3o contra crimes de abuso sexual infantojuvenil na Bahia<\/a><\/p>\n<p class=\"wp-block-paragraph\"><em>Siga o Acorda Cidade no\u00a0<\/em><a href=\"https:\/\/news.google.com\/search?q=acorda%20cidade&amp;hl=pt-BR&amp;gl=BR&amp;ceid=BR%3Apt-419\"><strong><em>Google Not\u00edcias<\/em><\/strong><\/a><em>\u00a0e receba os principais destaques do dia. Participe tamb\u00e9m dos nossos canais no\u00a0<\/em><a href=\"https:\/\/whatsapp.com\/channel\/0029Va6Rb4v3WHTNnsh8WI3N\"><strong><em>WhatsApp<\/em><\/strong><\/a><em>\u00a0e\u00a0<\/em><a href=\"https:\/\/www.youtube.com\/@acordacidadenoticias\/videos\"><strong>YouTube<\/strong><\/a><em>\u00a0e do grupo no\u00a0<\/em><a href=\"https:\/\/t.me\/+sSz0khrgARA0ZmRh\"><strong><em>Telegram<\/em><\/strong><\/a><\/p>\n<\/div>\n","protected":false},"excerpt":{"rendered":"<p>Foto: Ilustrativa\/ Divulga\u00e7\u00e3o\/ Pol\u00edcia Federal A Pol\u00edcia Federal deflagrou, nesta quinta-feira (3), a Opera\u00e7\u00e3o Imagem<\/p>\n","protected":false},"author":1,"featured_media":148772,"comment_status":"closed","ping_status":"closed","sticky":false,"template":"","format":"gallery","meta":{"footnotes":""},"categories":[8,9,6,57,56,10],"tags":[],"class_list":["post-148771","post","type-post","status-publish","format-gallery","has-post-thumbnail","hentry","category-bahia","category-brasil","category-feira-de-santana","category-mundo","category-policia","category-politica","post_format-post-format-gallery"],"featured_image_urls":{"full":["https:\/\/noticiasbahia360.com.br\/wp-content\/uploads\/2026\/09\/Policia-Federal-Foto-Ilustrativa-Divulgacao-Policia-Federal.jpg",1200,630,false],"thumbnail":["https:\/\/noticiasbahia360.com.br\/wp-content\/uploads\/2026\/09\/Policia-Federal-Foto-Ilustrativa-Divulgacao-Policia-Federal-150x150.jpg",150,150,true],"medium":["https:\/\/noticiasbahia360.com.br\/wp-content\/uploads\/2026\/09\/Policia-Federal-Foto-Ilustrativa-Divulgacao-Policia-Federal-300x158.jpg",300,158,true],"medium_large":["https:\/\/noticiasbahia360.com.br\/wp-content\/uploads\/2026\/09\/Policia-Federal-Foto-Ilustrativa-Divulgacao-Policia-Federal-768x403.jpg",640,336,true],"large":["https:\/\/noticiasbahia360.com.br\/wp-content\/uploads\/2026\/09\/Policia-Federal-Foto-Ilustrativa-Divulgacao-Policia-Federal-1024x538.jpg",640,336,true],"1536x1536":["https:\/\/noticiasbahia360.com.br\/wp-content\/uploads\/2026\/09\/Policia-Federal-Foto-Ilustrativa-Divulgacao-Policia-Federal.jpg",1200,630,false],"2048x2048":["https:\/\/noticiasbahia360.com.br\/wp-content\/uploads\/2026\/09\/Policia-Federal-Foto-Ilustrativa-Divulgacao-Policia-Federal.jpg",1200,630,false],"chromenews-featured":["https:\/\/noticiasbahia360.com.br\/wp-content\/uploads\/2026\/09\/Policia-Federal-Foto-Ilustrativa-Divulgacao-Policia-Federal-1024x538.jpg",1024,538,true],"chromenews-large":["https:\/\/noticiasbahia360.com.br\/wp-content\/uploads\/2026\/09\/Policia-Federal-Foto-Ilustrativa-Divulgacao-Policia-Federal-825x575.jpg",825,575,true],"chromenews-medium":["https:\/\/noticiasbahia360.com.br\/wp-content\/uploads\/2026\/09\/Policia-Federal-Foto-Ilustrativa-Divulgacao-Policia-Federal-590x410.jpg",590,410,true]},"author_info":{"display_name":"noticiasbahia360.com.br","author_link":"https:\/\/noticiasbahia360.com.br\/?author=1"},"category_info":"<a href=\"https:\/\/noticiasbahia360.com.br\/?cat=8\" rel=\"category\">Bahia<\/a> <a href=\"https:\/\/noticiasbahia360.com.br\/?cat=9\" rel=\"category\">Brasil<\/a> <a href=\"https:\/\/noticiasbahia360.com.br\/?cat=6\" rel=\"category\">Feira de Santana<\/a> <a href=\"https:\/\/noticiasbahia360.com.br\/?cat=57\" rel=\"category\">Mundo<\/a> <a href=\"https:\/\/noticiasbahia360.com.br\/?cat=56\" rel=\"category\">Pol\u00edcia<\/a> <a href=\"https:\/\/noticiasbahia360.com.br\/?cat=10\" rel=\"category\">Pol\u00edtica<\/a>","tag_info":"Pol\u00edtica","comment_count":"0","_links":{"self":[{"href":"https:\/\/noticiasbahia360.com.br\/index.php?rest_route=\/wp\/v2\/posts\/148771","targetHints":{"allow":["GET"]}}],"collection":[{"href":"https:\/\/noticiasbahia360.com.br\/index.php?rest_route=\/wp\/v2\/posts"}],"about":[{"href":"https:\/\/noticiasbahia360.com.br\/index.php?rest_route=\/wp\/v2\/types\/post"}],"author":[{"embeddable":true,"href":"https:\/\/noticiasbahia360.com.br\/index.php?rest_route=\/wp\/v2\/users\/1"}],"replies":[{"embeddable":true,"href":"https:\/\/noticiasbahia360.com.br\/index.php?rest_route=%2Fwp%2Fv2%2Fcomments&post=148771"}],"version-history":[{"count":0,"href":"https:\/\/noticiasbahia360.com.br\/index.php?rest_route=\/wp\/v2\/posts\/148771\/revisions"}],"wp:featuredmedia":[{"embeddable":true,"href":"https:\/\/noticiasbahia360.com.br\/index.php?rest_route=\/wp\/v2\/media\/148772"}],"wp:attachment":[{"href":"https:\/\/noticiasbahia360.com.br\/index.php?rest_route=%2Fwp%2Fv2%2Fmedia&parent=148771"}],"wp:term":[{"taxonomy":"category","embeddable":true,"href":"https:\/\/noticiasbahia360.com.br\/index.php?rest_route=%2Fwp%2Fv2%2Fcategories&post=148771"},{"taxonomy":"post_tag","embeddable":true,"href":"https:\/\/noticiasbahia360.com.br\/index.php?rest_route=%2Fwp%2Fv2%2Ftags&post=148771"}],"curies":[{"name":"wp","href":"https:\/\/api.w.org\/{rel}","templated":true}]}}