{"id":148773,"date":"2026-09-03T22:02:42","date_gmt":"2026-09-04T01:02:42","guid":{"rendered":"https:\/\/noticiasbahia360.com.br\/?p=148773"},"modified":"2026-09-03T22:02:42","modified_gmt":"2026-09-04T01:02:42","slug":"senado-federal-aprova-fim-da-taxa-das-blusinhas","status":"publish","type":"post","link":"https:\/\/noticiasbahia360.com.br\/?p=148773","title":{"rendered":"Senado Federal aprova fim da \u2018taxa das blusinhas\u2019"},"content":{"rendered":"<div>\n<div>\n<figure><img decoding=\"async\" src=\"http:\/\/noticiasbahia360.com.br\/wp-content\/uploads\/2026\/09\/Compras-on-line-e-commerces-Foto-Rafa-Neddermeyer-Agencia-Brasil.jpg\" alt=\"Compras on-line - e-commerces\"><figcaption>Foto: Rafa Neddermeyer\/ Ag\u00eancia Brasil<\/figcaption><\/figure>\n<\/div>\n<p class=\"wp-block-paragraph\">Ag\u00eancia Brasil \u2014 Assim como a\u00a0<a href=\"https:\/\/www.acordacidade.com.br\/economia\/camara-aprova-fim-da-taxa-das-blusinhas-em-compras-de-ate-us-50-texto-segue-ao-senado\/\">C\u00e2mara dos Deputados<\/a>, o plen\u00e1rio do Senado Federal tamb\u00e9m aprovou, nesta quinta-feira (3), em vota\u00e7\u00e3o simb\u00f3lica, a medida provis\u00f3ria (MP) da chamada \u201ctaxa das blusinhas\u201d.\u00a0<\/p>\n<p class=\"wp-block-paragraph\">O texto zera o imposto de 20% sobre compras internacionais de at\u00e9 50 d\u00f3lares (cerca de R$ 257) feitas pela internet por meio de remessas postais. A vers\u00e3o definitiva da medida, agora convertida em lei, segue agora para san\u00e7\u00e3o presidencial.<\/p>\n<p class=\"wp-block-paragraph\">Durante a tramita\u00e7\u00e3o, o texto foi modificado pela relatora na comiss\u00e3o especial mista, a senadora Leila do V\u00f4lei (PDT-DF).\u00a0<strong>Uma das novidades introduzidas na medida \u00e9 uma emenda que zera o imposto de importa\u00e7\u00e3o de medicamentos que n\u00e3o t\u00eam vers\u00e3o similar no Brasil.<\/strong><\/p>\n<p class=\"wp-block-paragraph\">\u201cN\u00f3s sabemos que\u00a0s\u00e3o muitos os brasileiros que utilizam essas compras de pequeno valor. S\u00e3o pessoas que procuram um produto mais barato. S\u00e3o fam\u00edlias que precisam fazer o or\u00e7amento caber no final do m\u00eas. S\u00e3o trabalhadores que pesquisam pre\u00e7o, comparam alternativas e encontram no com\u00e9rcio eletr\u00f4nico uma maneira de ampliar seu poder de compra\u201d, afirmou a senadora ao comentar a aprova\u00e7\u00e3o da MP na tribuna.<\/p>\n<p class=\"wp-block-paragraph\"><strong>A MP aprovada prev\u00ea\u00a0redu\u00e7\u00e3o de 60% para 30% da al\u00edquota de importa\u00e7\u00e3o para compras de at\u00e9 US$ 3 mil por remessas postais vindas do exterior.<\/strong><\/p>\n<p class=\"wp-block-paragraph\">Outra novidade no texto \u00e9 a\u00a0<strong>previs\u00e3o de avalia\u00e7\u00f5es peri\u00f3dicas, a serem feitas pelo Minist\u00e9rio da Fazenda, para analisar os efeitos econ\u00f4micos da isen\u00e7\u00e3o tarif\u00e1ria.\u00a0<\/strong>O objetivo, segundo a relatora, \u00e9 acompanhar poss\u00edveis efeitos sobre emprego, renda, pre\u00e7os e impactos sobre a ind\u00fastria nacional. A primeira avalia\u00e7\u00e3o ocorrer\u00e1 daqui a tr\u00eas meses, e as demais, a cada seis meses.<\/p>\n<p class=\"wp-block-paragraph\"><strong>A nova lei ainda determina uma avalia\u00e7\u00e3o anual da isen\u00e7\u00e3o tribut\u00e1ria.<\/strong>\u00a0Com isso, ser\u00e1 poss\u00edvel acompanhar na pr\u00e1tica se a mudan\u00e7a est\u00e1 beneficiando o consumidor sem provocar desequil\u00edbrios relevantes para trabalhadores e empresas brasileiras.<\/p>\n<p class=\"wp-block-paragraph\">Outro ponto da MP estabelece exig\u00eancias de conformidade das plataformas digitais e de operadores log\u00edsticos.\u00a0<strong>O texto determina mecanismos de identifica\u00e7\u00e3o de ind\u00edcios de subfaturamento, fracionamento artificial de remessas e oculta\u00e7\u00e3o de remetentes, al\u00e9m de exigir rastreabilidade dos vendedores, monitoramento de opera\u00e7\u00f5es suspeitas, manuten\u00e7\u00e3o de registros e coopera\u00e7\u00e3o com a Receita Federal.<\/strong><\/p>\n<p class=\"wp-block-paragraph\">Parlamentares da oposi\u00e7\u00e3o criticaram o teor da medida, ao defenderem que ela d\u00e1 vantagem a empresas estrangeiras em detrimento da ind\u00fastria nacional.<\/p>\n<p class=\"wp-block-paragraph\">\u201cO exato benef\u00edcio fiscal que est\u00e1 sendo dado para o mesm\u00edssimo produto com o mesm\u00edssimo pre\u00e7o precisa ser dado para o brasileiro, para quem produz aqui, para quem ainda acredita no Brasil\u201d, afirmou o deputado federal Gilson Marques (Novo-SC).<\/p>\n<p class=\"wp-block-paragraph\"><strong>Leia tamb\u00e9m:<\/strong><a href=\"https:\/\/www.acordacidade.com.br\/economia\/camara-aprova-fim-da-taxa-das-blusinhas-em-compras-de-ate-us-50-texto-segue-ao-senado\/\"><strong> <\/strong>C\u00e2mara aprova fim da \u2018taxa das blusinhas\u2019 em compras de at\u00e9 US$ 50; texto segue ao Senado<\/a><\/p>\n<p class=\"wp-block-paragraph\"><em>Siga o Acorda Cidade no\u00a0<\/em><a href=\"https:\/\/news.google.com\/search?q=acorda%20cidade&amp;hl=pt-BR&amp;gl=BR&amp;ceid=BR%3Apt-419\"><strong><em>Google Not\u00edcias<\/em><\/strong><\/a><em>\u00a0e receba os principais destaques do dia. Participe tamb\u00e9m dos nossos canais no\u00a0<\/em><a href=\"https:\/\/whatsapp.com\/channel\/0029Va6Rb4v3WHTNnsh8WI3N\"><strong><em>WhatsApp<\/em><\/strong><\/a><em>\u00a0e\u00a0<\/em><a href=\"https:\/\/www.youtube.com\/@acordacidadenoticias\/videos\"><strong>YouTube<\/strong><\/a><em>\u00a0e do grupo no\u00a0<\/em><a href=\"https:\/\/t.me\/+sSz0khrgARA0ZmRh\"><strong><em>Telegram<\/em><\/strong><\/a><\/p>\n<\/div>\n","protected":false},"excerpt":{"rendered":"<p>Foto: Rafa Neddermeyer\/ Ag\u00eancia Brasil Ag\u00eancia Brasil \u2014 Assim como a\u00a0C\u00e2mara dos Deputados, o plen\u00e1rio<\/p>\n","protected":false},"author":1,"featured_media":148774,"comment_status":"closed","ping_status":"closed","sticky":false,"template":"","format":"gallery","meta":{"footnotes":""},"categories":[8,9,6,57,56,10],"tags":[],"class_list":["post-148773","post","type-post","status-publish","format-gallery","has-post-thumbnail","hentry","category-bahia","category-brasil","category-feira-de-santana","category-mundo","category-policia","category-politica","post_format-post-format-gallery"],"featured_image_urls":{"full":["https:\/\/noticiasbahia360.com.br\/wp-content\/uploads\/2026\/09\/Compras-on-line-e-commerces-Foto-Rafa-Neddermeyer-Agencia-Brasil.jpg",1200,718,false],"thumbnail":["https:\/\/noticiasbahia360.com.br\/wp-content\/uploads\/2026\/09\/Compras-on-line-e-commerces-Foto-Rafa-Neddermeyer-Agencia-Brasil-150x150.jpg",150,150,true],"medium":["https:\/\/noticiasbahia360.com.br\/wp-content\/uploads\/2026\/09\/Compras-on-line-e-commerces-Foto-Rafa-Neddermeyer-Agencia-Brasil-300x180.jpg",300,180,true],"medium_large":["https:\/\/noticiasbahia360.com.br\/wp-content\/uploads\/2026\/09\/Compras-on-line-e-commerces-Foto-Rafa-Neddermeyer-Agencia-Brasil-768x460.jpg",640,383,true],"large":["https:\/\/noticiasbahia360.com.br\/wp-content\/uploads\/2026\/09\/Compras-on-line-e-commerces-Foto-Rafa-Neddermeyer-Agencia-Brasil-1024x613.jpg",640,383,true],"1536x1536":["https:\/\/noticiasbahia360.com.br\/wp-content\/uploads\/2026\/09\/Compras-on-line-e-commerces-Foto-Rafa-Neddermeyer-Agencia-Brasil.jpg",1200,718,false],"2048x2048":["https:\/\/noticiasbahia360.com.br\/wp-content\/uploads\/2026\/09\/Compras-on-line-e-commerces-Foto-Rafa-Neddermeyer-Agencia-Brasil.jpg",1200,718,false],"chromenews-featured":["https:\/\/noticiasbahia360.com.br\/wp-content\/uploads\/2026\/09\/Compras-on-line-e-commerces-Foto-Rafa-Neddermeyer-Agencia-Brasil-1024x613.jpg",1024,613,true],"chromenews-large":["https:\/\/noticiasbahia360.com.br\/wp-content\/uploads\/2026\/09\/Compras-on-line-e-commerces-Foto-Rafa-Neddermeyer-Agencia-Brasil-825x575.jpg",825,575,true],"chromenews-medium":["https:\/\/noticiasbahia360.com.br\/wp-content\/uploads\/2026\/09\/Compras-on-line-e-commerces-Foto-Rafa-Neddermeyer-Agencia-Brasil-590x410.jpg",590,410,true]},"author_info":{"display_name":"noticiasbahia360.com.br","author_link":"https:\/\/noticiasbahia360.com.br\/?author=1"},"category_info":"<a href=\"https:\/\/noticiasbahia360.com.br\/?cat=8\" rel=\"category\">Bahia<\/a> <a href=\"https:\/\/noticiasbahia360.com.br\/?cat=9\" rel=\"category\">Brasil<\/a> <a href=\"https:\/\/noticiasbahia360.com.br\/?cat=6\" rel=\"category\">Feira de Santana<\/a> <a href=\"https:\/\/noticiasbahia360.com.br\/?cat=57\" rel=\"category\">Mundo<\/a> <a href=\"https:\/\/noticiasbahia360.com.br\/?cat=56\" rel=\"category\">Pol\u00edcia<\/a> <a href=\"https:\/\/noticiasbahia360.com.br\/?cat=10\" rel=\"category\">Pol\u00edtica<\/a>","tag_info":"Pol\u00edtica","comment_count":"0","_links":{"self":[{"href":"https:\/\/noticiasbahia360.com.br\/index.php?rest_route=\/wp\/v2\/posts\/148773","targetHints":{"allow":["GET"]}}],"collection":[{"href":"https:\/\/noticiasbahia360.com.br\/index.php?rest_route=\/wp\/v2\/posts"}],"about":[{"href":"https:\/\/noticiasbahia360.com.br\/index.php?rest_route=\/wp\/v2\/types\/post"}],"author":[{"embeddable":true,"href":"https:\/\/noticiasbahia360.com.br\/index.php?rest_route=\/wp\/v2\/users\/1"}],"replies":[{"embeddable":true,"href":"https:\/\/noticiasbahia360.com.br\/index.php?rest_route=%2Fwp%2Fv2%2Fcomments&post=148773"}],"version-history":[{"count":0,"href":"https:\/\/noticiasbahia360.com.br\/index.php?rest_route=\/wp\/v2\/posts\/148773\/revisions"}],"wp:featuredmedia":[{"embeddable":true,"href":"https:\/\/noticiasbahia360.com.br\/index.php?rest_route=\/wp\/v2\/media\/148774"}],"wp:attachment":[{"href":"https:\/\/noticiasbahia360.com.br\/index.php?rest_route=%2Fwp%2Fv2%2Fmedia&parent=148773"}],"wp:term":[{"taxonomy":"category","embeddable":true,"href":"https:\/\/noticiasbahia360.com.br\/index.php?rest_route=%2Fwp%2Fv2%2Fcategories&post=148773"},{"taxonomy":"post_tag","embeddable":true,"href":"https:\/\/noticiasbahia360.com.br\/index.php?rest_route=%2Fwp%2Fv2%2Ftags&post=148773"}],"curies":[{"name":"wp","href":"https:\/\/api.w.org\/{rel}","templated":true}]}}