{"id":148775,"date":"2026-09-03T22:02:43","date_gmt":"2026-09-04T01:02:43","guid":{"rendered":"https:\/\/noticiasbahia360.com.br\/?p=148775"},"modified":"2026-09-03T22:02:43","modified_gmt":"2026-09-04T01:02:43","slug":"professores-da-rede-publica-tem-8-mil-vagas-gratuitas-para-pos-graduacao","status":"publish","type":"post","link":"https:\/\/noticiasbahia360.com.br\/?p=148775","title":{"rendered":"Professores da\u00a0rede\u00a0p\u00fablica t\u00eam 8 mil vagas gratuitas para p\u00f3s-gradua\u00e7\u00e3o"},"content":{"rendered":"<div>\n<div>\n<figure><img decoding=\"async\" src=\"http:\/\/noticiasbahia360.com.br\/wp-content\/uploads\/2026\/09\/Professora-sala-de-aula-alunos-rede-estadual-Foto-Andre-Fofano.jpg\" alt=\"Professora - sala de aula - alunos - rede estadual\"><figcaption>Foto: Andr\u00e9 Fofano<\/figcaption><\/figure>\n<\/div>\n<p class=\"wp-block-paragraph\">Ag\u00eancia Brasil \u2014 <strong>Professores da\u00a0educa\u00e7\u00e3o b\u00e1sica\u00a0da\u00a0rede\u00a0p\u00fablica\u00a0de todo o pa\u00eds t\u00eam \u00e0 disposi\u00e7\u00e3o mais de 8 mil vagas em cursos de p\u00f3s-gradua\u00e7\u00e3o presenciais e gratuitos.<\/strong><img decoding=\"async\" src=\"https:\/\/agenciabrasil.ebc.com.br\/ebc.png?id=1701495&amp;o=node\"><img decoding=\"async\" src=\"https:\/\/agenciabrasil.ebc.com.br\/ebc.gif?id=1701495&amp;o=node\"><\/p>\n<p class=\"wp-block-paragraph\">O\u00a0<a href=\"https:\/\/www.gov.br\/mec\/pt-br\" target=\"_blank\" rel=\"noreferrer noopener\">Minist\u00e9rio da Educa\u00e7\u00e3o (MEC)<\/a>\u00a0e a Coordena\u00e7\u00e3o de Aperfei\u00e7oamento de Pessoal de N\u00edvel Superior (Capes) divulgaram, de forma unificada, nesta quarta-feira (3), os processos seletivos no\u00a0<a href=\"https:\/\/www.gov.br\/mec\/pt-br\/mais-professores\/portal-formacao\" target=\"_blank\" rel=\"noreferrer noopener\">Portal\u202fForma\u00e7\u00e3o Mais Professores<\/a>.\u202f<\/p>\n<p class=\"wp-block-paragraph\">A divulga\u00e7\u00e3o nacional busca ampliar o alcance das informa\u00e7\u00f5es sobre cursos de\u202fp\u00f3s-gradua\u00e7\u00e3o\u202fdestinados a qualificar os professores em exerc\u00edcio na educa\u00e7\u00e3o b\u00e1sica p\u00fablica.\u202f\u202f<\/p>\n<h2 id=\"h-areas-dos-cursos\" class=\"wp-block-heading\">\u00c1reas dos cursos<\/h2>\n<p class=\"wp-block-paragraph\">Nos editais publicados principalmente de\u00a0agosto a\u00a0setembro, foram disponibilizadas cerca de 7 mil vagas de mestrado e doutorado\u202fnas seguintes \u00e1reas:<\/p>\n<ul class=\"wp-block-list\">\n<li>244 em sociologia;\u202f<\/li>\n<li>480\u202fem\u202feduca\u00e7\u00e3o f\u00edsica;\u202f\u202f\u202f\u202f<\/li>\n<li>919 em\u202fletras;\u202f\u202f\u202f\u202f<\/li>\n<li>719 em\u202ff\u00edsica;\u202f\u202f\u202f\u202f<\/li>\n<li>385 em\u202fartes;\u202f\u202f\u202f\u202f<\/li>\n<li>324 em\u202ffilosofia;\u202f\u202f<\/li>\n<li>702 em hist\u00f3ria;\u202f\u202f<\/li>\n<li>181 em hist\u00f3ria;\u202f\u202f<\/li>\n<li>288 em\u202fqu\u00edmica;\u202f\u202f<\/li>\n<li>1.848 em\u202fmatem\u00e1tica;\u202f\u202f<\/li>\n<li>100 em matem\u00e1tica;\u202f\u202f\u202f\u202f<\/li>\n<li>572 em\u202fbiologia;\u202f\u202f\u202f\u202f<\/li>\n<li>130 em\u202feduca\u00e7\u00e3o tecnol\u00f3gica;\u202f\u202f<\/li>\n<li>75 em alfabetiza\u00e7\u00e3o.\u202f\u202f<\/li>\n<\/ul>\n<p class=\"wp-block-paragraph\"><strong>O MEC comunica que, em breve, ser\u00e1 publicado um novo edital do Programa de Mestrado Profissional em Educa\u00e7\u00e3o Inclusiva em Rede Nacional (ProfEI) com a previs\u00e3o de oferta de\u202f700 vagas aos docentes.<\/strong><\/p>\n<p>Tamb\u00e9m est\u00e3o previstas oportunidades relacionadas \u00e0 educa\u00e7\u00e3o\u202fprofissional e tecnol\u00f3gica por meio do Programa de P\u00f3s-Gradua\u00e7\u00e3o em Educa\u00e7\u00e3o Profissional e Tecnol\u00f3gica (PROF-EPT)\u202fe\u202fdo Programa de P\u00f3s-Gradua\u00e7\u00e3o em Ci\u00eancia, Cultura e Educa\u00e7\u00e3o Digital (ProfEDigital), ainda sem n\u00famero\u202fde vagas.<\/p>\n<p class=\"wp-block-paragraph\"><em>Siga o Acorda Cidade no\u00a0<\/em><a href=\"https:\/\/news.google.com\/search?q=acorda%20cidade&amp;hl=pt-BR&amp;gl=BR&amp;ceid=BR%3Apt-419\"><strong><em>Google Not\u00edcias<\/em><\/strong><\/a><em>\u00a0e receba os principais destaques do dia. Participe tamb\u00e9m dos nossos canais no\u00a0<\/em><a href=\"https:\/\/whatsapp.com\/channel\/0029Va6Rb4v3WHTNnsh8WI3N\"><strong><em>WhatsApp<\/em><\/strong><\/a><em>\u00a0e\u00a0<\/em><a href=\"https:\/\/www.youtube.com\/@acordacidadenoticias\/videos\"><strong>YouTube<\/strong><\/a><em>\u00a0e do grupo no\u00a0<\/em><a href=\"https:\/\/t.me\/+sSz0khrgARA0ZmRh\"><strong><em>Telegram<\/em><\/strong><\/a><\/p>\n<\/div>\n","protected":false},"excerpt":{"rendered":"<p>Foto: Andr\u00e9 Fofano Ag\u00eancia Brasil \u2014 Professores da\u00a0educa\u00e7\u00e3o b\u00e1sica\u00a0da\u00a0rede\u00a0p\u00fablica\u00a0de todo o pa\u00eds t\u00eam \u00e0 disposi\u00e7\u00e3o<\/p>\n","protected":false},"author":1,"featured_media":148776,"comment_status":"closed","ping_status":"closed","sticky":false,"template":"","format":"gallery","meta":{"footnotes":""},"categories":[8,9,6,57,56,10],"tags":[],"class_list":["post-148775","post","type-post","status-publish","format-gallery","has-post-thumbnail","hentry","category-bahia","category-brasil","category-feira-de-santana","category-mundo","category-policia","category-politica","post_format-post-format-gallery"],"featured_image_urls":{"full":["https:\/\/noticiasbahia360.com.br\/wp-content\/uploads\/2026\/09\/Professora-sala-de-aula-alunos-rede-estadual-Foto-Andre-Fofano.jpg",1200,810,false],"thumbnail":["https:\/\/noticiasbahia360.com.br\/wp-content\/uploads\/2026\/09\/Professora-sala-de-aula-alunos-rede-estadual-Foto-Andre-Fofano-150x150.jpg",150,150,true],"medium":["https:\/\/noticiasbahia360.com.br\/wp-content\/uploads\/2026\/09\/Professora-sala-de-aula-alunos-rede-estadual-Foto-Andre-Fofano-300x203.jpg",300,203,true],"medium_large":["https:\/\/noticiasbahia360.com.br\/wp-content\/uploads\/2026\/09\/Professora-sala-de-aula-alunos-rede-estadual-Foto-Andre-Fofano-768x518.jpg",640,432,true],"large":["https:\/\/noticiasbahia360.com.br\/wp-content\/uploads\/2026\/09\/Professora-sala-de-aula-alunos-rede-estadual-Foto-Andre-Fofano-1024x691.jpg",640,432,true],"1536x1536":["https:\/\/noticiasbahia360.com.br\/wp-content\/uploads\/2026\/09\/Professora-sala-de-aula-alunos-rede-estadual-Foto-Andre-Fofano.jpg",1200,810,false],"2048x2048":["https:\/\/noticiasbahia360.com.br\/wp-content\/uploads\/2026\/09\/Professora-sala-de-aula-alunos-rede-estadual-Foto-Andre-Fofano.jpg",1200,810,false],"chromenews-featured":["https:\/\/noticiasbahia360.com.br\/wp-content\/uploads\/2026\/09\/Professora-sala-de-aula-alunos-rede-estadual-Foto-Andre-Fofano-1024x691.jpg",1024,691,true],"chromenews-large":["https:\/\/noticiasbahia360.com.br\/wp-content\/uploads\/2026\/09\/Professora-sala-de-aula-alunos-rede-estadual-Foto-Andre-Fofano-825x575.jpg",825,575,true],"chromenews-medium":["https:\/\/noticiasbahia360.com.br\/wp-content\/uploads\/2026\/09\/Professora-sala-de-aula-alunos-rede-estadual-Foto-Andre-Fofano-590x410.jpg",590,410,true]},"author_info":{"display_name":"noticiasbahia360.com.br","author_link":"https:\/\/noticiasbahia360.com.br\/?author=1"},"category_info":"<a href=\"https:\/\/noticiasbahia360.com.br\/?cat=8\" rel=\"category\">Bahia<\/a> <a href=\"https:\/\/noticiasbahia360.com.br\/?cat=9\" rel=\"category\">Brasil<\/a> <a href=\"https:\/\/noticiasbahia360.com.br\/?cat=6\" rel=\"category\">Feira de Santana<\/a> <a href=\"https:\/\/noticiasbahia360.com.br\/?cat=57\" rel=\"category\">Mundo<\/a> <a href=\"https:\/\/noticiasbahia360.com.br\/?cat=56\" rel=\"category\">Pol\u00edcia<\/a> <a href=\"https:\/\/noticiasbahia360.com.br\/?cat=10\" rel=\"category\">Pol\u00edtica<\/a>","tag_info":"Pol\u00edtica","comment_count":"0","_links":{"self":[{"href":"https:\/\/noticiasbahia360.com.br\/index.php?rest_route=\/wp\/v2\/posts\/148775","targetHints":{"allow":["GET"]}}],"collection":[{"href":"https:\/\/noticiasbahia360.com.br\/index.php?rest_route=\/wp\/v2\/posts"}],"about":[{"href":"https:\/\/noticiasbahia360.com.br\/index.php?rest_route=\/wp\/v2\/types\/post"}],"author":[{"embeddable":true,"href":"https:\/\/noticiasbahia360.com.br\/index.php?rest_route=\/wp\/v2\/users\/1"}],"replies":[{"embeddable":true,"href":"https:\/\/noticiasbahia360.com.br\/index.php?rest_route=%2Fwp%2Fv2%2Fcomments&post=148775"}],"version-history":[{"count":0,"href":"https:\/\/noticiasbahia360.com.br\/index.php?rest_route=\/wp\/v2\/posts\/148775\/revisions"}],"wp:featuredmedia":[{"embeddable":true,"href":"https:\/\/noticiasbahia360.com.br\/index.php?rest_route=\/wp\/v2\/media\/148776"}],"wp:attachment":[{"href":"https:\/\/noticiasbahia360.com.br\/index.php?rest_route=%2Fwp%2Fv2%2Fmedia&parent=148775"}],"wp:term":[{"taxonomy":"category","embeddable":true,"href":"https:\/\/noticiasbahia360.com.br\/index.php?rest_route=%2Fwp%2Fv2%2Fcategories&post=148775"},{"taxonomy":"post_tag","embeddable":true,"href":"https:\/\/noticiasbahia360.com.br\/index.php?rest_route=%2Fwp%2Fv2%2Ftags&post=148775"}],"curies":[{"name":"wp","href":"https:\/\/api.w.org\/{rel}","templated":true}]}}