{"id":148777,"date":"2026-09-03T22:02:45","date_gmt":"2026-09-04T01:02:45","guid":{"rendered":"https:\/\/noticiasbahia360.com.br\/?p=148777"},"modified":"2026-09-03T22:02:45","modified_gmt":"2026-09-04T01:02:45","slug":"stf-determina-comprovacao-de-renda-para-obter-gratuidade-em-processos-trabalhistas","status":"publish","type":"post","link":"https:\/\/noticiasbahia360.com.br\/?p=148777","title":{"rendered":"STF determina comprova\u00e7\u00e3o de renda para obter gratuidade em processos trabalhistas"},"content":{"rendered":"<div>\n<div>\n<figure><img decoding=\"async\" src=\"http:\/\/noticiasbahia360.com.br\/wp-content\/uploads\/2026\/09\/Praca-dos-Tres-Poderes-STF-Foto-Marcello-Casal-Jr-Agencia-Brasil-Arquivo-.jpg\" alt=\"Pra\u00e7a dos Tr\u00eas Poderes - STF\"><figcaption>Foto: Marcello Casal Jr\/ Ag\u00eancia Brasil\/ Arquivo<\/figcaption><\/figure>\n<\/div>\n<p class=\"wp-block-paragraph\">Ag\u00eancia Brasil \u2014 <strong>O plen\u00e1rio do Supremo Tribunal Federal (STF) decidiu, nesta quinta-feira (3), que a gratuidade em processos trabalhistas s\u00f3 poder\u00e1 ser concedida mediante comprova\u00e7\u00e3o de renda.\u00a0<\/strong><img decoding=\"async\" src=\"https:\/\/agenciabrasil.ebc.com.br\/ebc.png?id=1701493&amp;o=node\"><img decoding=\"async\" src=\"https:\/\/agenciabrasil.ebc.com.br\/ebc.gif?id=1701493&amp;o=node\"><\/p>\n<p class=\"wp-block-paragraph\">A decis\u00e3o contraria a pr\u00e1tica adotada pelo Tribunal Superior do Trabalho (TST). Para o TST, bastava a apresenta\u00e7\u00e3o da declara\u00e7\u00e3o de hipossufici\u00eancia econ\u00f4mica para obten\u00e7\u00e3o da assist\u00eancia judici\u00e1ria gratuita.<\/p>\n<p class=\"wp-block-paragraph\"><strong>Na decis\u00e3o, ficou definido que a gratuidade judicial ser\u00e1 dada a todos que comprovarem renda de at\u00e9 R$ 5 mil.\u00a0<\/strong>O processo foi relatado pelo presidente da Corte, ministro Edson Fachin. O relator, junto com a ministra Carmen L\u00facia, foram votos vencidos no processo.<\/p>\n<blockquote class=\"wp-block-quote is-layout-flow wp-block-quote-is-layout-flow\">\n<p class=\"wp-block-paragraph\">\u201cMesmo que na hip\u00f3tese da presun\u00e7\u00e3o relativa [de hipossufici\u00eancia], os magistrados indefiram o benef\u00edcio da gratuidade de justi\u00e7a caso constate patrim\u00f4nio ou renda familiar incompat\u00edvel com tal presun\u00e7\u00e3o, sempre respeitado o ju\u00edzo de proporcionalidade e an\u00e1lise dos interesses envolvidos no caso concreto\u201d, disse Fachin.<\/p>\n<\/blockquote>\n<p class=\"wp-block-paragraph\"><strong>Uma sugest\u00e3o do ministro Fl\u00e1vio Dino garantiu aplica\u00e7\u00e3o da presun\u00e7\u00e3o de hipossufici\u00eancia aos assistidos por defensor p\u00fablico.<\/strong><\/p>\n<p class=\"wp-block-paragraph\">A a\u00e7\u00e3o da Confedera\u00e7\u00e3o Nacional do Sistema Financeiro (Consif) questionava a presun\u00e7\u00e3o de veracidade da declara\u00e7\u00e3o de hipossufici\u00eancia. Para a entidade, esse entendimento fere o dispositivo da Constitui\u00e7\u00e3o que garante a gratuidade apenas aos que comprovarem a insufici\u00eancia de recursos.<\/p>\n<p class=\"wp-block-paragraph\"><em>Siga o Acorda Cidade no\u00a0<\/em><a href=\"https:\/\/news.google.com\/search?q=acorda%20cidade&amp;hl=pt-BR&amp;gl=BR&amp;ceid=BR%3Apt-419\"><strong><em>Google Not\u00edcias<\/em><\/strong><\/a><em>\u00a0e receba os principais destaques do dia. Participe tamb\u00e9m dos nossos canais no\u00a0<\/em><a href=\"https:\/\/whatsapp.com\/channel\/0029Va6Rb4v3WHTNnsh8WI3N\"><strong><em>WhatsApp<\/em><\/strong><\/a><em>\u00a0e\u00a0<\/em><a href=\"https:\/\/www.youtube.com\/@acordacidadenoticias\/videos\"><strong>YouTube<\/strong><\/a><em>\u00a0e do grupo no\u00a0<\/em><a href=\"https:\/\/t.me\/+sSz0khrgARA0ZmRh\"><strong><em>Telegram<\/em><\/strong><\/a><\/p>\n<\/div>\n","protected":false},"excerpt":{"rendered":"<p>Foto: Marcello Casal Jr\/ Ag\u00eancia Brasil\/ Arquivo Ag\u00eancia Brasil \u2014 O plen\u00e1rio do Supremo Tribunal<\/p>\n","protected":false},"author":1,"featured_media":148778,"comment_status":"closed","ping_status":"closed","sticky":false,"template":"","format":"gallery","meta":{"footnotes":""},"categories":[8,9,6,57,56,10],"tags":[],"class_list":["post-148777","post","type-post","status-publish","format-gallery","has-post-thumbnail","hentry","category-bahia","category-brasil","category-feira-de-santana","category-mundo","category-policia","category-politica","post_format-post-format-gallery"],"featured_image_urls":{"full":["https:\/\/noticiasbahia360.com.br\/wp-content\/uploads\/2026\/09\/Praca-dos-Tres-Poderes-STF-Foto-Marcello-Casal-Jr-Agencia-Brasil-Arquivo-.jpg",1200,718,false],"thumbnail":["https:\/\/noticiasbahia360.com.br\/wp-content\/uploads\/2026\/09\/Praca-dos-Tres-Poderes-STF-Foto-Marcello-Casal-Jr-Agencia-Brasil-Arquivo--150x150.jpg",150,150,true],"medium":["https:\/\/noticiasbahia360.com.br\/wp-content\/uploads\/2026\/09\/Praca-dos-Tres-Poderes-STF-Foto-Marcello-Casal-Jr-Agencia-Brasil-Arquivo--300x180.jpg",300,180,true],"medium_large":["https:\/\/noticiasbahia360.com.br\/wp-content\/uploads\/2026\/09\/Praca-dos-Tres-Poderes-STF-Foto-Marcello-Casal-Jr-Agencia-Brasil-Arquivo--768x460.jpg",640,383,true],"large":["https:\/\/noticiasbahia360.com.br\/wp-content\/uploads\/2026\/09\/Praca-dos-Tres-Poderes-STF-Foto-Marcello-Casal-Jr-Agencia-Brasil-Arquivo--1024x613.jpg",640,383,true],"1536x1536":["https:\/\/noticiasbahia360.com.br\/wp-content\/uploads\/2026\/09\/Praca-dos-Tres-Poderes-STF-Foto-Marcello-Casal-Jr-Agencia-Brasil-Arquivo-.jpg",1200,718,false],"2048x2048":["https:\/\/noticiasbahia360.com.br\/wp-content\/uploads\/2026\/09\/Praca-dos-Tres-Poderes-STF-Foto-Marcello-Casal-Jr-Agencia-Brasil-Arquivo-.jpg",1200,718,false],"chromenews-featured":["https:\/\/noticiasbahia360.com.br\/wp-content\/uploads\/2026\/09\/Praca-dos-Tres-Poderes-STF-Foto-Marcello-Casal-Jr-Agencia-Brasil-Arquivo--1024x613.jpg",1024,613,true],"chromenews-large":["https:\/\/noticiasbahia360.com.br\/wp-content\/uploads\/2026\/09\/Praca-dos-Tres-Poderes-STF-Foto-Marcello-Casal-Jr-Agencia-Brasil-Arquivo--825x575.jpg",825,575,true],"chromenews-medium":["https:\/\/noticiasbahia360.com.br\/wp-content\/uploads\/2026\/09\/Praca-dos-Tres-Poderes-STF-Foto-Marcello-Casal-Jr-Agencia-Brasil-Arquivo--590x410.jpg",590,410,true]},"author_info":{"display_name":"noticiasbahia360.com.br","author_link":"https:\/\/noticiasbahia360.com.br\/?author=1"},"category_info":"<a href=\"https:\/\/noticiasbahia360.com.br\/?cat=8\" rel=\"category\">Bahia<\/a> <a href=\"https:\/\/noticiasbahia360.com.br\/?cat=9\" rel=\"category\">Brasil<\/a> <a href=\"https:\/\/noticiasbahia360.com.br\/?cat=6\" rel=\"category\">Feira de Santana<\/a> <a href=\"https:\/\/noticiasbahia360.com.br\/?cat=57\" rel=\"category\">Mundo<\/a> <a href=\"https:\/\/noticiasbahia360.com.br\/?cat=56\" rel=\"category\">Pol\u00edcia<\/a> <a href=\"https:\/\/noticiasbahia360.com.br\/?cat=10\" rel=\"category\">Pol\u00edtica<\/a>","tag_info":"Pol\u00edtica","comment_count":"0","_links":{"self":[{"href":"https:\/\/noticiasbahia360.com.br\/index.php?rest_route=\/wp\/v2\/posts\/148777","targetHints":{"allow":["GET"]}}],"collection":[{"href":"https:\/\/noticiasbahia360.com.br\/index.php?rest_route=\/wp\/v2\/posts"}],"about":[{"href":"https:\/\/noticiasbahia360.com.br\/index.php?rest_route=\/wp\/v2\/types\/post"}],"author":[{"embeddable":true,"href":"https:\/\/noticiasbahia360.com.br\/index.php?rest_route=\/wp\/v2\/users\/1"}],"replies":[{"embeddable":true,"href":"https:\/\/noticiasbahia360.com.br\/index.php?rest_route=%2Fwp%2Fv2%2Fcomments&post=148777"}],"version-history":[{"count":0,"href":"https:\/\/noticiasbahia360.com.br\/index.php?rest_route=\/wp\/v2\/posts\/148777\/revisions"}],"wp:featuredmedia":[{"embeddable":true,"href":"https:\/\/noticiasbahia360.com.br\/index.php?rest_route=\/wp\/v2\/media\/148778"}],"wp:attachment":[{"href":"https:\/\/noticiasbahia360.com.br\/index.php?rest_route=%2Fwp%2Fv2%2Fmedia&parent=148777"}],"wp:term":[{"taxonomy":"category","embeddable":true,"href":"https:\/\/noticiasbahia360.com.br\/index.php?rest_route=%2Fwp%2Fv2%2Fcategories&post=148777"},{"taxonomy":"post_tag","embeddable":true,"href":"https:\/\/noticiasbahia360.com.br\/index.php?rest_route=%2Fwp%2Fv2%2Ftags&post=148777"}],"curies":[{"name":"wp","href":"https:\/\/api.w.org\/{rel}","templated":true}]}}