{"id":148783,"date":"2026-09-03T23:02:55","date_gmt":"2026-09-04T02:02:55","guid":{"rendered":"https:\/\/noticiasbahia360.com.br\/?p=148783"},"modified":"2026-09-03T23:02:55","modified_gmt":"2026-09-04T02:02:55","slug":"partiu-estagio-abre-mais-de-5-700-vagas-para-estudantes-universitarios-na-bahia","status":"publish","type":"post","link":"https:\/\/noticiasbahia360.com.br\/?p=148783","title":{"rendered":"Partiu Est\u00e1gio abre mais de 5.700 vagas para estudantes universit\u00e1rios na Bahia"},"content":{"rendered":"<div>\n<div>\n<figure><img decoding=\"async\" src=\"http:\/\/noticiasbahia360.com.br\/wp-content\/uploads\/2026\/09\/AL4YDFwE-partiu-estagioj.webp\" alt=\"Partiu est\u00e1gio\"><figcaption>Foto: Divulga\u00e7\u00e3o\/Saeb<\/figcaption><\/figure>\n<\/div>\n<p class=\"wp-block-paragraph\">A Secretaria da Administra\u00e7\u00e3o do Estado da Bahia (Saeb) divulgou um novo edital do programa Partiu Est\u00e1gio em 2026. Ao todo, s\u00e3o oferecidas 5.718 vagas para estudantes universit\u00e1rios interessados em realizar est\u00e1gio em \u00f3rg\u00e3os p\u00fablicos estaduais.<\/p>\n<p class=\"wp-block-paragraph\">Segundo informa\u00e7\u00f5es do g1, as oportunidades s\u00e3o para atuar em Feira de Santana, Salvador e outros 308 munic\u00edpios baianos. Entre as \u00e1reas dispon\u00edveis est\u00e3o Administra\u00e7\u00e3o, Ci\u00eancias Cont\u00e1beis, Direito, Engenharia Civil, Comunica\u00e7\u00e3o Social, Agronomia, Log\u00edstica, Pedagogia, Psicologia, entre outras.<\/p>\n<p class=\"has-text-align-center wp-block-paragraph\"><strong><a href=\"https:\/\/www.ba.gov.br\/administracao\/sites\/site-saeb\/files\/2026-08\/Edital%20de%20Abertura%20de%20Inscri%C3%A7%C3%B5es%20n%C2%BA%20002.2026.pdf\" target=\"_blank\" rel=\"noreferrer noopener\">Clique aqui para conferir o edital do Partiu Est\u00e1gio na \u00edntegra<\/a><\/strong><\/p>\n<p class=\"wp-block-paragraph\">As inscri\u00e7\u00f5es devem ser feitas exclusivamente pela internet, at\u00e9 \u00e0s 23h59 do dia 2 de outubro.<\/p>\n<p class=\"wp-block-paragraph\">Conforme o edital, os candidatos selecionados ter\u00e3o direito a bolsa de est\u00e1gio e aux\u00edlio de alimenta\u00e7\u00e3o. <\/p>\n<p class=\"wp-block-paragraph\">Para se candidatar \u00e0s vagas, os estudantes interessados devem atender aos seguintes requisitos:<\/p>\n<ul class=\"wp-block-list\">\n<li>Residir na Bahia;<\/li>\n<li>Estar matriculado de forma regular em um curso de gradua\u00e7\u00e3o com sede ou polo no Estado;<\/li>\n<li>Idade m\u00ednima de 16 anos;<\/li>\n<li>J\u00e1 ter conclu\u00eddo 50% do curso.<\/li>\n<\/ul>\n<p class=\"wp-block-paragraph\"><em>Siga o Acorda Cidade no\u00a0<\/em><a href=\"https:\/\/news.google.com\/search?q=acorda%20cidade&amp;hl=pt-BR&amp;gl=BR&amp;ceid=BR%3Apt-419\"><strong><em>Google Not\u00edcias<\/em><\/strong><\/a><em>\u00a0e receba os principais destaques do dia. Participe tamb\u00e9m dos nossos canais no\u00a0<\/em><a href=\"https:\/\/whatsapp.com\/channel\/0029Va6Rb4v3WHTNnsh8WI3N\"><strong><em>WhatsApp<\/em><\/strong><\/a><em>\u00a0e\u00a0<\/em><a href=\"https:\/\/www.youtube.com\/@acordacidadenoticias\/videos\"><strong>YouTube<\/strong><\/a><em>\u00a0e do grupo no\u00a0<\/em><a href=\"https:\/\/t.me\/+sSz0khrgARA0ZmRh\"><strong><em>Telegram<\/em><\/strong><\/a><\/p>\n<\/div>\n","protected":false},"excerpt":{"rendered":"<p>Foto: Divulga\u00e7\u00e3o\/Saeb A Secretaria da Administra\u00e7\u00e3o do Estado da Bahia (Saeb) divulgou um novo edital<\/p>\n","protected":false},"author":1,"featured_media":148784,"comment_status":"closed","ping_status":"closed","sticky":false,"template":"","format":"gallery","meta":{"footnotes":""},"categories":[8,9,6,57,56,10],"tags":[],"class_list":["post-148783","post","type-post","status-publish","format-gallery","has-post-thumbnail","hentry","category-bahia","category-brasil","category-feira-de-santana","category-mundo","category-policia","category-politica","post_format-post-format-gallery"],"featured_image_urls":{"full":["https:\/\/noticiasbahia360.com.br\/wp-content\/uploads\/2026\/09\/AL4YDFwE-partiu-estagioj.webp",1200,890,false],"thumbnail":["https:\/\/noticiasbahia360.com.br\/wp-content\/uploads\/2026\/09\/AL4YDFwE-partiu-estagioj-150x150.webp",150,150,true],"medium":["https:\/\/noticiasbahia360.com.br\/wp-content\/uploads\/2026\/09\/AL4YDFwE-partiu-estagioj-300x223.webp",300,223,true],"medium_large":["https:\/\/noticiasbahia360.com.br\/wp-content\/uploads\/2026\/09\/AL4YDFwE-partiu-estagioj-768x570.webp",640,475,true],"large":["https:\/\/noticiasbahia360.com.br\/wp-content\/uploads\/2026\/09\/AL4YDFwE-partiu-estagioj-1024x759.webp",640,474,true],"1536x1536":["https:\/\/noticiasbahia360.com.br\/wp-content\/uploads\/2026\/09\/AL4YDFwE-partiu-estagioj.webp",1200,890,false],"2048x2048":["https:\/\/noticiasbahia360.com.br\/wp-content\/uploads\/2026\/09\/AL4YDFwE-partiu-estagioj.webp",1200,890,false],"chromenews-featured":["https:\/\/noticiasbahia360.com.br\/wp-content\/uploads\/2026\/09\/AL4YDFwE-partiu-estagioj-1024x759.webp",1024,759,true],"chromenews-large":["https:\/\/noticiasbahia360.com.br\/wp-content\/uploads\/2026\/09\/AL4YDFwE-partiu-estagioj-825x575.webp",825,575,true],"chromenews-medium":["https:\/\/noticiasbahia360.com.br\/wp-content\/uploads\/2026\/09\/AL4YDFwE-partiu-estagioj-590x410.webp",590,410,true]},"author_info":{"display_name":"noticiasbahia360.com.br","author_link":"https:\/\/noticiasbahia360.com.br\/?author=1"},"category_info":"<a href=\"https:\/\/noticiasbahia360.com.br\/?cat=8\" rel=\"category\">Bahia<\/a> <a href=\"https:\/\/noticiasbahia360.com.br\/?cat=9\" rel=\"category\">Brasil<\/a> <a href=\"https:\/\/noticiasbahia360.com.br\/?cat=6\" rel=\"category\">Feira de Santana<\/a> <a href=\"https:\/\/noticiasbahia360.com.br\/?cat=57\" rel=\"category\">Mundo<\/a> <a href=\"https:\/\/noticiasbahia360.com.br\/?cat=56\" rel=\"category\">Pol\u00edcia<\/a> <a href=\"https:\/\/noticiasbahia360.com.br\/?cat=10\" rel=\"category\">Pol\u00edtica<\/a>","tag_info":"Pol\u00edtica","comment_count":"0","_links":{"self":[{"href":"https:\/\/noticiasbahia360.com.br\/index.php?rest_route=\/wp\/v2\/posts\/148783","targetHints":{"allow":["GET"]}}],"collection":[{"href":"https:\/\/noticiasbahia360.com.br\/index.php?rest_route=\/wp\/v2\/posts"}],"about":[{"href":"https:\/\/noticiasbahia360.com.br\/index.php?rest_route=\/wp\/v2\/types\/post"}],"author":[{"embeddable":true,"href":"https:\/\/noticiasbahia360.com.br\/index.php?rest_route=\/wp\/v2\/users\/1"}],"replies":[{"embeddable":true,"href":"https:\/\/noticiasbahia360.com.br\/index.php?rest_route=%2Fwp%2Fv2%2Fcomments&post=148783"}],"version-history":[{"count":0,"href":"https:\/\/noticiasbahia360.com.br\/index.php?rest_route=\/wp\/v2\/posts\/148783\/revisions"}],"wp:featuredmedia":[{"embeddable":true,"href":"https:\/\/noticiasbahia360.com.br\/index.php?rest_route=\/wp\/v2\/media\/148784"}],"wp:attachment":[{"href":"https:\/\/noticiasbahia360.com.br\/index.php?rest_route=%2Fwp%2Fv2%2Fmedia&parent=148783"}],"wp:term":[{"taxonomy":"category","embeddable":true,"href":"https:\/\/noticiasbahia360.com.br\/index.php?rest_route=%2Fwp%2Fv2%2Fcategories&post=148783"},{"taxonomy":"post_tag","embeddable":true,"href":"https:\/\/noticiasbahia360.com.br\/index.php?rest_route=%2Fwp%2Fv2%2Ftags&post=148783"}],"curies":[{"name":"wp","href":"https:\/\/api.w.org\/{rel}","templated":true}]}}