{"id":148785,"date":"2026-09-04T00:02:39","date_gmt":"2026-09-04T03:02:39","guid":{"rendered":"https:\/\/noticiasbahia360.com.br\/?p=148785"},"modified":"2026-09-04T00:02:39","modified_gmt":"2026-09-04T03:02:39","slug":"mp-do-trabalho-abre-inqueritos-para-investigar-mortes-de-tres-trabalhadores-na-bahia","status":"publish","type":"post","link":"https:\/\/noticiasbahia360.com.br\/?p=148785","title":{"rendered":"MP do Trabalho abre inqu\u00e9ritos para investigar mortes de tr\u00eas trabalhadores na Bahia"},"content":{"rendered":"<div>\n<div>\n<figure><img decoding=\"async\" src=\"http:\/\/noticiasbahia360.com.br\/wp-content\/uploads\/2026\/09\/Fachada-do-MPT-Bahia.jpg\" alt=\"Fachada do MPT Bahia\"><figcaption>Foto: Divulga\u00e7\u00e3o\/ MPT-BA<\/figcaption><\/figure>\n<\/div>\n<p class=\"wp-block-paragraph\">O Minist\u00e9rio P\u00fablico do Trabalho (MPT) abriu inqu\u00e9ritos para investigar circunst\u00e2ncias das mortes de tr\u00eas trabalhadores em acidentes de trabalho ocorridos em Feira de Santana e Porto Seguro, entre segunda-feira (31) e ter\u00e7a-feira (1\u00ba). <\/p>\n<p class=\"wp-block-paragraph\">De acordo com informa\u00e7\u00f5es do g1, o \u00f3rg\u00e3o afirmou que o n\u00famero de acidentes fatais registrados no m\u00eas de agosto acende um alerta para a seguran\u00e7a dos trabalhadores na Bahia. Ao menos cinco pessoas morreram acidentes de trabalho durante o m\u00eas.<\/p>\n<p class=\"wp-block-paragraph\">Em Porto Seguro, como divulgado pelo Acorda Cidade, <a href=\"https:\/\/www.acordacidade.com.br\/feira-de-santana\/acidentes\/acidente-com-caminhao-de-coleta-de-lixo-deixa-dois-trabalhadores-mortos-na-bahia\/\">um motorista e um coletor de lixo morreram, na ter\u00e7a-feira (1\u00ba)<\/a>, ap\u00f3s o caminh\u00e3o em que trabalhavam tombar na Estrada de Arraial d\u2019Ajuda. As v\u00edtimas foram identificadas como Tiago de Jesus Souza e Rog\u00e9rio dos Santos Matos.<\/p>\n<figure class=\"wp-block-image size-full\"><img fetchpriority=\"high\" decoding=\"async\" width=\"1200\" height=\"803\" src=\"http:\/\/noticiasbahia360.com.br\/wp-content\/uploads\/2026\/09\/Tiago-de-Jesus-Souza-motorista-do-caminhao-e-Rogerio-dos-Santos-Matos-1-1.jpg\" alt=\"Tiago de Jesus Souza, motorista do caminh\u00e3o, e Rogerio dos Santos Matos,\" class=\"wp-image-686779\" srcset=\"http:\/\/noticiasbahia360.com.br\/wp-content\/uploads\/2026\/09\/Tiago-de-Jesus-Souza-motorista-do-caminhao-e-Rogerio-dos-Santos-Matos-1-1.jpg 1200w, https:\/\/uploads.acordacidade.com.br\/2026\/09\/Tiago-de-Jesus-Souza-motorista-do-caminhao-e-Rogerio-dos-Santos-Matos--750x502.jpg 750w, https:\/\/uploads.acordacidade.com.br\/2026\/09\/Tiago-de-Jesus-Souza-motorista-do-caminhao-e-Rogerio-dos-Santos-Matos--1000x669.jpg 1000w, https:\/\/uploads.acordacidade.com.br\/2026\/09\/Tiago-de-Jesus-Souza-motorista-do-caminhao-e-Rogerio-dos-Santos-Matos--450x301.jpg 450w, https:\/\/uploads.acordacidade.com.br\/2026\/09\/Tiago-de-Jesus-Souza-motorista-do-caminhao-e-Rogerio-dos-Santos-Matos--150x100.jpg 150w\" sizes=\"(max-width: 1200px) 100vw, 1200px\"><figcaption class=\"wp-element-caption\">Foto: Reprodu\u00e7\u00e3o\/ Giro Ipia\u00fa<\/figcaption><\/figure>\n<p class=\"wp-block-paragraph\">A Prefeitura de Porto Seguro informou que os dois trabalhavam na coleta de res\u00edduos urbanos. Eles foram sepultados na quarta-feira (2). <\/p>\n<p class=\"wp-block-paragraph\">Em Feira de Santana, como tamb\u00e9m divulgado pelo Acorda Cidade, <a href=\"https:\/\/www.acordacidade.com.br\/feira-de-santana\/soldador-morre-apos-cair-de-andaime-com-uma-altura-de-4-metros-em-feira-de-santana\/\">um soldador, de 49 anos, morreu ap\u00f3s cair de um andaime com uma altura de 4 metros<\/a>, na segunda-feira (31). <\/p>\n<p class=\"wp-block-paragraph\">Os inqu\u00e9ritos instaurados pelo MPT v\u00e3o apurar as circunst\u00e2ncias dos acidentes e verificar se houve descumprimento das normas de sa\u00fade e seguran\u00e7a do trabalho.<\/p>\n<p class=\"wp-block-paragraph\">O \u00f3rg\u00e3o tamb\u00e9m destacou que outras mortes em acidentes de trabalho foram registradas entre julho e agosto nos munic\u00edpios de Barreiras, Jacobina e Teofil\u00e2ndia.<\/p>\n<p class=\"wp-block-paragraph\"><strong>Leia tamb\u00e9m: <\/strong><\/p>\n<p class=\"wp-block-paragraph\"><a href=\"https:\/\/www.acordacidade.com.br\/feira-de-santana\/acidentes\/acidente-com-caminhao-de-coleta-de-lixo-deixa-dois-trabalhadores-mortos-na-bahia\/\">Acidente com caminh\u00e3o de coleta de lixo deixa dois trabalhadores mortos na Bahia<\/a><\/p>\n<p class=\"wp-block-paragraph\"><a href=\"https:\/\/www.acordacidade.com.br\/feira-de-santana\/soldador-morre-apos-cair-de-andaime-com-uma-altura-de-4-metros-em-feira-de-santana\/\">Soldador morre ap\u00f3s cair de andaime com uma altura de 4 metros em Feira de Santana<\/a><\/p>\n<p class=\"wp-block-paragraph\"><em>Siga o Acorda Cidade no\u00a0<\/em><a href=\"https:\/\/news.google.com\/search?q=acorda%20cidade&amp;hl=pt-BR&amp;gl=BR&amp;ceid=BR%3Apt-419\"><strong><em>Google Not\u00edcias<\/em><\/strong><\/a><em>\u00a0e receba os principais destaques do dia. Participe tamb\u00e9m dos nossos canais no\u00a0<\/em><a href=\"https:\/\/www.whatsapp.com\/channel\/0029Va6Rb4v3WHTNnsh8WI3N\"><strong><em>WhatsApp<\/em><\/strong><\/a><em>\u00a0e\u00a0<\/em><a href=\"https:\/\/www.youtube.com\/@acordacidadenoticias\/videos\"><strong>YouTube<\/strong><\/a><em>\u00a0e do grupo no\u00a0<\/em><a href=\"https:\/\/t.me\/+sSz0khrgARA0ZmRh\"><strong><em>Telegram<\/em><\/strong><\/a><em>.<\/em><\/p>\n<\/div>\n","protected":false},"excerpt":{"rendered":"<p>Foto: Divulga\u00e7\u00e3o\/ MPT-BA O Minist\u00e9rio P\u00fablico do Trabalho (MPT) abriu inqu\u00e9ritos para investigar circunst\u00e2ncias das<\/p>\n","protected":false},"author":1,"featured_media":148786,"comment_status":"closed","ping_status":"closed","sticky":false,"template":"","format":"gallery","meta":{"footnotes":""},"categories":[8,9,6,57,56,10],"tags":[],"class_list":["post-148785","post","type-post","status-publish","format-gallery","has-post-thumbnail","hentry","category-bahia","category-brasil","category-feira-de-santana","category-mundo","category-policia","category-politica","post_format-post-format-gallery"],"featured_image_urls":{"full":["https:\/\/noticiasbahia360.com.br\/wp-content\/uploads\/2026\/09\/Fachada-do-MPT-Bahia.jpg",1200,723,false],"thumbnail":["https:\/\/noticiasbahia360.com.br\/wp-content\/uploads\/2026\/09\/Fachada-do-MPT-Bahia-150x150.jpg",150,150,true],"medium":["https:\/\/noticiasbahia360.com.br\/wp-content\/uploads\/2026\/09\/Fachada-do-MPT-Bahia-300x181.jpg",300,181,true],"medium_large":["https:\/\/noticiasbahia360.com.br\/wp-content\/uploads\/2026\/09\/Fachada-do-MPT-Bahia-768x463.jpg",640,386,true],"large":["https:\/\/noticiasbahia360.com.br\/wp-content\/uploads\/2026\/09\/Fachada-do-MPT-Bahia-1024x617.jpg",640,386,true],"1536x1536":["https:\/\/noticiasbahia360.com.br\/wp-content\/uploads\/2026\/09\/Fachada-do-MPT-Bahia.jpg",1200,723,false],"2048x2048":["https:\/\/noticiasbahia360.com.br\/wp-content\/uploads\/2026\/09\/Fachada-do-MPT-Bahia.jpg",1200,723,false],"chromenews-featured":["https:\/\/noticiasbahia360.com.br\/wp-content\/uploads\/2026\/09\/Fachada-do-MPT-Bahia-1024x617.jpg",1024,617,true],"chromenews-large":["https:\/\/noticiasbahia360.com.br\/wp-content\/uploads\/2026\/09\/Fachada-do-MPT-Bahia-825x575.jpg",825,575,true],"chromenews-medium":["https:\/\/noticiasbahia360.com.br\/wp-content\/uploads\/2026\/09\/Fachada-do-MPT-Bahia-590x410.jpg",590,410,true]},"author_info":{"display_name":"noticiasbahia360.com.br","author_link":"https:\/\/noticiasbahia360.com.br\/?author=1"},"category_info":"<a href=\"https:\/\/noticiasbahia360.com.br\/?cat=8\" rel=\"category\">Bahia<\/a> <a href=\"https:\/\/noticiasbahia360.com.br\/?cat=9\" rel=\"category\">Brasil<\/a> <a href=\"https:\/\/noticiasbahia360.com.br\/?cat=6\" rel=\"category\">Feira de Santana<\/a> <a href=\"https:\/\/noticiasbahia360.com.br\/?cat=57\" rel=\"category\">Mundo<\/a> <a href=\"https:\/\/noticiasbahia360.com.br\/?cat=56\" rel=\"category\">Pol\u00edcia<\/a> <a href=\"https:\/\/noticiasbahia360.com.br\/?cat=10\" rel=\"category\">Pol\u00edtica<\/a>","tag_info":"Pol\u00edtica","comment_count":"0","_links":{"self":[{"href":"https:\/\/noticiasbahia360.com.br\/index.php?rest_route=\/wp\/v2\/posts\/148785","targetHints":{"allow":["GET"]}}],"collection":[{"href":"https:\/\/noticiasbahia360.com.br\/index.php?rest_route=\/wp\/v2\/posts"}],"about":[{"href":"https:\/\/noticiasbahia360.com.br\/index.php?rest_route=\/wp\/v2\/types\/post"}],"author":[{"embeddable":true,"href":"https:\/\/noticiasbahia360.com.br\/index.php?rest_route=\/wp\/v2\/users\/1"}],"replies":[{"embeddable":true,"href":"https:\/\/noticiasbahia360.com.br\/index.php?rest_route=%2Fwp%2Fv2%2Fcomments&post=148785"}],"version-history":[{"count":0,"href":"https:\/\/noticiasbahia360.com.br\/index.php?rest_route=\/wp\/v2\/posts\/148785\/revisions"}],"wp:featuredmedia":[{"embeddable":true,"href":"https:\/\/noticiasbahia360.com.br\/index.php?rest_route=\/wp\/v2\/media\/148786"}],"wp:attachment":[{"href":"https:\/\/noticiasbahia360.com.br\/index.php?rest_route=%2Fwp%2Fv2%2Fmedia&parent=148785"}],"wp:term":[{"taxonomy":"category","embeddable":true,"href":"https:\/\/noticiasbahia360.com.br\/index.php?rest_route=%2Fwp%2Fv2%2Fcategories&post=148785"},{"taxonomy":"post_tag","embeddable":true,"href":"https:\/\/noticiasbahia360.com.br\/index.php?rest_route=%2Fwp%2Fv2%2Ftags&post=148785"}],"curies":[{"name":"wp","href":"https:\/\/api.w.org\/{rel}","templated":true}]}}