{"id":148788,"date":"2026-09-04T00:02:40","date_gmt":"2026-09-04T03:02:40","guid":{"rendered":"https:\/\/noticiasbahia360.com.br\/?p=148788"},"modified":"2026-09-04T00:02:40","modified_gmt":"2026-09-04T03:02:40","slug":"inverno-quente-impacta-negativamente-vendas-de-roupas-de-frio-em-feira-de-santana","status":"publish","type":"post","link":"https:\/\/noticiasbahia360.com.br\/?p=148788","title":{"rendered":"Inverno \u201cquente\u201d impacta negativamente vendas de roupas de frio em Feira de Santana"},"content":{"rendered":"<div>\n<div>\n<figure><img decoding=\"async\" src=\"http:\/\/noticiasbahia360.com.br\/wp-content\/uploads\/2026\/09\/Transito-comercio-chuva-em-Feira_-foto-Paulo-Jose-7.jpg\" alt=\"inverno - com\u00e9rcio -\"><figcaption>Foto: Paulo Jos\u00e9\/ Acorda Cidade<\/figcaption><\/figure>\n<\/div>\n<p class=\"wp-block-paragraph\">A temperatura m\u00e9dia um pouco mais alta e a aus\u00eancia de chuvas durante o inverno de 2026 impactaram negativamente as vendas de roupas de frio em Feira de Santana. Lojistas que refor\u00e7aram os estoques para o per\u00edodo relatam que o movimento ficou abaixo do esperado.<\/p>\n<p class=\"wp-block-paragraph\">Para a reportagem do Acorda Cidade, K\u00e9sia da Silva contou que o com\u00e9rcio se preparou para a temporada, mas o clima n\u00e3o favoreceu as vendas e o resultado foi que algumas pe\u00e7as precisaram ser retiradas das vitrine antes mesmo do fim da esta\u00e7\u00e3o.<\/p>\n<figure class=\"wp-block-image size-full\"><img fetchpriority=\"high\" fetchpriority=\"high\" decoding=\"async\" width=\"1200\" height=\"675\" src=\"http:\/\/noticiasbahia360.com.br\/wp-content\/uploads\/2026\/09\/Inverno-quente-impacta-negativamente-vendas-de-roupas-de-frio-em-Feira-de-Santana-foto-Paulo-Jose-00.jpg\" alt=\"K\u00e9sia da Silva \" class=\"wp-image-687340\" srcset=\"http:\/\/noticiasbahia360.com.br\/wp-content\/uploads\/2026\/09\/Inverno-quente-impacta-negativamente-vendas-de-roupas-de-frio-em-Feira-de-Santana-foto-Paulo-Jose-00.jpg 1200w, https:\/\/uploads.acordacidade.com.br\/2026\/09\/Inverno-quente-impacta-negativamente-vendas-de-roupas-de-frio-em-Feira-de-Santana-foto-Paulo-Jose-00-750x422.jpg 750w, https:\/\/uploads.acordacidade.com.br\/2026\/09\/Inverno-quente-impacta-negativamente-vendas-de-roupas-de-frio-em-Feira-de-Santana-foto-Paulo-Jose-00-1000x563.jpg 1000w, https:\/\/uploads.acordacidade.com.br\/2026\/09\/Inverno-quente-impacta-negativamente-vendas-de-roupas-de-frio-em-Feira-de-Santana-foto-Paulo-Jose-00-450x253.jpg 450w, https:\/\/uploads.acordacidade.com.br\/2026\/09\/Inverno-quente-impacta-negativamente-vendas-de-roupas-de-frio-em-Feira-de-Santana-foto-Paulo-Jose-00-150x84.jpg 150w\" sizes=\"(max-width: 1200px) 100vw, 1200px\"><figcaption class=\"wp-element-caption\">K\u00e9sia da Silva | Foto: Paulo Jos\u00e9 \/ Acorda Cidade <\/figcaption><\/figure>\n<p class=\"wp-block-paragraph\">\u201cRealmente esse inverno n\u00e3o teve o movimento desejado por conta do tempo que tamb\u00e9m n\u00e3o favoreceu. Antes disso, n\u00f3s nos preparamos muito com toda a mercadoria poss\u00edvel, mas vendas que \u00e9 bom, conforme a gente desejava, n\u00e3o aconteceu. Vendemos bem pouco\u201d, disse a lojista.<\/p>\n<p class=\"wp-block-paragraph\">Segundo K\u00e9sia, a loja havia investido na compra de pe\u00e7as masculinas e femininas, incluindo cal\u00e7as e jaquetas de moletom e modelos mais pesados. A parte do estoque que foi recolhida dever\u00e1 voltar \u00e0s prateleiras no pr\u00f3ximo ano, com a possibilidade de promo\u00e7\u00f5es.<\/p>\n<p class=\"wp-block-paragraph\">\u201cFizemos promo\u00e7\u00f5es para acelerar as vendas logo no finalzinho de julho. Come\u00e7amos com promo\u00e7\u00f5es tanto no masculino quanto no feminino, mas n\u00e3o teve o resultado satisfat\u00f3rio\u201d, relatou a comerciante.<\/p>\n<p class=\"wp-block-paragraph\">J\u00e1 Andre Melo, outro lojista ouvido pela reportagem do Acorda Cidade, propriet\u00e1rio de uma loja de Confec\u00e7\u00f5es, tamb\u00e9m avaliou que as vendas ficaram abaixo do esperado, mas descartou falar em preju\u00edzo.<\/p>\n<figure class=\"wp-block-image size-full\"><img decoding=\"async\" width=\"1200\" height=\"675\" src=\"http:\/\/noticiasbahia360.com.br\/wp-content\/uploads\/2026\/09\/Inverno-quente-impacta-negativamente-vendas-de-roupas-de-frio-em-Feira-de-Santana-foto-Paulo-Jose-.jpg\" alt=\"Andre Melo\" class=\"wp-image-687341\" srcset=\"http:\/\/noticiasbahia360.com.br\/wp-content\/uploads\/2026\/09\/Inverno-quente-impacta-negativamente-vendas-de-roupas-de-frio-em-Feira-de-Santana-foto-Paulo-Jose-.jpg 1200w, https:\/\/uploads.acordacidade.com.br\/2026\/09\/Inverno-quente-impacta-negativamente-vendas-de-roupas-de-frio-em-Feira-de-Santana-foto-Paulo-Jose--750x422.jpg 750w, https:\/\/uploads.acordacidade.com.br\/2026\/09\/Inverno-quente-impacta-negativamente-vendas-de-roupas-de-frio-em-Feira-de-Santana-foto-Paulo-Jose--1000x563.jpg 1000w, https:\/\/uploads.acordacidade.com.br\/2026\/09\/Inverno-quente-impacta-negativamente-vendas-de-roupas-de-frio-em-Feira-de-Santana-foto-Paulo-Jose--450x253.jpg 450w, https:\/\/uploads.acordacidade.com.br\/2026\/09\/Inverno-quente-impacta-negativamente-vendas-de-roupas-de-frio-em-Feira-de-Santana-foto-Paulo-Jose--150x84.jpg 150w\" sizes=\"(max-width: 1200px) 100vw, 1200px\"><figcaption class=\"wp-element-caption\">Andre Melo | Foto: Paulo Jos\u00e9 \/ Acorda Cidade <\/figcaption><\/figure>\n<p class=\"wp-block-paragraph\">\u201cEu n\u00e3o falo em preju\u00edzo, eu falo em uma venda menor que aconteceu esse ano. Foi como j\u00e1 \u00e9 esperado, a gente tem um pouco de precau\u00e7\u00e3o na hora de fazer a compra da cole\u00e7\u00e3o inverno, que essa cole\u00e7\u00e3o a gente costuma comprar em janeiro, ent\u00e3o j\u00e1 segura um pouco a demanda justamente para o estoque n\u00e3o ficar alto ap\u00f3s o inverno passar\u201d, disse Andr\u00e9.<\/p>\n<p class=\"wp-block-paragraph\">De acordo com Andr\u00e9, as pe\u00e7as que apresentaram menor sa\u00edda foram principalmente as jaquetas mais pesadas, que dependem de temperaturas mais baixas para despertar o interesse dos consumidores.<\/p>\n<figure class=\"wp-block-image size-large\"><img decoding=\"async\" width=\"1152\" height=\"768\" src=\"http:\/\/noticiasbahia360.com.br\/wp-content\/uploads\/2026\/09\/WhatsApp-Image-2025-09-01-at-170732-4-1152x768-1.jpeg\" alt=\"Centro\/Com\u00e9rcio\/Feira de Santana\" class=\"wp-image-587142\" srcset=\"http:\/\/noticiasbahia360.com.br\/wp-content\/uploads\/2026\/09\/WhatsApp-Image-2025-09-01-at-170732-4-1152x768-1.jpeg 1152w, https:\/\/www.acordacidade.com.br\/wp-content\/uploads\/2025\/09\/WhatsApp-Image-2025-09-01-at-17.07.32-4-548x365.jpeg 548w, https:\/\/www.acordacidade.com.br\/wp-content\/uploads\/2025\/09\/WhatsApp-Image-2025-09-01-at-17.07.32-4-830x553.jpeg 830w, https:\/\/www.acordacidade.com.br\/wp-content\/uploads\/2025\/09\/WhatsApp-Image-2025-09-01-at-17.07.32-4-1536x1024.jpeg 1536w, https:\/\/www.acordacidade.com.br\/wp-content\/uploads\/2025\/09\/WhatsApp-Image-2025-09-01-at-17.07.32-4-2048x1365.jpeg 2048w, https:\/\/www.acordacidade.com.br\/wp-content\/uploads\/2025\/09\/WhatsApp-Image-2025-09-01-at-17.07.32-4-140x93.jpeg 140w, https:\/\/www.acordacidade.com.br\/wp-content\/uploads\/2025\/09\/WhatsApp-Image-2025-09-01-at-17.07.32-4-356x237.jpeg 356w, https:\/\/www.acordacidade.com.br\/wp-content\/uploads\/2025\/09\/WhatsApp-Image-2025-09-01-at-17.07.32-4-150x100.jpeg 150w\" sizes=\"(max-width: 1152px) 100vw, 1152px\"><figcaption class=\"wp-element-caption\">Foto: Jefferson Ara\u00fajo\/Acorda Cidade<\/figcaption><\/figure>\n<p class=\"wp-block-paragraph\">O comerciante explicou para o Acorda Cidade que as vendas de inverno costumam ganhar for\u00e7a a partir do Dia das M\u00e3es, quando os consumidores come\u00e7am a procurar pe\u00e7as mais leves para enfrentar as temperaturas amenas.<\/p>\n<p class=\"wp-block-paragraph\">\u201cPara a gente vender, a temperatura tem que estar amena, um frio com chuva frequente. A gente preparou bastante para essa \u00e9poca, mas se n\u00e3o fizer frio e n\u00e3o chover, n\u00e3o vende tanto. E n\u00e3o basta s\u00f3 fazer o frio, tem que chover tamb\u00e9m. N\u00e3o conseguimos ser feliz do jeito que tra\u00e7amos a meta\u201d, finalizou o lojista. <\/p>\n<p class=\"wp-block-paragraph\">Com o fim do per\u00edodo de temperaturas mais baixas, comerciantes j\u00e1 come\u00e7am a direcionar o espa\u00e7o das lojas para as cole\u00e7\u00f5es de ver\u00e3o, enquanto as pe\u00e7as de inverno que n\u00e3o foram vendidas ser\u00e3o armazenadas ou colocadas em promo\u00e7\u00e3o em outro momento.<\/p>\n<p class=\"wp-block-paragraph\"><em>Com informa\u00e7\u00f5es do rep\u00f3rter Paulo Jos\u00e9, do Acorda Cidade <\/em><\/p>\n<p class=\"wp-block-paragraph\"><em>Siga o Acorda Cidade no\u00a0<\/em><a href=\"https:\/\/news.google.com\/search?q=acorda%20cidade&amp;hl=pt-BR&amp;gl=BR&amp;ceid=BR%3Apt-419\"><strong><em>Google Not\u00edcias<\/em><\/strong><\/a><em>\u00a0e receba os principais destaques do dia. Participe tamb\u00e9m dos nossos canais no\u00a0<\/em><a href=\"https:\/\/www.whatsapp.com\/channel\/0029Va6Rb4v3WHTNnsh8WI3N\"><strong><em>WhatsApp<\/em><\/strong><\/a><em>\u00a0e\u00a0<\/em><a href=\"https:\/\/www.youtube.com\/@acordacidadenoticias\/videos\"><strong>YouTube<\/strong><\/a><em>\u00a0e do grupo no\u00a0<\/em><a href=\"https:\/\/t.me\/+sSz0khrgARA0ZmRh\"><strong><em>Telegram<\/em><\/strong><\/a><em>.<\/em><\/p>\n<\/div>\n","protected":false},"excerpt":{"rendered":"<p>Foto: Paulo Jos\u00e9\/ Acorda Cidade A temperatura m\u00e9dia um pouco mais alta e a aus\u00eancia<\/p>\n","protected":false},"author":1,"featured_media":148789,"comment_status":"closed","ping_status":"closed","sticky":false,"template":"","format":"gallery","meta":{"footnotes":""},"categories":[8,9,6,57,56,10],"tags":[],"class_list":["post-148788","post","type-post","status-publish","format-gallery","has-post-thumbnail","hentry","category-bahia","category-brasil","category-feira-de-santana","category-mundo","category-policia","category-politica","post_format-post-format-gallery"],"featured_image_urls":{"full":["https:\/\/noticiasbahia360.com.br\/wp-content\/uploads\/2026\/09\/Transito-comercio-chuva-em-Feira_-foto-Paulo-Jose-7.jpg",1200,675,false],"thumbnail":["https:\/\/noticiasbahia360.com.br\/wp-content\/uploads\/2026\/09\/Transito-comercio-chuva-em-Feira_-foto-Paulo-Jose-7-150x150.jpg",150,150,true],"medium":["https:\/\/noticiasbahia360.com.br\/wp-content\/uploads\/2026\/09\/Transito-comercio-chuva-em-Feira_-foto-Paulo-Jose-7-300x169.jpg",300,169,true],"medium_large":["https:\/\/noticiasbahia360.com.br\/wp-content\/uploads\/2026\/09\/Transito-comercio-chuva-em-Feira_-foto-Paulo-Jose-7-768x432.jpg",640,360,true],"large":["https:\/\/noticiasbahia360.com.br\/wp-content\/uploads\/2026\/09\/Transito-comercio-chuva-em-Feira_-foto-Paulo-Jose-7-1024x576.jpg",640,360,true],"1536x1536":["https:\/\/noticiasbahia360.com.br\/wp-content\/uploads\/2026\/09\/Transito-comercio-chuva-em-Feira_-foto-Paulo-Jose-7.jpg",1200,675,false],"2048x2048":["https:\/\/noticiasbahia360.com.br\/wp-content\/uploads\/2026\/09\/Transito-comercio-chuva-em-Feira_-foto-Paulo-Jose-7.jpg",1200,675,false],"chromenews-featured":["https:\/\/noticiasbahia360.com.br\/wp-content\/uploads\/2026\/09\/Transito-comercio-chuva-em-Feira_-foto-Paulo-Jose-7-1024x576.jpg",1024,576,true],"chromenews-large":["https:\/\/noticiasbahia360.com.br\/wp-content\/uploads\/2026\/09\/Transito-comercio-chuva-em-Feira_-foto-Paulo-Jose-7-825x575.jpg",825,575,true],"chromenews-medium":["https:\/\/noticiasbahia360.com.br\/wp-content\/uploads\/2026\/09\/Transito-comercio-chuva-em-Feira_-foto-Paulo-Jose-7-590x410.jpg",590,410,true]},"author_info":{"display_name":"noticiasbahia360.com.br","author_link":"https:\/\/noticiasbahia360.com.br\/?author=1"},"category_info":"<a href=\"https:\/\/noticiasbahia360.com.br\/?cat=8\" rel=\"category\">Bahia<\/a> <a href=\"https:\/\/noticiasbahia360.com.br\/?cat=9\" rel=\"category\">Brasil<\/a> <a href=\"https:\/\/noticiasbahia360.com.br\/?cat=6\" rel=\"category\">Feira de Santana<\/a> <a href=\"https:\/\/noticiasbahia360.com.br\/?cat=57\" rel=\"category\">Mundo<\/a> <a href=\"https:\/\/noticiasbahia360.com.br\/?cat=56\" rel=\"category\">Pol\u00edcia<\/a> <a href=\"https:\/\/noticiasbahia360.com.br\/?cat=10\" rel=\"category\">Pol\u00edtica<\/a>","tag_info":"Pol\u00edtica","comment_count":"0","_links":{"self":[{"href":"https:\/\/noticiasbahia360.com.br\/index.php?rest_route=\/wp\/v2\/posts\/148788","targetHints":{"allow":["GET"]}}],"collection":[{"href":"https:\/\/noticiasbahia360.com.br\/index.php?rest_route=\/wp\/v2\/posts"}],"about":[{"href":"https:\/\/noticiasbahia360.com.br\/index.php?rest_route=\/wp\/v2\/types\/post"}],"author":[{"embeddable":true,"href":"https:\/\/noticiasbahia360.com.br\/index.php?rest_route=\/wp\/v2\/users\/1"}],"replies":[{"embeddable":true,"href":"https:\/\/noticiasbahia360.com.br\/index.php?rest_route=%2Fwp%2Fv2%2Fcomments&post=148788"}],"version-history":[{"count":0,"href":"https:\/\/noticiasbahia360.com.br\/index.php?rest_route=\/wp\/v2\/posts\/148788\/revisions"}],"wp:featuredmedia":[{"embeddable":true,"href":"https:\/\/noticiasbahia360.com.br\/index.php?rest_route=\/wp\/v2\/media\/148789"}],"wp:attachment":[{"href":"https:\/\/noticiasbahia360.com.br\/index.php?rest_route=%2Fwp%2Fv2%2Fmedia&parent=148788"}],"wp:term":[{"taxonomy":"category","embeddable":true,"href":"https:\/\/noticiasbahia360.com.br\/index.php?rest_route=%2Fwp%2Fv2%2Fcategories&post=148788"},{"taxonomy":"post_tag","embeddable":true,"href":"https:\/\/noticiasbahia360.com.br\/index.php?rest_route=%2Fwp%2Fv2%2Ftags&post=148788"}],"curies":[{"name":"wp","href":"https:\/\/api.w.org\/{rel}","templated":true}]}}