{"id":148795,"date":"2026-09-04T06:05:03","date_gmt":"2026-09-04T09:05:03","guid":{"rendered":"https:\/\/noticiasbahia360.com.br\/?p=148795"},"modified":"2026-09-04T06:05:03","modified_gmt":"2026-09-04T09:05:03","slug":"confira-as-vagas-de-estagio-e-empregos-para-feira-de-santana-nesta-sexta-feira-4","status":"publish","type":"post","link":"https:\/\/noticiasbahia360.com.br\/?p=148795","title":{"rendered":"Confira as vagas de est\u00e1gio e empregos para Feira de Santana nesta sexta-feira (4)"},"content":{"rendered":"<div>\n<div>\n<figure><img decoding=\"async\" src=\"http:\/\/noticiasbahia360.com.br\/wp-content\/uploads\/2026\/09\/Auxiliar-de-producao-logistica-industria-foto-freepik.jpg\" alt=\"Vagas de emprego -Auxiliar de produ\u00e7\u00e3o, log\u00edstica, ind\u00fastria\"><figcaption>Foto: Freepik<\/figcaption><\/figure>\n<\/div>\n<p class=\"wp-block-paragraph\">\ud83d\udc49\ud83c\udfff <strong>Veja as vagas do <a href=\"https:\/\/www.acordacidade.com.br\/temvagas\/\">TemVagas<\/a> aqui<\/strong>!<\/p>\n<hr class=\"wp-block-separator has-alpha-channel-opacity\">\n<ul class=\"wp-block-list\">\n<li><strong>Auxiliar de Dep\u00f3sito<\/strong>\u00a0\u2013 Experi\u00eancia comprovada em carteira no m\u00ednimo 1 ano,\u00a0 inform\u00e1tica b\u00e1sica, ensino m\u00e9dico completo, Residir em Feira de Santana.\u00a0 Interessados enviar curr\u00edculo pelo Whatsap: 71 99100-2275.<\/li>\n<\/ul>\n<ul class=\"wp-block-list\">\n<li><strong>Vendedor de Balc\u00e3o<\/strong>\u00a0\u2013 Experi\u00eancia comprovada em carteira no m\u00ednimo 1 ano, Habilidade em trabalhar com metas, inform\u00e1tica b\u00e1sica, ensino m\u00e9dico completo, Residir em Feira de Santana.\u00a0 Interessados enviar curr\u00edculo pelo Whatsap: 71 99100-2275.<\/li>\n<\/ul>\n<ul class=\"wp-block-list\">\n<li><strong>Auxiliar de Dep\u00f3sito<\/strong>\u00a0\u2013\u00a0\u00a0<strong>vagas para PCD:<\/strong>\u00a0\u00a0\u00a0Experi\u00eancia comprovada em carteira no m\u00ednimo 1 ano,\u00a0 inform\u00e1tica b\u00e1sica, ensino m\u00e9dico completo, Residir em Feira de Santana.\u00a0 Interessados enviar curr\u00edculo pelo Whatsap: 71 99100-2275<\/li>\n<\/ul>\n<ul class=\"wp-block-list\">\n<li><strong>Vendedor de Balc\u00e3o<\/strong>\u00a0\u2013\u00a0\u00a0<strong>\u00a0vagas para PCD:<\/strong>\u00a0 \u00a0Experi\u00eancia comprovada em carteira no m\u00ednimo 1 ano, Habilidade em trabalhar com metas, inform\u00e1tica b\u00e1sica, ensino m\u00e9dico completo, Residir em Feira de Santana.\u00a0 Interessados enviar curr\u00edculo pelo Whatsap: 71 99100-2275.<\/li>\n<\/ul>\n<hr class=\"wp-block-separator has-alpha-channel-opacity\">\n<h3 id=\"h-atendimento-ao-cliente-e-commerce-feira-de-santana\" class=\"wp-block-heading\">Atendimento ao Cliente (E-commerce) | Feira de Santana<\/h3>\n<p class=\"wp-block-paragraph\">Empresa busca profissionais para atuar no atendimento ao cliente por voz, chat e e-mail, prestando suporte financeiro e t\u00e9cnico a usu\u00e1rios de plataformas de pagamento. A vaga \u00e9 presencial, com possibilidade de home office ap\u00f3s 90 dias, mediante avalia\u00e7\u00e3o de desempenho.<\/p>\n<p class=\"wp-block-paragraph\"><strong>Requisitos:<\/strong><\/p>\n<ul class=\"wp-block-list\">\n<li>Ensino M\u00e9dio completo;<\/li>\n<li>Idade m\u00ednima de 18 anos;<\/li>\n<li>Conhecimentos em inform\u00e1tica (Pacote Office e Google Chrome);<\/li>\n<li>Boa comunica\u00e7\u00e3o e digita\u00e7\u00e3o;<\/li>\n<li>Experi\u00eancia com atendimento ao cliente \u00e9 um diferencial.<\/li>\n<\/ul>\n<p class=\"wp-block-paragraph\"><strong>Sal\u00e1rio e benef\u00edcios:<\/strong><\/p>\n<ul class=\"wp-block-list\">\n<li>Sal\u00e1rio de <strong>R$ 1.621,00<\/strong>;<\/li>\n<li>Remunera\u00e7\u00e3o vari\u00e1vel de at\u00e9 <strong>R$ 280,00<\/strong> por metas;<\/li>\n<li>Vale-transporte, vale-refei\u00e7\u00e3o\/alimenta\u00e7\u00e3o, assist\u00eancia m\u00e9dica e odontol\u00f3gica, seguro de vida, plano de carreira e outros benef\u00edcios.<\/li>\n<\/ul>\n<p class=\"wp-block-paragraph\"><strong>Local de trabalho:<\/strong><br \/>Pra\u00e7a Carlos Bahia, <strong>Feira de Santana (BA)<\/strong>. <\/p>\n<div class=\"wp-block-buttons is-content-justification-center is-layout-flex wp-container-core-buttons-is-layout-fe48e5de wp-block-buttons-is-layout-flex\">\n<div class=\"wp-block-button\"><a class=\"wp-block-button__link wp-element-button\" href=\"https:\/\/atento.gupy.io\/jobs\/11574122\" target=\"_blank\" rel=\"noreferrer noopener\">\ud83d\udc49\ud83c\udfffSe inscreva para essa vaga clicando neste bot\u00e3o<\/a><\/div>\n<\/div>\n<hr class=\"wp-block-separator has-alpha-channel-opacity\">\n<h3 id=\"h-vagas-do-iel\" class=\"wp-block-heading\">Vagas do IEL<\/h3>\n<ul class=\"wp-block-list\">\n<li><strong>Ci\u00eancias Cont\u00e1beis \/ Centro <br \/><\/strong>C\u00f3digo: 26253<br \/>Vaga: 1<br \/>P\u00fablico: estudantes do 4\u00ba ao 7\u00ba semestre<br \/>Carga hor\u00e1ria: 30 horas semanais, de segunda a sexta, das 9h \u00e0s 12h e das 14h \u00e0s 17h<br \/>Bolsa: R$ 1.000<br \/>Aux\u00edlio-transporte: R$ 200<br \/><strong>Inscri\u00e7\u00f5es at\u00e9 14 de agosto de 2026.<\/strong><\/li>\n<li><strong>Design Gr\u00e1fico \/ Publicidade e Propaganda<br \/><\/strong>Local: Santa M\u00f4nica II<br \/>C\u00f3digo: 25936<br \/>Vaga: 1<br \/>P\u00fablico: estudantes do 1\u00ba ao 3\u00ba semestre<br \/>Carga hor\u00e1ria: 30 horas semanais, de segunda a sexta, das 10h \u00e0s 12h e das 14h \u00e0s 18h<br \/>Bolsa: R$ 800<br \/>Aux\u00edlio-transporte: R$ 11,80 por dia estagiado<br \/><strong>Inscri\u00e7\u00f5es at\u00e9 28 de agosto de 2026.<\/strong><\/li>\n<\/ul>\n<p class=\"wp-block-paragraph\"><em><strong>Os interessados devem acessar o site do IEL, realizar o cadastro e se candidatar utilizando o c\u00f3digo da vaga dentro do prazo informado para cada oportunidade.<\/strong><\/em><\/p>\n<div class=\"wp-block-group\">\n<div class=\"wp-block-group__inner-container is-layout-constrained wp-block-group-is-layout-constrained\">\n<hr class=\"wp-block-separator has-alpha-channel-opacity\">\n<p class=\"wp-block-paragraph\"><strong>\ud83d\ude97Mec\u00e2nico geral de autom\u00f3vel com experi\u00eancia.<\/strong><\/p>\n<p class=\"wp-block-paragraph\">\ud83d\udc49\ud83c\udfffInteressando nas vagas ligar ou mandar curr\u00edculo para (75) 9 9277- 0909.<\/p>\n<p class=\"wp-block-paragraph\"><strong>\ud83d\ude97Mec\u00e2nico de autom\u00f3vel com experi\u00eancia em inje\u00e7\u00e3o eletr\u00f4nica e El\u00e9trica<\/strong><\/p>\n<p class=\"wp-block-paragraph\">\ud83d\udc49\ud83c\udfffInteressando nas vagas ligar ou mandar curr\u00edculo para (75) 9 9277- 0909.<\/p>\n<hr class=\"wp-block-separator has-alpha-channel-opacity\">\n<p class=\"wp-block-paragraph\">\ud83d\udcde<strong>Recepcionista de autom\u00f3veis<\/strong><\/p>\n<ul class=\"wp-block-list\">\n<li>Sexo: Masculino<\/li>\n<li>Requisito: Possuir CNH categoria B<\/li>\n<li>Contato: (75) 99277-0909 ou (75) 3623-2155<\/li>\n<\/ul>\n<p class=\"wp-block-paragraph\">\ud83e\udd69<strong>Churrasqueiro<\/strong><\/p>\n<ul class=\"wp-block-list\">\n<li>Sexo: Masculino<\/li>\n<li>Endere\u00e7o: Rua Castro Alves, 1643, Centro<\/li>\n<li>Requisito: Possuir CNH categoria B<\/li>\n<li>Contato: (75) 3223-1495<\/li>\n<\/ul>\n<\/div>\n<\/div>\n<hr class=\"wp-block-separator has-alpha-channel-opacity\">\n<h3 id=\"h-oportunidades\" class=\"wp-block-heading\">+Oportunidades <\/h3>\n<ul class=\"wp-block-list\">\n<li><strong>Conferente de Mercadorias<\/strong> \u2013 Experi\u00eancia comprovada em Carteira no m\u00ednimo 1 ano, inform\u00e1tica b\u00e1sica, ensino m\u00e9dico completo. Residir em Feira de Santana.<\/li>\n<li><strong>Auxiliar de Dep\u00f3sito<\/strong> \u2013 Experi\u00eancia comprovada em Carteira no m\u00ednimo 1 ano, inform\u00e1tica b\u00e1sica, ensino m\u00e9dico completo, Residir em Feira de Santana.<\/li>\n<li><strong>Vendedor de Balc\u00e3o <\/strong>\u2013 Experi\u00eancia comprovada em Carteira no m\u00ednimo 1 ano, Habilidade em trabalhar com metas, inform\u00e1tica b\u00e1sica, ensino m\u00e9dico completo, Residir em Feira de Santana.<\/li>\n<\/ul>\n<p class=\"wp-block-paragraph\">\ud83d\udc49\ud83c\udfff<strong>Interessados enviar curr\u00edculo pelo Whatsap: 71 99100-2275<\/strong><\/p>\n<hr class=\"wp-block-separator has-alpha-channel-opacity\">\n<h2 id=\"h-vagas-do-sinebahia-sac-feira-ii\" class=\"wp-block-heading\">Vagas do SineBahia \u2013 SAC Feira II<\/h2>\n<p class=\"wp-block-paragraph\">O SineBahia est\u00e1 encaminhando candidatos para diversas oportunidades de emprego em Feira de Santana. Os interessados devem realizar agendamento por meio do SAC Digital ou pelos telefones <strong>0800 071 5353<\/strong> e <strong>(71) 4020-5353<\/strong>. <\/p>\n<ul class=\"wp-block-list\">\n<li><strong>AUXILIAR DE LIMPEZA (ajudante geral) VAGA PCD<br \/><\/strong>Ensino Fundamental Incompleto<br \/>Sem experi\u00eancia<br \/>Benef\u00edcios:vale transporte e cesta b\u00e1sica,seguro de vida e refeit\u00f3rio<br \/>Sal\u00e1rio: R$ 1.707,20<br \/>Cesta b\u00e1sica no valor de R$ 560,00<br \/>Exige esfor\u00e7o f\u00edsico<br \/>01 VAGA<\/li>\n<li>AUXILIAR ADMINISTRATIVO-VAGA PCD<br \/>Ensino M\u00e9dio Completo<br \/>Sem experi\u00eancia (Vivencia em rotina administrativa)<br \/>Benef\u00edcios:vale transporte e cesta b\u00e1sica,seguro de vida e refeit\u00f3rio<br \/>Sal\u00e1rio: R$ 1.707,20<br \/>Cesta b\u00e1sica no valor de R$ 560,00<br \/>01 VAGA<\/li>\n<li><strong>MOTORISTA CARRETEIRO<br \/><\/strong>Ensino M\u00e9dio Completo<br \/>Com experi\u00eancia 6 meses na CTPS<br \/>Benef\u00edcios:Vale transporte,refei\u00e7\u00e3o, ass. m\u00e9dica,cesta b\u00e1sica,seguro de vida,adic.periculosidade e demais benef\u00edcios ser\u00e3o informados na entrevista.<br \/>Salario:R$3.148,76<br \/>CNH \u2013 E<br \/>CURSOS: NR20, NR 35, MOPP<br \/>05 VAGAS<\/li>\n<li><strong>FIEL DE DEPOSITO<br \/><\/strong>Ensino M\u00e9dio Completo<br \/>Com experi\u00eancia de 03 meses na ctps, contrato ou declara\u00e7\u00e3o<br \/>Benef\u00edcios:vale transporte e vale refei\u00e7\u00e3o<br \/>CNH A\/B<br \/>Desej\u00e1vel: Ter a CNH e o curso de op. de empilhadeira.<br \/>Sal\u00e1rio: a combinar<br \/>Exige esfor\u00e7o f\u00edsico<br \/>01 VAGA<\/li>\n<li><strong>GERENTE DISTRITAL DE VENDAS (PORTA A PORTA)<br \/><\/strong>Ensino M\u00e9dio Completo<br \/>Com experi\u00eancia 6 meses na CTPS \/CONTRATO OU DECLARA\u00c7\u00c3O<br \/>CNH B<br \/>Salario: R$1.814,67<br \/>Benef\u00edcios: vale refei\u00e7\u00e3o, vale transporte, ass.m\u00e9dica, ass. odontol\u00f3gica , seguro de vida e uniforme<br \/>01 VAGA<\/li>\n<li><strong>AUXILIAR DE LINHA DE PRODU\u00c7\u00c3O \u2013 VAGA PARA DISTRITO DE S\u00c3O JOS\u00c9<br \/><\/strong>Ensino Fundamental Incompleto<br \/>Sem experi\u00eancia<br \/>Benef\u00edcios:a combinar<br \/>Salario:R$2.500,00<br \/>05 VAGAS<\/li>\n<li><strong>PEDREIRO<br \/><\/strong>Ensino Fundamental Incompleto<br \/>Com experi\u00eancia de 06 meses na CTPS, contrato ou declara\u00e7\u00e3o<br \/>Benef\u00edcios:refeit\u00f3rio na empresa e uniforme<br \/>Sal\u00e1rio:a combinar<br \/>Imprescind\u00edvel:Experi\u00eancia em reboco, contrapiso.mestramento, nivelamento, acabamento e corre\u00e7\u00f5es de superf\u00edcies.<br \/>06 VAGAS<\/li>\n<li><strong>GESSEIRO<br \/><\/strong>Ensino Fundamental Incompleto<br \/>Com experi\u00eancia de 06 meses na CTPS, contrato ou declara\u00e7\u00e3o<br \/>Benef\u00edcios:refeit\u00f3rio na empresa e uniforme<br \/>Sal\u00e1rio:a combinar<br \/>Imprescind\u00edvel:Experi\u00eancia em reboco de gesso,emassamento,nivelamento,acabamento e corre\u00e7\u00f5es de superf\u00edcies.<br \/>05 VAGAS<\/li>\n<li><strong>VENDEDOR \u2013 VAGA PARA SERRINHA<br \/><\/strong>Ensino M\u00e9dio Completo<br \/>Com experi\u00eancia 06 meses na CTPS<br \/>Benef\u00edcios: Ass. m\u00e9dica, adic periculosidade, Uniforme, vale alimenta\u00e7\u00e3o<br \/>Salario:a combinar, comiss\u00e3o<br \/>01 VAGA<\/li>\n<li><strong>SUSHIMAN<br \/><\/strong>Ensino M\u00e9dio Completo<br \/>Com experi\u00eancia 06 meses na CTPS<br \/>Salario:a combinar<br \/>Disponibilidade de hor\u00e1rio(trabalhar em shopping )<br \/>OBS:De prefer\u00eancia que more proximo ao Boulevard Shopping<br \/>01 VAGA<\/li>\n<li><strong>OPERADOR DE CAIXA<br \/><\/strong>Ensino M\u00e9dio Completo<br \/>Com experi\u00eancia 6 meses na CTPS<br \/>Benef\u00edcios:vale transporte,refeit\u00f3rio e adicional noturno<br \/>Sal\u00e1rio:a combinar<br \/>Disponibilidade de hor\u00e1rio(trabalhar em shopping )<br \/>OBS:De prefer\u00eancia que more proximo ao Boulevard Shopping<br \/>01 VAGA<\/li>\n<li><strong>AUXILIAR DE COZINHA<br \/><\/strong>Ensino M\u00e9dio Completo<br \/>Com experi\u00eancia 06 meses na CTPS<br \/>Salario:a combinar<br \/>Disponibilidade de hor\u00e1rio(trabalhar em shopping )<br \/>OBS:De prefer\u00eancia que more proximo ao Boulevard Shopping<br \/>01 VAGA<\/li>\n<li><strong>ENCARREGADO DE LOJA<br \/><\/strong>Ensino M\u00e9dio Completo<br \/>Com experi\u00eancia 06 meses na CTPS<br \/>Sal\u00e1rio:a combinar<br \/>Disponibilidade de hor\u00e1rio(trabalhar em shopping )<br \/>OBS:De prefer\u00eancia que more proximo ao Boulevard Shopping<br \/>01 VAGA<\/li>\n<li><strong>GERENTE DE SUPERMERCADO<br \/><\/strong>Ensino M\u00e9dio Completo<br \/>Com experi\u00eancia 6 meses na CTPS<br \/>Benef\u00edcios:vale transporte, ass. m\u00e9dica, ass. odontol\u00f3gica,seguro de vida, refeit\u00f3rio da empresa,uniforme, tele medicina, cart\u00e3o para compra na loja e universidade coorporativa<br \/>Sal\u00e1rio: a combinar<br \/>01 VAGA<\/li>\n<li><strong>FISCAL DE PREVEN\u00c7\u00c3O DE PERDAS<br \/><\/strong>Ensino M\u00e9dio Completo<br \/>Sem experi\u00eancia<br \/>Benef\u00edcios:vale transporte, ass. m\u00e9dica, ass. odontol\u00f3gica,seguro de vida, refeit\u00f3rio da empresa,uniforme, tele medicina, cart\u00e3o para compra na loja e universidade coorporativa<br \/>Exige esfor\u00e7o f\u00edsico<br \/>Sal\u00e1rio: a combinar<br \/>02 VAGAS<\/li>\n<li><strong>AUXILIAR DE ARMAZENAMENTO<br \/><\/strong>Ensino M\u00e9dio Completo<br \/>Sem experi\u00eancia<br \/>Benef\u00edcios:vale transporte, ass. m\u00e9dica, ass. odontol\u00f3gica,seguro de vida, refeit\u00f3rio da empresa,uniforme, tele medicina, cart\u00e3o para compra na loja e universidade coorporativa<br \/>Sal\u00e1rio: a combinar<br \/>Exige esfor\u00e7o f\u00edsico<br \/>01 VAGA<\/li>\n<li><strong>FISCAL DE CAIXA<br \/><\/strong>Ensino M\u00e9dio Completo<br \/>Com experi\u00eancia 6 meses na CTPS<br \/>Benef\u00edcios:vale transporte, ass. m\u00e9dica, ass. odontol\u00f3gica,seguro de vida, refeit\u00f3rio da empresa,uniforme, tele medicina, cart\u00e3o para compra na loja e universidade coorporativa<br \/>Sal\u00e1rio: a combinar<br \/>01 VAGA<\/li>\n<li><strong>REPOSITOR DE FRIOS<br \/><\/strong>Ensino M\u00e9dio Completo<br \/>Sem experi\u00eancia<br \/>Benef\u00edcios:vale transporte, ass. m\u00e9dica, ass. odontol\u00f3gica,seguro de vida, refeit\u00f3rio da empresa,uniforme, tele medicina, cart\u00e3o para compra na loja e universidade coorporativa<br \/>Sal\u00e1rio: a combinar<br \/>Exige esfor\u00e7o f\u00edsico<br \/>03 VAGAS<\/li>\n<li><strong>REPOSITOR DE HORTIFRUT<br \/><\/strong>Ensino M\u00e9dio Completo<br \/>Com experi\u00eancia 6 meses na CTPS<br \/>Benef\u00edcios:vale transporte, ass. m\u00e9dica, ass. odontol\u00f3gica,seguro de vida, refeit\u00f3rio da empresa,uniforme, tele medicina, cart\u00e3o para compra na loja e universidade coorporativa<br \/>Sal\u00e1rio: a combinar<br \/>04 VAGAS<\/li>\n<li><strong>T\u00c9CNICO EM MANUTEN\u00c7\u00c3O (GERAL)<br \/><\/strong>Ensino M\u00e9dio Completo<br \/>Com experi\u00eancia 6 meses na CTPS (Manuten\u00e7\u00e3o em pr\u00e9dio e equipamentos)<br \/>Curso de NR10, NR35<br \/>Benef\u00edcios:vale transporte, ass. m\u00e9dica, ass. odontol\u00f3gica,seguro de vida, refeit\u00f3rio da empresa,uniforme, tele medicina, cart\u00e3o para compra na loja e universidade coorporativa<br \/>Sal\u00e1rio: a combinar<br \/>02 VAGAS<\/li>\n<li><strong>INSTRUTOR DE EDUCA\u00c7\u00c3O PROFISSIONAL<br \/><\/strong>Ensino Superior Completo (Gradua\u00e7\u00e3o nas \u00e1reas de Engenharia da Computa\u00e7\u00e3o, An\u00e1lises de Sistemas e \u00e1reas afins.<br \/>Ministrar aulas no Curso T\u00e9cnico<br \/>Com experi\u00eancia 3 meses na CTPS, CONTRATO OU DECLARA\u00c7\u00c3O<br \/>Benef\u00edcios:vale transporte<br \/>Jornada de trabalho 20h semanais (Horista)<br \/>Sal\u00e1rio: a combinar<br \/>01 VAGA<\/li>\n<li><strong>AUXILIAR FISCAL (CONTABIL)<br \/><\/strong>Ensino Superior Completo (Contabilidade e \u00e1reas afins )<br \/>Com experi\u00eancia de 6 meses na CTPS,CONTRATO OU DECLARA\u00c7\u00c3O<br \/>Benef\u00edcios:vale transporte e vale refei\u00e7\u00e3o<br \/>Sal\u00e1rio: R$ 2.193,00<br \/>Impressindivel:Conhecimento do Setor Fiscal, Apura\u00e7\u00e3o de Tributos pelo Simples Nacional, Lucro Presumido e conhecimento considerado em DCTF WEB, SPED CONT\u00c1BIL E FISCAL, ECF,ECD ETC\u2026.<br \/>02 VAGAS<\/li>\n<\/ul>\n<h2 id=\"h-casa-do-trabalhador\" class=\"wp-block-heading\">Casa do Trabalhador:<\/h2>\n<p class=\"wp-block-paragraph\">Os interessados devem comparecer \u00e0 Casa do Trabalhador, localizada na Rua Desembargador Felinto Bastos, 527-A, antiga Rua de Aurora, no centro de Feira de Santana. \u00c9 importante apresentar documentos pessoais, carteira de trabalho, curr\u00edculo atualizado e comprovantes de escolaridade e experi\u00eancia profissional, quando exigidos para a fun\u00e7\u00e3o.<\/p>\n<ul class=\"wp-block-list\">\n<li><strong>AJUDANTE DE MOTORISTA <\/strong>\u2013 15 VAGAS (ENSINO M\u00c9DIO COMPLETO, EXPERI\u00caNCIA DE 6 MESES; CNH D SER\u00c1 UM DIFERENCIAL)<\/li>\n<li><strong>AJUDANTE DE PINTOR<\/strong> \u2013 2 VAGAS (ENSINO FUNDAMENTAL COMPLETO, EXPERI\u00caNCIA)<\/li>\n<li><strong>AJUDANTE DE SERRALHEIRO<\/strong> \u2013 4 VAGAS (ENSINO FUNDAMENTAL COMPLETO, EXPERI\u00caNCIA)<\/li>\n<li><strong>ALINHADOR DE RODAS<\/strong> \u2013 5 VAGAS (ENSINO FUNDAMENTAL COMPLETO, EXPERI\u00caNCIA DE 6 MESES; VE\u00cdCULOS LEVES E PESADOS)<\/li>\n<li><strong>ASSISTENTE DE RH<\/strong> \u2013 1 VAGA (ENSINO SUPERIOR OU T\u00c9CNICO, EXPERI\u00caNCIA DE 6 MESES; SAL\u00c1RIO R$ 2.500 + BENEF\u00cdCIO)<\/li>\n<li><strong>ATENDENTE DE BALC\u00c3O<\/strong> \u2013 2 VAGAS (ENSINO M\u00c9DIO COMPLETO, EXPERI\u00caNCIA DE 6 MESES; SAL\u00c1RIO R$ 1.621 + BENEF\u00cdCIO; EMPREGABILIDADE DA MULHER)<\/li>\n<li><strong>AUXILIAR DE CHURRASQUEIRO<\/strong> \u2013 1 VAGA (ENSINO FUNDAMENTAL COMPLETO, EXPERI\u00caNCIA)<\/li>\n<li><strong>AUXILIAR DE ESTOQUE<\/strong> \u2013 2 VAGAS (ENSINO M\u00c9DIO COMPLETO, EXPERI\u00caNCIA DE 6 MESES)<\/li>\n<li><strong>AUXILIAR DE LIMPEZA <\/strong>\u2013 4 VAGAS (PCD, ENSINO M\u00c9DIO COMPLETO)<\/li>\n<li><strong>AUXILIAR DE LIMPEZA<\/strong> \u2013 9 VAGAS (ENSINO FUNDAMENTAL COMPLETO, EXPERI\u00caNCIA DE 6 MESES; ATIVIDADE QUE EXIGE ESFOR\u00c7O F\u00cdSICO)<\/li>\n<li><strong>AUXILIAR DE LOG\u00cdSTICA <\/strong>\u2013 40 VAGAS (ENSINO M\u00c9DIO COMPLETO, EXPERI\u00caNCIA DE 6 MESES; ESTOQUE, CONFER\u00caNCIA E SEPARA\u00c7\u00c3O DE MERCADORIAS; SAL\u00c1RIO R$ 1.682 + BENEF\u00cdCIOS)<\/li>\n<li><strong>AUXILIAR DE PIZZAIOLO <\/strong>\u2013 2 VAGAS (ENSINO FUNDAMENTAL COMPLETO, EXPERI\u00caNCIA; DISPONIBILIDADE DE HOR\u00c1RIO)<\/li>\n<li><strong>BAB\u00c1 <\/strong>\u2013 1 VAGA (ENSINO FUNDAMENTAL COMPLETO, EXPERI\u00caNCIA DE 6 MESES; EMPREGABILIDADE DA MULHER)<\/li>\n<li><strong>BALANCEADOR DE PNEUS<\/strong> \u2013 2 VAGAS (ENSINO FUNDAMENTAL COMPLETO, EXPERI\u00caNCIA; ATIVIDADE QUE EXIGE ESFOR\u00c7O F\u00cdSICO)<\/li>\n<li><strong>CHURRASQUEIRO<\/strong> \u2013 2 VAGAS (ENSINO FUNDAMENTAL COMPLETO, EXPERI\u00caNCIA; DISPONIBILIDADE DE HOR\u00c1RIO)<\/li>\n<li><strong>CONFERENTE<\/strong> \u2013 4 VAGAS (ENSINO M\u00c9DIO COMPLETO, EXPERI\u00caNCIA DE 6 MESES; ATIVIDADE QUE EXIGE ESFOR\u00c7O F\u00cdSICO)<\/li>\n<li><strong>CONFERENTE DE FATURAS EM NOTAS FISCAIS <\/strong>\u2013 4 VAGAS (ENSINO M\u00c9DIO COMPLETO, EXPERI\u00caNCIA DE 6 MESES; ATIVIDADE QUE EXIGE ESFOR\u00c7O F\u00cdSICO)<\/li>\n<li><strong>COZINHEIRO GERAL<\/strong> \u2013 8 VAGAS (ENSINO M\u00c9DIO INCOMPLETO, EXPERI\u00caNCIA DE 6 MESES; EMPREGABILIDADE DA MULHER)<\/li>\n<li><strong>EMPREGADA DOM\u00c9STICA <\/strong>\u2013 2 VAGAS (ENSINO FUNDAMENTAL COMPLETO, EXPERI\u00caNCIA DE 6 MESES)<\/li>\n<li><strong>ESTOQUISTA<\/strong> \u2013 7 VAGAS (ENSINO M\u00c9DIO COMPLETO, EXPERI\u00caNCIA DE 6 MESES; ATIVIDADE QUE EXIGE ESFOR\u00c7O F\u00cdSICO)<\/li>\n<li><strong>FIEL DE DEP\u00d3SITO<\/strong> \u2013 3 VAGAS (ENSINO M\u00c9DIO COMPLETO, EXPERI\u00caNCIA DE 6 MESES; ATIVIDADE QUE EXIGE ESFOR\u00c7O F\u00cdSICO)<\/li>\n<li><strong>FISCAL DE CAIXA <\/strong>\u2013 6 VAGAS (ENSINO M\u00c9DIO COMPLETO, EXPERI\u00caNCIA DE 6 MESES; SAL\u00c1RIO R$ 1.770 + BENEF\u00cdCIO)<\/li>\n<li><strong>GERENTE DE LOJA <\/strong>\u2013 1 VAGA (ENSINO M\u00c9DIO COMPLETO, EXPERI\u00caNCIA)<\/li>\n<li><strong>JARDINEIRO <\/strong>\u2013 10 VAGAS (ENSINO FUNDAMENTAL COMPLETO, EXPERI\u00caNCIA)<\/li>\n<li><strong>MEC\u00c2NICO DE MOTOCICLETA<\/strong> \u2013 3 VAGAS (ENSINO FUNDAMENTAL COMPLETO, EXPERI\u00caNCIA DE 6 MESES)<\/li>\n<li><strong>MONITOR DE PARQUE INFANTIL <\/strong>\u2013 1 VAGA (ENSINO M\u00c9DIO COMPLETO; PODE SER PRIMEIRO EMPREGO; PREFER\u00caNCIA POR MORADORES DO PAPAGAIO)<\/li>\n<li><strong>MONTADOR DE ESQUADRIAS DE MADEIRA<\/strong> \u2013 4 VAGAS (ENSINO FUNDAMENTAL COMPLETO, EXPERI\u00caNCIA DE 6 MESES; CONCEI\u00c7\u00c3O DO JACU\u00cdPE)<\/li>\n<li><strong>MONTADOR DE IMPLEMENTOS RODOVI\u00c1RIOS<\/strong> \u2013 4 VAGAS (ENSINO FUNDAMENTAL COMPLETO, EXPERI\u00caNCIA)<\/li>\n<li><strong>MOTORISTA DE CAMINH\u00c3O <\/strong>\u2013 40 VAGAS (ENSINO M\u00c9DIO INCOMPLETO, EXPERI\u00caNCIA DE 6 MESES; CNH D; DISPONIBILIDADE PARA VIAGEM)<\/li>\n<li><strong>OPERADOR DE CAIXA <\/strong>\u2013 7 VAGAS (ENSINO M\u00c9DIO COMPLETO, EXPERI\u00caNCIA DE 6 MESES)<\/li>\n<li><strong>PEDREIRO <\/strong>\u2013 63 VAGAS (ENSINO FUNDAMENTAL COMPLETO, EXPERI\u00caNCIA DE 6 MESES)<\/li>\n<li><strong>PINTOR AUTOMOTIVO<\/strong> \u2013 3 VAGAS (ENSINO FUNDAMENTAL COMPLETO, EXPERI\u00caNCIA)<\/li>\n<li><strong>PINTOR INDUSTRIAL <\/strong>\u2013 2 VAGAS (ENSINO FUNDAMENTAL COMPLETO, EXPERI\u00caNCIA DE 6 MESES; SAL\u00c1RIO R$ 2.269 + BENEF\u00cdCIO)<\/li>\n<li><strong>REPOSITOR DE MERCADORIA <\/strong>\u2013 4 VAGAS (ENSINO FUNDAMENTAL COMPLETO, EXPERI\u00caNCIA DE 6 MESES; SAL\u00c1RIO R$ 1.740 + BENEF\u00cdCIO)<\/li>\n<li><strong>REPOSITOR DE MERCADORIA <\/strong>\u2013 6 VAGAS (ENSINO M\u00c9DIO COMPLETO, EXPERI\u00caNCIA DE 6 MESES; SAL\u00c1RIO R$ 1.770 + BENEF\u00cdCIO)<\/li>\n<li><strong>SERRALHEIRO<\/strong> \u2013 5 VAGAS (ENSINO FUNDAMENTAL COMPLETO, EXPERI\u00caNCIA DE 6 MESES)<\/li>\n<li><strong>SOLDADOR<\/strong> \u2013 4 VAGAS (ENSINO FUNDAMENTAL COMPLETO, EXPERI\u00caNCIA COM IMPLEMENTOS RODOVI\u00c1RIOS)<\/li>\n<li><strong>SUSHIMAN <\/strong>\u2013 2 VAGAS (ENSINO M\u00c9DIO COMPLETO, EXPERI\u00caNCIA DE 6 MESES; DISPONIBILIDADE DE HOR\u00c1RIO; SAL\u00c1RIO R$ 2.200 + BENEF\u00cdCIO)<\/li>\n<li><strong>T\u00c9CNICO EM SEGURAN\u00c7A DO TRABALHO <\/strong>\u2013 2 VAGAS (ENSINO M\u00c9DIO COMPLETO, EXPERI\u00caNCIA DE 6 MESES)<\/li>\n<\/ul>\n<p class=\"wp-block-paragraph\">Mais informa\u00e7\u00f5es podem ser obtidas pelos telefones (75) 3614-2550 e 3614-2551 ou pelo e-mail casadotrabalhador@pmfs.ba.gov.br. <\/p>\n<h2 id=\"h-mais-vagas\" class=\"wp-block-heading\">Mais vagas<\/h2>\n<p class=\"wp-block-paragraph\">\ud83d\udc49\ud83c\udfff <strong>Veja as vagas do <a href=\"https:\/\/www.acordacidade.com.br\/empregos\/\">TemVagas aqui<\/a><\/strong><\/p>\n<p class=\"wp-block-paragraph\"><em>Siga o Acorda Cidade no <\/em><a href=\"https:\/\/news.google.com\/search?q=acorda%20cidade&amp;hl=pt-BR&amp;gl=BR&amp;ceid=BR%3Apt-419\"><strong><em>Google Not\u00edcias<\/em><\/strong><\/a><em> e receba os principais destaques do dia. Participe tamb\u00e9m dos nossos canais no <\/em><a href=\"https:\/\/whatsapp.com\/channel\/0029Va6Rb4v3WHTNnsh8WI3N\"><strong><em>WhatsApp<\/em><\/strong><\/a><em> e <\/em><a href=\"https:\/\/www.youtube.com\/@acordacidadenoticias\/videos\"><strong>YouTube<\/strong><\/a><em> e do grupo no <\/em><a href=\"https:\/\/t.me\/+sSz0khrgARA0ZmRh\"><strong><em>Telegram<\/em><\/strong><\/a><em>.<\/em><\/p>\n<\/div>\n","protected":false},"excerpt":{"rendered":"<p>Foto: Freepik \ud83d\udc49\ud83c\udfff Veja as vagas do TemVagas aqui! Auxiliar de Dep\u00f3sito\u00a0\u2013 Experi\u00eancia comprovada em<\/p>\n","protected":false},"author":1,"featured_media":148796,"comment_status":"closed","ping_status":"closed","sticky":false,"template":"","format":"gallery","meta":{"footnotes":""},"categories":[8,9,6,57,56,10],"tags":[],"class_list":["post-148795","post","type-post","status-publish","format-gallery","has-post-thumbnail","hentry","category-bahia","category-brasil","category-feira-de-santana","category-mundo","category-policia","category-politica","post_format-post-format-gallery"],"featured_image_urls":{"full":["https:\/\/noticiasbahia360.com.br\/wp-content\/uploads\/2026\/09\/Auxiliar-de-producao-logistica-industria-foto-freepik.jpg",1200,798,false],"thumbnail":["https:\/\/noticiasbahia360.com.br\/wp-content\/uploads\/2026\/09\/Auxiliar-de-producao-logistica-industria-foto-freepik-150x150.jpg",150,150,true],"medium":["https:\/\/noticiasbahia360.com.br\/wp-content\/uploads\/2026\/09\/Auxiliar-de-producao-logistica-industria-foto-freepik-300x200.jpg",300,200,true],"medium_large":["https:\/\/noticiasbahia360.com.br\/wp-content\/uploads\/2026\/09\/Auxiliar-de-producao-logistica-industria-foto-freepik-768x511.jpg",640,426,true],"large":["https:\/\/noticiasbahia360.com.br\/wp-content\/uploads\/2026\/09\/Auxiliar-de-producao-logistica-industria-foto-freepik-1024x681.jpg",640,426,true],"1536x1536":["https:\/\/noticiasbahia360.com.br\/wp-content\/uploads\/2026\/09\/Auxiliar-de-producao-logistica-industria-foto-freepik.jpg",1200,798,false],"2048x2048":["https:\/\/noticiasbahia360.com.br\/wp-content\/uploads\/2026\/09\/Auxiliar-de-producao-logistica-industria-foto-freepik.jpg",1200,798,false],"chromenews-featured":["https:\/\/noticiasbahia360.com.br\/wp-content\/uploads\/2026\/09\/Auxiliar-de-producao-logistica-industria-foto-freepik-1024x681.jpg",1024,681,true],"chromenews-large":["https:\/\/noticiasbahia360.com.br\/wp-content\/uploads\/2026\/09\/Auxiliar-de-producao-logistica-industria-foto-freepik-825x575.jpg",825,575,true],"chromenews-medium":["https:\/\/noticiasbahia360.com.br\/wp-content\/uploads\/2026\/09\/Auxiliar-de-producao-logistica-industria-foto-freepik-590x410.jpg",590,410,true]},"author_info":{"display_name":"noticiasbahia360.com.br","author_link":"https:\/\/noticiasbahia360.com.br\/?author=1"},"category_info":"<a href=\"https:\/\/noticiasbahia360.com.br\/?cat=8\" rel=\"category\">Bahia<\/a> <a href=\"https:\/\/noticiasbahia360.com.br\/?cat=9\" rel=\"category\">Brasil<\/a> <a href=\"https:\/\/noticiasbahia360.com.br\/?cat=6\" rel=\"category\">Feira de Santana<\/a> <a href=\"https:\/\/noticiasbahia360.com.br\/?cat=57\" rel=\"category\">Mundo<\/a> <a href=\"https:\/\/noticiasbahia360.com.br\/?cat=56\" rel=\"category\">Pol\u00edcia<\/a> <a href=\"https:\/\/noticiasbahia360.com.br\/?cat=10\" rel=\"category\">Pol\u00edtica<\/a>","tag_info":"Pol\u00edtica","comment_count":"0","_links":{"self":[{"href":"https:\/\/noticiasbahia360.com.br\/index.php?rest_route=\/wp\/v2\/posts\/148795","targetHints":{"allow":["GET"]}}],"collection":[{"href":"https:\/\/noticiasbahia360.com.br\/index.php?rest_route=\/wp\/v2\/posts"}],"about":[{"href":"https:\/\/noticiasbahia360.com.br\/index.php?rest_route=\/wp\/v2\/types\/post"}],"author":[{"embeddable":true,"href":"https:\/\/noticiasbahia360.com.br\/index.php?rest_route=\/wp\/v2\/users\/1"}],"replies":[{"embeddable":true,"href":"https:\/\/noticiasbahia360.com.br\/index.php?rest_route=%2Fwp%2Fv2%2Fcomments&post=148795"}],"version-history":[{"count":0,"href":"https:\/\/noticiasbahia360.com.br\/index.php?rest_route=\/wp\/v2\/posts\/148795\/revisions"}],"wp:featuredmedia":[{"embeddable":true,"href":"https:\/\/noticiasbahia360.com.br\/index.php?rest_route=\/wp\/v2\/media\/148796"}],"wp:attachment":[{"href":"https:\/\/noticiasbahia360.com.br\/index.php?rest_route=%2Fwp%2Fv2%2Fmedia&parent=148795"}],"wp:term":[{"taxonomy":"category","embeddable":true,"href":"https:\/\/noticiasbahia360.com.br\/index.php?rest_route=%2Fwp%2Fv2%2Fcategories&post=148795"},{"taxonomy":"post_tag","embeddable":true,"href":"https:\/\/noticiasbahia360.com.br\/index.php?rest_route=%2Fwp%2Fv2%2Ftags&post=148795"}],"curies":[{"name":"wp","href":"https:\/\/api.w.org\/{rel}","templated":true}]}}