{"id":148797,"date":"2026-09-04T06:05:04","date_gmt":"2026-09-04T09:05:04","guid":{"rendered":"https:\/\/noticiasbahia360.com.br\/?p=148797"},"modified":"2026-09-04T06:05:04","modified_gmt":"2026-09-04T09:05:04","slug":"prf-inicia-operacao-independencia-nesta-sexta-e-reforca-combate-a-embruiaguez-ao-volante","status":"publish","type":"post","link":"https:\/\/noticiasbahia360.com.br\/?p=148797","title":{"rendered":"PRF inicia Opera\u00e7\u00e3o Independ\u00eancia nesta sexta e refor\u00e7a combate \u00e0 embruiaguez ao volante"},"content":{"rendered":"<div>\n<div>\n<figure><img decoding=\"async\" src=\"http:\/\/noticiasbahia360.com.br\/wp-content\/uploads\/2026\/09\/prf-divulgacao-bahia-noticias.jpg\" alt=\"Colis\u00e3o deixa quatro mortos e tr\u00eas feridos na BR-349, em Correntina\"><figcaption>Foto: Divulga\u00e7\u00e3o<\/figcaption><\/figure>\n<\/div>\n<p class=\"wp-block-paragraph\">A Pol\u00edcia Rodovi\u00e1ria Federal (PRF) inicia, nesta sexta-feira (4), a Opera\u00e7\u00e3o Independ\u00eancia, para refor\u00e7ar a fiscaliza\u00e7\u00e3o de tr\u00e2nsito em todo o pa\u00eds. O trabalho faz parte do planejamento da institui\u00e7\u00e3o para os feriados de grande movimenta\u00e7\u00e3o de ve\u00edculos nas rodovias federais. Desta vez, o foco da opera\u00e7\u00e3o, que vai at\u00e9 a segunda-feira (7), \u00e9 o combate \u00e0 embriaguez ao volante.<\/p>\n<p class=\"wp-block-paragraph\">Neste ano, entre os meses de janeiro e julho, a ingest\u00e3o de \u00e1lcool pelos condutores foi a principal causa de 2.080 sinistros de tr\u00e2nsito. No total, 127 morreram e 1.754 ficaram feridas. As estat\u00edsticas deste ano apresentam queda em compara\u00e7\u00e3o ao ano passado.<\/p>\n<figure class=\"wp-block-table is-style-stripes\">\n<table class=\"has-pale-cyan-blue-background-color has-background has-fixed-layout\">\n<thead>\n<tr>\n<th class=\"has-text-align-left\" data-align=\"left\">Ano<\/th>\n<th class=\"has-text-align-left\" data-align=\"left\">Sinistros de tr\u00e2nsito \u2013 alcoolemia<\/th>\n<th class=\"has-text-align-left\" data-align=\"left\">Mortes<\/th>\n<th class=\"has-text-align-left\" data-align=\"left\">Feridos<\/th>\n<\/tr>\n<\/thead>\n<tbody>\n<tr>\n<td class=\"has-text-align-left\" data-align=\"left\">Janeiro a julho de 2026<\/td>\n<td class=\"has-text-align-left\" data-align=\"left\">2.080<\/td>\n<td class=\"has-text-align-left\" data-align=\"left\">127<\/td>\n<td class=\"has-text-align-left\" data-align=\"left\">1.754<\/td>\n<\/tr>\n<tr>\n<td class=\"has-text-align-left\" data-align=\"left\">Janeiro a julho de 2025<\/td>\n<td class=\"has-text-align-left\" data-align=\"left\">2.127<\/td>\n<td class=\"has-text-align-left\" data-align=\"left\">136<\/td>\n<td class=\"has-text-align-left\" data-align=\"left\">1.853<\/td>\n<\/tr>\n<\/tbody>\n<\/table>\n<\/figure>\n<p class=\"wp-block-paragraph\">No mesmo per\u00edodo em que foi registrada a diminui\u00e7\u00e3o dos \u00edndices de sinistros de tr\u00e2nsito provocados por ingest\u00e3o de \u00e1lcool, mortes e feridos, a PRF intensificou o combate \u00e0 mistura \u00e1lcool e dire\u00e7\u00e3o. De janeiro a julho deste ano, foram realizados 2.255.639 testes de alcoolemia, 5,33% a mais que no ano passado, quando foram feitos 2.141.440 testes de detec\u00e7\u00e3o de consumo de \u00e1lcool.<\/p>\n<p class=\"wp-block-paragraph\">Apesar do refor\u00e7o na fiscaliza\u00e7\u00e3o, 25.289 motoristas se recusaram a fazer o teste de alcoolemia e 4.051 condutores foram flagrados na dire\u00e7\u00e3o de ve\u00edculo ap\u00f3s ingest\u00e3o de \u00e1lcool ou por apresentarem sinais de embriaguez entre janeiro e julho deste ano. No ano passado, 24.813 pessoas n\u00e3o fizeram o teste, e 4.513 pessoas dirigiam embriagadas.<\/p>\n<figure class=\"wp-block-table is-style-stripes\">\n<table class=\"has-pale-cyan-blue-background-color has-background has-fixed-layout\">\n<thead>\n<tr>\n<th class=\"has-text-align-left\" data-align=\"left\">Ano<\/th>\n<th class=\"has-text-align-left\" data-align=\"left\">Infra\u00e7\u00f5es de tr\u00e2nsito \u2013 alcoolemia (recusa)<\/th>\n<th class=\"has-text-align-left\" data-align=\"left\">Infra\u00e7\u00f5es de tr\u00e2nsito \u2013 alcoolemia (constata\u00e7\u00e3o)<\/th>\n<th class=\"has-text-align-left\" data-align=\"left\">Pessoas detidas \u2013 embriaguez ao volante<\/th>\n<\/tr>\n<\/thead>\n<tbody>\n<tr>\n<td class=\"has-text-align-left\" data-align=\"left\">Janeiro a julho de 2026<\/td>\n<td class=\"has-text-align-left\" data-align=\"left\">25.289<\/td>\n<td class=\"has-text-align-left\" data-align=\"left\">4.051<\/td>\n<td class=\"has-text-align-left\" data-align=\"left\">1.973<\/td>\n<\/tr>\n<tr>\n<td class=\"has-text-align-left\" data-align=\"left\">Janeiro a julho de 2025<\/td>\n<td class=\"has-text-align-left\" data-align=\"left\">24.813<\/td>\n<td class=\"has-text-align-left\" data-align=\"left\">4.513<\/td>\n<td class=\"has-text-align-left\" data-align=\"left\">2.114<\/td>\n<\/tr>\n<\/tbody>\n<\/table>\n<\/figure>\n<p class=\"wp-block-paragraph\">Dirigir sob a influ\u00eancia de \u00e1lcool ou a recusa ao teste de alcoolemia s\u00e3o infra\u00e7\u00f5es de tr\u00e2nsito grav\u00edssimas pelo C\u00f3digo de Tr\u00e2nsito Brasileiro (CTB), com penalidade de multa e suspens\u00e3o do direito de dirigir por doze meses. Al\u00e9m disso, o motorista embriagado pode ser detido, dependendo da quantidade de \u00e1lcool presente no organismo ou por apresentar sinais de embriaguez.<\/p>\n<p class=\"wp-block-paragraph\"><strong>Novas Regras<\/strong><\/p>\n<p class=\"wp-block-paragraph\">No m\u00eas passado, o Conselho Nacional de Tr\u00e2nsito (Contran) definiu as regras para a fiscaliza\u00e7\u00e3o de alcoolemia em todo o pa\u00eds. A resolu\u00e7\u00e3o 1.031 do Contran inclui a triagem, conhecida por teste passivo, e a autua\u00e7\u00e3o por detec\u00e7\u00e3o de pelo menos dois sinais de embriaguez, procedimentos que j\u00e1 eram realizados pela PRF.<\/p>\n<p class=\"wp-block-paragraph\">A resolu\u00e7\u00e3o tamb\u00e9m estabelece procedimentos para a fiscaliza\u00e7\u00e3o quando h\u00e1 \u00e1lcool residual, presente em alguns alimentos e produtos, no organismo do motorista e o uso de \u201cdrog\u00f4metros\u201d, aparelhos usados para detectar a condu\u00e7\u00e3o de ve\u00edculos sob influ\u00eancia de subst\u00e2ncias psicoativas. As mudan\u00e7as da resolu\u00e7\u00e3o come\u00e7am a valer a partir de outubro de 2026.<\/p>\n<p class=\"wp-block-paragraph\"><strong>Dicas para uma viagem em seguran\u00e7a:<\/strong><\/p>\n<ul class=\"wp-block-list\">\n<li>Fa\u00e7a a revis\u00e3o do ve\u00edculo;<\/li>\n<li>Descanse antes da viagem;<\/li>\n<li>Veja as condi\u00e7\u00f5es da rodovia;<\/li>\n<li>Acompanhe as condi\u00e7\u00f5es meteorol\u00f3gicas;<\/li>\n<li>N\u00e3o consuma bebidas alco\u00f3licas antes de dirigir;<\/li>\n<li>Utilize o cinto de seguran\u00e7a e os equipamentos obrigat\u00f3rios;<\/li>\n<li>Respeite os limites de velocidade;<\/li>\n<li>N\u00e3o use o celular ao volante;<\/li>\n<li>Ultrapasse em local permitido.<\/li>\n<\/ul>\n<p class=\"wp-block-paragraph\"><em>Siga o Acorda Cidade no\u00a0<\/em><a href=\"https:\/\/news.google.com\/search?q=acorda%20cidade&amp;hl=pt-BR&amp;gl=BR&amp;ceid=BR%3Apt-419\"><strong><em>Google Not\u00edcias<\/em><\/strong><\/a><em>\u00a0e receba os principais destaques do dia. Participe tamb\u00e9m dos nossos canais no\u00a0<\/em><a href=\"https:\/\/www.whatsapp.com\/channel\/0029Va6Rb4v3WHTNnsh8WI3N\"><strong><em>WhatsApp<\/em><\/strong><\/a><em>\u00a0e\u00a0<\/em><a href=\"https:\/\/www.youtube.com\/@acordacidadenoticias\/videos\"><strong>YouTube<\/strong><\/a><em>\u00a0e do grupo no\u00a0<\/em><a href=\"https:\/\/t.me\/+sSz0khrgARA0ZmRh\"><strong><em>Telegram<\/em><\/strong><\/a><em>.<\/em><\/p>\n<\/div>\n","protected":false},"excerpt":{"rendered":"<p>Foto: Divulga\u00e7\u00e3o A Pol\u00edcia Rodovi\u00e1ria Federal (PRF) inicia, nesta sexta-feira (4), a Opera\u00e7\u00e3o Independ\u00eancia, para<\/p>\n","protected":false},"author":1,"featured_media":148798,"comment_status":"closed","ping_status":"closed","sticky":false,"template":"","format":"gallery","meta":{"footnotes":""},"categories":[8,9,6,57,56,10],"tags":[],"class_list":["post-148797","post","type-post","status-publish","format-gallery","has-post-thumbnail","hentry","category-bahia","category-brasil","category-feira-de-santana","category-mundo","category-policia","category-politica","post_format-post-format-gallery"],"featured_image_urls":{"full":["https:\/\/noticiasbahia360.com.br\/wp-content\/uploads\/2026\/09\/prf-divulgacao-bahia-noticias.jpg",1200,630,false],"thumbnail":["https:\/\/noticiasbahia360.com.br\/wp-content\/uploads\/2026\/09\/prf-divulgacao-bahia-noticias-150x150.jpg",150,150,true],"medium":["https:\/\/noticiasbahia360.com.br\/wp-content\/uploads\/2026\/09\/prf-divulgacao-bahia-noticias-300x158.jpg",300,158,true],"medium_large":["https:\/\/noticiasbahia360.com.br\/wp-content\/uploads\/2026\/09\/prf-divulgacao-bahia-noticias-768x403.jpg",640,336,true],"large":["https:\/\/noticiasbahia360.com.br\/wp-content\/uploads\/2026\/09\/prf-divulgacao-bahia-noticias-1024x538.jpg",640,336,true],"1536x1536":["https:\/\/noticiasbahia360.com.br\/wp-content\/uploads\/2026\/09\/prf-divulgacao-bahia-noticias.jpg",1200,630,false],"2048x2048":["https:\/\/noticiasbahia360.com.br\/wp-content\/uploads\/2026\/09\/prf-divulgacao-bahia-noticias.jpg",1200,630,false],"chromenews-featured":["https:\/\/noticiasbahia360.com.br\/wp-content\/uploads\/2026\/09\/prf-divulgacao-bahia-noticias-1024x538.jpg",1024,538,true],"chromenews-large":["https:\/\/noticiasbahia360.com.br\/wp-content\/uploads\/2026\/09\/prf-divulgacao-bahia-noticias-825x575.jpg",825,575,true],"chromenews-medium":["https:\/\/noticiasbahia360.com.br\/wp-content\/uploads\/2026\/09\/prf-divulgacao-bahia-noticias-590x410.jpg",590,410,true]},"author_info":{"display_name":"noticiasbahia360.com.br","author_link":"https:\/\/noticiasbahia360.com.br\/?author=1"},"category_info":"<a href=\"https:\/\/noticiasbahia360.com.br\/?cat=8\" rel=\"category\">Bahia<\/a> <a href=\"https:\/\/noticiasbahia360.com.br\/?cat=9\" rel=\"category\">Brasil<\/a> <a href=\"https:\/\/noticiasbahia360.com.br\/?cat=6\" rel=\"category\">Feira de Santana<\/a> <a href=\"https:\/\/noticiasbahia360.com.br\/?cat=57\" rel=\"category\">Mundo<\/a> <a href=\"https:\/\/noticiasbahia360.com.br\/?cat=56\" rel=\"category\">Pol\u00edcia<\/a> <a href=\"https:\/\/noticiasbahia360.com.br\/?cat=10\" rel=\"category\">Pol\u00edtica<\/a>","tag_info":"Pol\u00edtica","comment_count":"0","_links":{"self":[{"href":"https:\/\/noticiasbahia360.com.br\/index.php?rest_route=\/wp\/v2\/posts\/148797","targetHints":{"allow":["GET"]}}],"collection":[{"href":"https:\/\/noticiasbahia360.com.br\/index.php?rest_route=\/wp\/v2\/posts"}],"about":[{"href":"https:\/\/noticiasbahia360.com.br\/index.php?rest_route=\/wp\/v2\/types\/post"}],"author":[{"embeddable":true,"href":"https:\/\/noticiasbahia360.com.br\/index.php?rest_route=\/wp\/v2\/users\/1"}],"replies":[{"embeddable":true,"href":"https:\/\/noticiasbahia360.com.br\/index.php?rest_route=%2Fwp%2Fv2%2Fcomments&post=148797"}],"version-history":[{"count":0,"href":"https:\/\/noticiasbahia360.com.br\/index.php?rest_route=\/wp\/v2\/posts\/148797\/revisions"}],"wp:featuredmedia":[{"embeddable":true,"href":"https:\/\/noticiasbahia360.com.br\/index.php?rest_route=\/wp\/v2\/media\/148798"}],"wp:attachment":[{"href":"https:\/\/noticiasbahia360.com.br\/index.php?rest_route=%2Fwp%2Fv2%2Fmedia&parent=148797"}],"wp:term":[{"taxonomy":"category","embeddable":true,"href":"https:\/\/noticiasbahia360.com.br\/index.php?rest_route=%2Fwp%2Fv2%2Fcategories&post=148797"},{"taxonomy":"post_tag","embeddable":true,"href":"https:\/\/noticiasbahia360.com.br\/index.php?rest_route=%2Fwp%2Fv2%2Ftags&post=148797"}],"curies":[{"name":"wp","href":"https:\/\/api.w.org\/{rel}","templated":true}]}}