{"id":148803,"date":"2026-09-04T07:05:26","date_gmt":"2026-09-04T10:05:26","guid":{"rendered":"https:\/\/noticiasbahia360.com.br\/?p=148803"},"modified":"2026-09-04T07:05:26","modified_gmt":"2026-09-04T10:05:26","slug":"feira-sua-historia-e-sua-gente-acorda-cidade-celebra-a-voz-e-a-representatividade-de-tulipa-negra","status":"publish","type":"post","link":"https:\/\/noticiasbahia360.com.br\/?p=148803","title":{"rendered":"Feira: sua hist\u00f3ria e sua gente! Acorda Cidade celebra a voz e a representatividade de Tulipa Negra"},"content":{"rendered":"<div>\n<div>\n<figure><img decoding=\"async\" src=\"http:\/\/noticiasbahia360.com.br\/wp-content\/uploads\/2026\/09\/Tulipa-Negra-Rapper.jpeg\" alt=\"Montagem - Tulipa Negra\"><figcaption>Tulipa Negra | Foto: Kaio Vinpicius <\/figcaption><\/figure>\n<\/div>\n<p class=\"wp-block-paragraph\">Na contagem regressiva para o anivers\u00e1rio de Feira de Santana, o quadro especial \u201cFeira: sua hist\u00f3ria e sua gente\u201d segue homenageando os grandes nomes que ajudam a construir a identidade cultural do munic\u00edpio. O projeto dedica seu novo epis\u00f3dio \u00e0 MC, poeta e produtora cultural feirense Tulipa Negra.<\/p>\n<p class=\"wp-block-paragraph\">Com uma caminhada marcada pela pot\u00eancia de suas rimas e engajamento social na cena do Hip-Hop baiano, Tulipa Negra \u00e9 prata da casa. Das batalhas de rima e saraus perif\u00e9ricos aos palcos dos grandes eventos da cidade, a artista transforma viv\u00eancias em versos de protesto, empoderamento e ancestralidade.<\/p>\n<p class=\"wp-block-paragraph\">Em sua participa\u00e7\u00e3o no especial, Tulipa relembra o in\u00edcio de sua trajet\u00f3ria no Rap e desabafa sobre os desafios e barreiras enfrentados por ser uma mulher preta dentro de um g\u00eanero historicamente dominado por homens.<\/p>\n<p class=\"wp-block-paragraph\"><strong>O quadro ser\u00e1 exibido pelas pr\u00f3ximas sextas-feiras at\u00e9 o dia 11 de setembro, no programa Acorda Cidade, transmitido pela R\u00e1dio Sociedade News FM 102.1, das 6h \u00e0s 9h da manh\u00e3.<\/strong><\/p>\n<p class=\"wp-block-paragraph\"><em>Mat\u00e9ria escrita pelo estagi\u00e1rio de jornalismo Kaio Souza, com supervis\u00e3o da jornalista Andrea Trindade, ambos do Acorda Cidade<\/em>.<\/p>\n<p class=\"wp-block-paragraph\"><em>Siga o Acorda Cidade no\u00a0<\/em><a href=\"https:\/\/news.google.com\/search?q=acorda%20cidade&amp;hl=pt-BR&amp;gl=BR&amp;ceid=BR%3Apt-419\"><strong><em>Google Not\u00edcias<\/em><\/strong><\/a><em>\u00a0e receba os principais destaques do dia. Participe tamb\u00e9m dos nossos canais no\u00a0<\/em><a href=\"https:\/\/www.whatsapp.com\/channel\/0029Va6Rb4v3WHTNnsh8WI3N\"><strong><em>WhatsApp<\/em><\/strong><\/a><em>\u00a0e\u00a0<\/em><a href=\"https:\/\/www.youtube.com\/@acordacidadenoticias\/videos\"><strong>YouTube<\/strong><\/a><em>\u00a0e grupo de\u00a0<\/em><a href=\"https:\/\/t.me\/+sSz0khrgARA0ZmRh\"><strong><em>Telegram<\/em><\/strong><\/a><em>.<\/em><\/p>\n<\/div>\n","protected":false},"excerpt":{"rendered":"<p>Tulipa Negra | Foto: Kaio Vinpicius Na contagem regressiva para o anivers\u00e1rio de Feira de<\/p>\n","protected":false},"author":1,"featured_media":148804,"comment_status":"closed","ping_status":"closed","sticky":false,"template":"","format":"gallery","meta":{"footnotes":""},"categories":[8,9,6,57,56,10],"tags":[],"class_list":["post-148803","post","type-post","status-publish","format-gallery","has-post-thumbnail","hentry","category-bahia","category-brasil","category-feira-de-santana","category-mundo","category-policia","category-politica","post_format-post-format-gallery"],"featured_image_urls":{"full":["https:\/\/noticiasbahia360.com.br\/wp-content\/uploads\/2026\/09\/Tulipa-Negra-Rapper.jpeg",1600,900,false],"thumbnail":["https:\/\/noticiasbahia360.com.br\/wp-content\/uploads\/2026\/09\/Tulipa-Negra-Rapper-150x150.jpeg",150,150,true],"medium":["https:\/\/noticiasbahia360.com.br\/wp-content\/uploads\/2026\/09\/Tulipa-Negra-Rapper-300x169.jpeg",300,169,true],"medium_large":["https:\/\/noticiasbahia360.com.br\/wp-content\/uploads\/2026\/09\/Tulipa-Negra-Rapper-768x432.jpeg",640,360,true],"large":["https:\/\/noticiasbahia360.com.br\/wp-content\/uploads\/2026\/09\/Tulipa-Negra-Rapper-1024x576.jpeg",640,360,true],"1536x1536":["https:\/\/noticiasbahia360.com.br\/wp-content\/uploads\/2026\/09\/Tulipa-Negra-Rapper-1536x864.jpeg",1536,864,true],"2048x2048":["https:\/\/noticiasbahia360.com.br\/wp-content\/uploads\/2026\/09\/Tulipa-Negra-Rapper.jpeg",1600,900,false],"chromenews-featured":["https:\/\/noticiasbahia360.com.br\/wp-content\/uploads\/2026\/09\/Tulipa-Negra-Rapper-1024x576.jpeg",1024,576,true],"chromenews-large":["https:\/\/noticiasbahia360.com.br\/wp-content\/uploads\/2026\/09\/Tulipa-Negra-Rapper-825x575.jpeg",825,575,true],"chromenews-medium":["https:\/\/noticiasbahia360.com.br\/wp-content\/uploads\/2026\/09\/Tulipa-Negra-Rapper-590x410.jpeg",590,410,true]},"author_info":{"display_name":"noticiasbahia360.com.br","author_link":"https:\/\/noticiasbahia360.com.br\/?author=1"},"category_info":"<a href=\"https:\/\/noticiasbahia360.com.br\/?cat=8\" rel=\"category\">Bahia<\/a> <a href=\"https:\/\/noticiasbahia360.com.br\/?cat=9\" rel=\"category\">Brasil<\/a> <a href=\"https:\/\/noticiasbahia360.com.br\/?cat=6\" rel=\"category\">Feira de Santana<\/a> <a href=\"https:\/\/noticiasbahia360.com.br\/?cat=57\" rel=\"category\">Mundo<\/a> <a href=\"https:\/\/noticiasbahia360.com.br\/?cat=56\" rel=\"category\">Pol\u00edcia<\/a> <a href=\"https:\/\/noticiasbahia360.com.br\/?cat=10\" rel=\"category\">Pol\u00edtica<\/a>","tag_info":"Pol\u00edtica","comment_count":"0","_links":{"self":[{"href":"https:\/\/noticiasbahia360.com.br\/index.php?rest_route=\/wp\/v2\/posts\/148803","targetHints":{"allow":["GET"]}}],"collection":[{"href":"https:\/\/noticiasbahia360.com.br\/index.php?rest_route=\/wp\/v2\/posts"}],"about":[{"href":"https:\/\/noticiasbahia360.com.br\/index.php?rest_route=\/wp\/v2\/types\/post"}],"author":[{"embeddable":true,"href":"https:\/\/noticiasbahia360.com.br\/index.php?rest_route=\/wp\/v2\/users\/1"}],"replies":[{"embeddable":true,"href":"https:\/\/noticiasbahia360.com.br\/index.php?rest_route=%2Fwp%2Fv2%2Fcomments&post=148803"}],"version-history":[{"count":0,"href":"https:\/\/noticiasbahia360.com.br\/index.php?rest_route=\/wp\/v2\/posts\/148803\/revisions"}],"wp:featuredmedia":[{"embeddable":true,"href":"https:\/\/noticiasbahia360.com.br\/index.php?rest_route=\/wp\/v2\/media\/148804"}],"wp:attachment":[{"href":"https:\/\/noticiasbahia360.com.br\/index.php?rest_route=%2Fwp%2Fv2%2Fmedia&parent=148803"}],"wp:term":[{"taxonomy":"category","embeddable":true,"href":"https:\/\/noticiasbahia360.com.br\/index.php?rest_route=%2Fwp%2Fv2%2Fcategories&post=148803"},{"taxonomy":"post_tag","embeddable":true,"href":"https:\/\/noticiasbahia360.com.br\/index.php?rest_route=%2Fwp%2Fv2%2Ftags&post=148803"}],"curies":[{"name":"wp","href":"https:\/\/api.w.org\/{rel}","templated":true}]}}