{"id":148805,"date":"2026-09-04T07:05:27","date_gmt":"2026-09-04T10:05:27","guid":{"rendered":"https:\/\/noticiasbahia360.com.br\/?p=148805"},"modified":"2026-09-04T07:05:27","modified_gmt":"2026-09-04T10:05:27","slug":"pf-aponta-assimetria-de-mendonca-contra-politicos-e-ve-alcolumbre-como-provavel-alvo-estrategico","status":"publish","type":"post","link":"https:\/\/noticiasbahia360.com.br\/?p=148805","title":{"rendered":"PF aponta assimetria de Mendon\u00e7a contra pol\u00edticos e v\u00ea Alcolumbre como \u2018prov\u00e1vel alvo estrat\u00e9gico\u2019"},"content":{"rendered":"<div>\n<div>\n<figure><img decoding=\"async\" src=\"http:\/\/noticiasbahia360.com.br\/wp-content\/uploads\/2026\/09\/Ministro-Andre-Mendonca-Foto-Luiz-RobertoTSE.jpg\" alt=\"Ministro Andr\u00e9 Mendon\u00e7a\"><figcaption>Ministro Andr\u00e9 Mendon\u00e7a | Foto Luiz RobertoTSE<\/p>\n<\/figcaption><\/figure>\n<\/div>\n<p class=\"wp-block-paragraph\">Em relat\u00f3rios de intelig\u00eancia enviados ao ministro Alexandre de Moraes, do Supremo Tribunal Federal (STF), a Pol\u00edcia Federal (PF) aponta que houve assimetria em a\u00e7\u00f5es do ministro Andr\u00e9 Mendon\u00e7a contra pol\u00edticos no \u00e2mbito do caso Master e avalia que o presidente do Senado, Davi Alcolumbre (Uni\u00e3o-AP), \u201cconstitui prov\u00e1vel alvo estrat\u00e9gico\u201d.<\/p>\n<p class=\"wp-block-paragraph\">Segundo o g1, na abertura do relat\u00f3rio de an\u00e1lise do caso, a Pol\u00edcia Federal aponta que Mendon\u00e7a avan\u00e7ou sobre a\u00e7\u00f5es que deveriam ser exclusivas da investiga\u00e7\u00e3o e que esse avan\u00e7o \u201cdeixou o plano da percep\u00e7\u00e3o e passou a constar de registro documental pr\u00f3prio\u201d.<\/p>\n<p class=\"wp-block-paragraph\">Em seguida, a Pol\u00edcia v\u00ea ind\u00edcios de que Mendon\u00e7a dava tratamento diferenciado a investiga\u00e7\u00e3o de acordo com os alvos.<\/p>\n<p class=\"wp-block-paragraph\">\u201cOs ind\u00edcios crescentes de enviesamento na condu\u00e7\u00e3o da supervis\u00e3o judicial, manifestados em direcionamento tem\u00e1tico de intensidade progressiva quanto a linha investigativa determinada\u201d, diz a PF.<\/p>\n<p class=\"wp-block-paragraph\">Segundo a PF,\u00a0houve uma varia\u00e7\u00e3o no patamar de exig\u00eancia entre os casos dos senadores Weverton Rocha (PDT-MA) e Ciro Nogueira (PP-PI).<\/p>\n<p class=\"wp-block-paragraph\">\u201cO cotejo entre os dois feitos revela varia\u00e7\u00e3o relevante no patamar de exig\u00eancia probat\u00f3ria aplicado a parlamentares pelo mesmo Relator, em intervalo de pouco mais de 5 meses, com a peculiaridade de que a exig\u00eancia mais severa incidiu sobre o requerimento menos gravoso e sobre o acervo mais robusto\u201d, diz a PF.<\/p>\n<p class=\"wp-block-paragraph\">No caso do senador Weverton Rocha (PDT-MA), a representa\u00e7\u00e3o sustenta que o aliado do governo exercia lideran\u00e7a da organiza\u00e7\u00e3o criminosa, mas \u201csem apontar ato de of\u00edcio, sem valor rastreado at\u00e9 ele e sem um \u00fanico di\u00e1logo em que figure como interlocutor\u201d.<\/p>\n<p class=\"wp-block-paragraph\">Ainda aponta que o relat\u00f3rio cravava que ela tinha conhecimento da origem il\u00edcita dos valores que recebia, mas \u201csem localizar uma s\u00f3 comunica\u00e7\u00e3o em que ela trate do tema\u201d.<\/p>\n<p class=\"wp-block-paragraph\">\u201cAs informa\u00e7\u00f5es de Pol\u00edcia Judici\u00e1ria examinadas reproduzem a mesma arquitetura: introdu\u00e7\u00e3o que antecipa conclus\u00f5es, ac\u00famulo de capturas de tela sem cruzamento que as conecte, e encerramento por assertivas categ\u00f3ricas n\u00e3o sustentadas no corpo do documento\u201d, aponta a PF.<\/p>\n<p class=\"wp-block-paragraph\">\u201cQuanto mais fr\u00e1gil o insumo entregue, maior o espa\u00e7o de valora\u00e7\u00e3o discricion\u00e1ria de quem decide; e quanto maior esse espa\u00e7o, menor o incentivo \u00e0 corre\u00e7\u00e3o do insumo\u201d, finalizou a PF.<\/p>\n<p class=\"wp-block-paragraph\">Sobre o caso do senador Ciro Nogueira, a PF avalia que\u00a0<strong>havia um conjunto mais robusto de elementos.<\/strong><\/p>\n<p class=\"wp-block-paragraph\">No relat\u00f3rio, a Pol\u00edcia cita a chamada \u201cemenda Master\u201d, uma proposta de altera\u00e7\u00e3o da Proposta de Emenda \u00e0 Constitui\u00e7\u00e3o (PEC) da Autonomia Financeira do Banco Central.<\/p>\n<p class=\"wp-block-paragraph\">O senador foi o autor da emenda, que previa aumentar o limite de cobertura do Fundo Garantidor de Cr\u00e9dito (FGC) dos atuais R$ 250 mil para R$ 1 milh\u00e3o.<\/p>\n<p class=\"wp-block-paragraph\">Segundo a PF, a emenda foi elaborada por pessoas vinculadas ao Banco Master e encaminhada pelo ent\u00e3o diretor jur\u00eddico do banco a Daniel Vorcaro. O documento ent\u00e3o foi encaminhado \u00e0 resid\u00eancia de Ciro e foi posteriormente protocolado no Senado.<\/p>\n<p class=\"wp-block-paragraph\">Em uma troca de mensagens com um terceiro, o banqueiro Daniel Vorcaro comemorou a apresenta\u00e7\u00e3o do texto.<\/p>\n<p class=\"wp-block-paragraph\">\u201cFoi a vers\u00e3o. Que o andre me mandou. Final. Saiu exatamente como mandei\u201d, disse Vorcaro.<\/p>\n<p class=\"wp-block-paragraph\">No relat\u00f3rio, a Pol\u00edcia Federal sustenta que houve tratamento distinto na an\u00e1lise de dois casos sob relatoria do mesmo magistrado.<\/p>\n<p class=\"wp-block-paragraph\">\u201cNo feito em que o acervo era comparativamente mais fr\u00e1gil, e a medida pretendida a mais gravosa, o Relator reconheceu \u201cfortes ind\u00edcios\u201d e limitou-se a indeferir a segrega\u00e7\u00e3o. No feito em que o acervo j\u00e1 continha ato de of\u00edcio documentado e a medida pretendida era a menos invasiva do ordenamento, condicionou a pr\u00f3pria an\u00e1lise da justa causa \u00e0 produ\u00e7\u00e3o pr\u00e9via de prova da contrapartida financeira\u201d.<\/p>\n<h2 id=\"h-alcolumbre-como-provavel-alvo-estrategico\" class=\"wp-block-heading\">Alcolumbre como \u201cprov\u00e1vel alvo estrat\u00e9gico\u201d<\/h2>\n<p class=\"wp-block-paragraph\">Em um dos relat\u00f3rios, a PF levanta a hip\u00f3tese de que o presidente do Senado seria um \u201cprov\u00e1vel alvo estrat\u00e9gico\u201d, destacando a for\u00e7a politica e favoritismo para se manter na presid\u00eancia do Senado no pr\u00f3ximo ano.<\/p>\n<p class=\"wp-block-paragraph\">Em despacho publicado nesta quinta-feira (3), o ministro Alexandre de Moraes, do Supremo Tribunal Federal (STF), afirmou que a Pol\u00edcia Federal (PF) identificou o direcionamento de investiga\u00e7\u00f5es por Andr\u00e9 Mendon\u00e7a contra o presidente do Senado, Davi Alcolumbre (Uni\u00e3o-AP).<\/p>\n<blockquote class=\"wp-block-quote is-layout-flow wp-block-quote-is-layout-flow\">\n<p class=\"wp-block-paragraph\">\u201cAvalia-se que Davi Alcolumbre constitui prov\u00e1vel alvo estrat\u00e9gico, considerada sua for\u00e7a pol\u00edtica, o favoritismo para manter-se na presid\u00eancia do Senado Federal e o consequente controle da pauta daquela Casa, notadamente quanto ao processamento de pedidos de impeachment de ministros do Supremo Tribunal Federal\u201d.<\/p>\n<\/blockquote>\n<p class=\"wp-block-paragraph\">O relat\u00f3rio tamb\u00e9m cita o hist\u00f3rico de diverg\u00eancias entre Mendon\u00e7a e o senador. De acordo com a Pol\u00edcia Federal, Alcolumbre foi visto como um dos principais obst\u00e1culos \u00e0 indica\u00e7\u00e3o do atual ministro do STF durante o governo do ex-presidente Jair Bolsonaro (PL).<\/p>\n<h2 id=\"h-assimetria-nos-prazos-de-apreciacao\" class=\"wp-block-heading\">Assimetria nos prazos de aprecia\u00e7\u00e3o<\/h2>\n<p class=\"wp-block-paragraph\">Em um dos relat\u00f3rios, a Pol\u00edcia Federal comparou o tempo levado pelo ministro Mendon\u00e7a para analisar medidas em investiga\u00e7\u00f5es envolvendo diferentes autoridades.<\/p>\n<p class=\"wp-block-paragraph\">Entre os casos examinados, o menor intervalo registrado foi de nove dias, em uma medida envolvendo o senador Jaques Wagner (PT-BA). O maior chegou a 75 dias, em procedimento relacionado ao governador do Rio de Janeiro, Cl\u00e1udio Castro (PL).<\/p>\n<p class=\"wp-block-paragraph\"><strong>Veja abaixo:<\/strong><\/p>\n<ul class=\"wp-block-list\">\n<li><strong>Jaques Wagner (PT-BA):<\/strong>\u00a0mandado de busca e apreens\u00e3o \u2014 9 dias<\/li>\n<li><strong>Ciro Nogueira:\u00a0<\/strong>mandado de busca e apreens\u00e3o \u2014 29 dias<\/li>\n<li><strong>Cl\u00e1udio Castro:\u00a0<\/strong>mandado de busca e apreens\u00e3o \u2014 75 dias<\/li>\n<li><strong>Cl\u00e1udio Castro (2):<\/strong>\u00a0mandado de busca e apreens\u00e3o indeferido com parecer favor\u00e1vel da PGR \u2014 46 dias<\/li>\n<li><strong>Instuto Previd\u00eancia de Macei\u00f3:<\/strong>\u00a0cautelares \u2014 53+ dias<\/li>\n<\/ul>\n<p class=\"wp-block-paragraph\">O relat\u00f3rio n\u00e3o afirma que Mendon\u00e7a tenha deliberadamente acelerado ou retardado decis\u00f5es para beneficiar ou prejudicar autoridades. No entanto, a Pol\u00edcia Federal relata que houve uma diferen\u00e7a expressiva nos prazos de an\u00e1lise dos casos.<\/p>\n<p class=\"wp-block-paragraph\">\u201cA dispers\u00e3o \u00e9 expressiva e sugere correla\u00e7\u00e3o entre tempo de aprecia\u00e7\u00e3o e perfil do investigado\u201d, diz a PF.<\/p>\n<h2 class=\"wp-block-heading\">Pedido de investiga\u00e7\u00e3o<\/h2>\n<p class=\"wp-block-paragraph\">Os relat\u00f3rios foram mencionados pelo ministro Alexandre de Moraes no\u00a0pedido de investiga\u00e7\u00e3o contra Mendon\u00e7a encaminhado por ele ao presidente da Corte, ministro Edson Fachin, nesta quinta-feira (3).<\/p>\n<p class=\"wp-block-paragraph\">No pedido, Moraes disse que h\u00e1 presen\u00e7a de fortes ind\u00edcios da pr\u00e1tica de improbidade administrativa, abuso de autoridade, crime de responsabilidade e favorecimento a determinados grupos pol\u00edticos no exerc\u00edcio da relatoria dos casos Master e INSS.<\/p>\n<p class=\"wp-block-paragraph\">Na ter\u00e7a-feira (1), Mendon\u00e7a\u00a0retirou o sigilo do relat\u00f3rio da Pol\u00edcia Federal (PF), feito por sua determina\u00e7\u00e3o, que exp\u00f4s mensagens e contatos entre Moraes e o ex-dono do Banco Master, Daniel Vorcaro.<\/p>\n<p class=\"wp-block-paragraph\"><em>Siga o Acorda Cidade no\u00a0<\/em><a href=\"https:\/\/news.google.com\/search?q=acorda%20cidade&amp;hl=pt-BR&amp;gl=BR&amp;ceid=BR%3Apt-419\"><strong><em>Google Not\u00edcias<\/em><\/strong><\/a><em>\u00a0e receba os principais destaques do dia. Participe tamb\u00e9m dos nossos canais no\u00a0<\/em><a href=\"https:\/\/www.whatsapp.com\/channel\/0029Va6Rb4v3WHTNnsh8WI3N\"><strong><em>WhatsApp<\/em><\/strong><\/a><em>\u00a0e\u00a0<\/em><a href=\"https:\/\/www.youtube.com\/@acordacidadenoticias\/videos\"><strong>YouTube<\/strong><\/a><em>\u00a0e do grupo no\u00a0<\/em><a href=\"https:\/\/t.me\/+sSz0khrgARA0ZmRh\"><strong><em>Telegram<\/em><\/strong><\/a><\/p>\n<\/div>\n","protected":false},"excerpt":{"rendered":"<p>Ministro Andr\u00e9 Mendon\u00e7a | Foto Luiz RobertoTSE Em relat\u00f3rios de intelig\u00eancia enviados ao ministro Alexandre<\/p>\n","protected":false},"author":1,"featured_media":148806,"comment_status":"closed","ping_status":"closed","sticky":false,"template":"","format":"gallery","meta":{"footnotes":""},"categories":[8,9,6,57,56,10],"tags":[],"class_list":["post-148805","post","type-post","status-publish","format-gallery","has-post-thumbnail","hentry","category-bahia","category-brasil","category-feira-de-santana","category-mundo","category-policia","category-politica","post_format-post-format-gallery"],"featured_image_urls":{"full":["https:\/\/noticiasbahia360.com.br\/wp-content\/uploads\/2026\/09\/Ministro-Andre-Mendonca-Foto-Luiz-RobertoTSE.jpg",1200,797,false],"thumbnail":["https:\/\/noticiasbahia360.com.br\/wp-content\/uploads\/2026\/09\/Ministro-Andre-Mendonca-Foto-Luiz-RobertoTSE-150x150.jpg",150,150,true],"medium":["https:\/\/noticiasbahia360.com.br\/wp-content\/uploads\/2026\/09\/Ministro-Andre-Mendonca-Foto-Luiz-RobertoTSE-300x199.jpg",300,199,true],"medium_large":["https:\/\/noticiasbahia360.com.br\/wp-content\/uploads\/2026\/09\/Ministro-Andre-Mendonca-Foto-Luiz-RobertoTSE-768x510.jpg",640,425,true],"large":["https:\/\/noticiasbahia360.com.br\/wp-content\/uploads\/2026\/09\/Ministro-Andre-Mendonca-Foto-Luiz-RobertoTSE-1024x680.jpg",640,425,true],"1536x1536":["https:\/\/noticiasbahia360.com.br\/wp-content\/uploads\/2026\/09\/Ministro-Andre-Mendonca-Foto-Luiz-RobertoTSE.jpg",1200,797,false],"2048x2048":["https:\/\/noticiasbahia360.com.br\/wp-content\/uploads\/2026\/09\/Ministro-Andre-Mendonca-Foto-Luiz-RobertoTSE.jpg",1200,797,false],"chromenews-featured":["https:\/\/noticiasbahia360.com.br\/wp-content\/uploads\/2026\/09\/Ministro-Andre-Mendonca-Foto-Luiz-RobertoTSE-1024x680.jpg",1024,680,true],"chromenews-large":["https:\/\/noticiasbahia360.com.br\/wp-content\/uploads\/2026\/09\/Ministro-Andre-Mendonca-Foto-Luiz-RobertoTSE-825x575.jpg",825,575,true],"chromenews-medium":["https:\/\/noticiasbahia360.com.br\/wp-content\/uploads\/2026\/09\/Ministro-Andre-Mendonca-Foto-Luiz-RobertoTSE-590x410.jpg",590,410,true]},"author_info":{"display_name":"noticiasbahia360.com.br","author_link":"https:\/\/noticiasbahia360.com.br\/?author=1"},"category_info":"<a href=\"https:\/\/noticiasbahia360.com.br\/?cat=8\" rel=\"category\">Bahia<\/a> <a href=\"https:\/\/noticiasbahia360.com.br\/?cat=9\" rel=\"category\">Brasil<\/a> <a href=\"https:\/\/noticiasbahia360.com.br\/?cat=6\" rel=\"category\">Feira de Santana<\/a> <a href=\"https:\/\/noticiasbahia360.com.br\/?cat=57\" rel=\"category\">Mundo<\/a> <a href=\"https:\/\/noticiasbahia360.com.br\/?cat=56\" rel=\"category\">Pol\u00edcia<\/a> <a href=\"https:\/\/noticiasbahia360.com.br\/?cat=10\" rel=\"category\">Pol\u00edtica<\/a>","tag_info":"Pol\u00edtica","comment_count":"0","_links":{"self":[{"href":"https:\/\/noticiasbahia360.com.br\/index.php?rest_route=\/wp\/v2\/posts\/148805","targetHints":{"allow":["GET"]}}],"collection":[{"href":"https:\/\/noticiasbahia360.com.br\/index.php?rest_route=\/wp\/v2\/posts"}],"about":[{"href":"https:\/\/noticiasbahia360.com.br\/index.php?rest_route=\/wp\/v2\/types\/post"}],"author":[{"embeddable":true,"href":"https:\/\/noticiasbahia360.com.br\/index.php?rest_route=\/wp\/v2\/users\/1"}],"replies":[{"embeddable":true,"href":"https:\/\/noticiasbahia360.com.br\/index.php?rest_route=%2Fwp%2Fv2%2Fcomments&post=148805"}],"version-history":[{"count":0,"href":"https:\/\/noticiasbahia360.com.br\/index.php?rest_route=\/wp\/v2\/posts\/148805\/revisions"}],"wp:featuredmedia":[{"embeddable":true,"href":"https:\/\/noticiasbahia360.com.br\/index.php?rest_route=\/wp\/v2\/media\/148806"}],"wp:attachment":[{"href":"https:\/\/noticiasbahia360.com.br\/index.php?rest_route=%2Fwp%2Fv2%2Fmedia&parent=148805"}],"wp:term":[{"taxonomy":"category","embeddable":true,"href":"https:\/\/noticiasbahia360.com.br\/index.php?rest_route=%2Fwp%2Fv2%2Fcategories&post=148805"},{"taxonomy":"post_tag","embeddable":true,"href":"https:\/\/noticiasbahia360.com.br\/index.php?rest_route=%2Fwp%2Fv2%2Ftags&post=148805"}],"curies":[{"name":"wp","href":"https:\/\/api.w.org\/{rel}","templated":true}]}}