{"id":148807,"date":"2026-09-04T07:05:28","date_gmt":"2026-09-04T10:05:28","guid":{"rendered":"https:\/\/noticiasbahia360.com.br\/?p=148807"},"modified":"2026-09-04T07:05:28","modified_gmt":"2026-09-04T10:05:28","slug":"presidente-do-senado-afirma-que-pec-do-fim-da-escala-6x1-sera-votada-apos-as-eleicoes","status":"publish","type":"post","link":"https:\/\/noticiasbahia360.com.br\/?p=148807","title":{"rendered":"Presidente do Senado afirma que PEC do fim da escala 6\u00d71 ser\u00e1 votada ap\u00f3s as elei\u00e7\u00f5es"},"content":{"rendered":"<div>\n<div>\n<figure><img decoding=\"async\" src=\"http:\/\/noticiasbahia360.com.br\/wp-content\/uploads\/2026\/09\/Senado-Foto-Jonas-Pereira-Agencia-Senado.jpg\" alt=\"Senado\"><figcaption>Foto: Jonas Pereira\/ Ag\u00eancia Senado<\/figcaption><\/figure>\n<\/div>\n<p class=\"wp-block-paragraph\">Ag\u00eancia Brasil \u2013 O presidente do Senado Federal, Davi Alcolumbre (Uni\u00e3o-AP), afirmou na quinta-feira (3) que a Proposta de Emenda Constitucional (PEC) que prev\u00ea o\u00a0fim da escala 6\u00d71\u00a0e a redu\u00e7\u00e3o da jornada de trabalho de 44 para 40 horas semanais ser\u00e1 votada ap\u00f3s as\u00a0elei\u00e7\u00f5es.<img decoding=\"async\" src=\"https:\/\/agenciabrasil.ebc.com.br\/ebc.png?id=1701489&amp;o=node\"><img decoding=\"async\" src=\"https:\/\/agenciabrasil.ebc.com.br\/ebc.gif?id=1701489&amp;o=node\"><\/p>\n<p class=\"wp-block-paragraph\">A declara\u00e7\u00e3o ocorreu\u00a0durante sess\u00e3o deliberativa no plen\u00e1rio da Casa, em resposta a um apelo feito pelo\u00a0senador Paulo Paim (PT-RS), que anunciou a aposentadoria e cumpre o\u00a0\u00faltimo mandato parlamentar no Congresso Nacional.<\/p>\n<p class=\"wp-block-paragraph\">Em discurso na tribuna, o senador ga\u00facho lembrou de sua trajet\u00f3ria pol\u00edtica e destacou ter lutado, como constituinte, pela redu\u00e7\u00e3o da jornada de trabalho de 48 para 44 horas semanais, inclu\u00edda na\u00a0Constitui\u00e7\u00e3o Federal de 1988.<\/p>\n<p class=\"wp-block-paragraph\">\u201cN\u00e3o podemos mais esperar. Por que esperar? Vamos resolver, como na Constituinte de 1988, [quando] alcan\u00e7amos as 44 horas semanais [de jornada m\u00e1xima semanal de trabalho]. Foi um passo gigantesco para a \u00e9poca e hoje, quase quatro d\u00e9cadas depois, estamos diante de uma nova oportunidade hist\u00f3rica.\u201d<\/p>\n<p class=\"wp-block-paragraph\">O senador apelou aos parlamentares que o momento \u00e9 agora. \u201cChegou a hora de eu ir pra casa, mas eu queria muito, faltam tr\u00eas meses [para o fim do mandato], ir para casa e depois para a porta de f\u00e1brica e dizer a todos: \u2018temos agora as 40 horas semanais para toda nossa gente&#8217;\u201d, acrescentou Paim.<\/p>\n<p class=\"wp-block-paragraph\"><strong>Em seguida, ap\u00f3s deixar a tribuna e cumprimentar Alcolumbre, o presidente do Senado se manifestou sobre a vota\u00e7\u00e3o da PEC.<\/strong><\/p>\n<p class=\"wp-block-paragraph\">\u201cQuero aproveitar essa oportunidade que o senador Paulo Paim est\u00e1 aqui na mesa e veio me dar um abra\u00e7o, para dizer para vossa excel\u00eancia e para o Brasil, que vossa excel\u00eancia estar\u00e1 aqui votando, ap\u00f3s as elei\u00e7\u00f5es, o fim da escala 6\u00d71 no plen\u00e1rio do Senado Federal.\u201d<\/p>\n<p class=\"wp-block-paragraph\">Nessa quarta-feira (2), sem ter garantia sobre os votos necess\u00e1rios para aprovar a PEC, e sob obstru\u00e7\u00e3o da oposi\u00e7\u00e3o, a base do governo no Senado decidiu n\u00e3o arriscar\u00a0aprecia\u00e7\u00e3o do texto em plen\u00e1rio, processo que exige\u00a049 votos em dois turnos.<\/p>\n<p class=\"wp-block-paragraph\">O texto passou apenas pela Comiss\u00e3o de Constitui\u00e7\u00e3o e Justi\u00e7a (CCJ). A previs\u00e3o \u00e9 que o novo esfor\u00e7o concentrado de vota\u00e7\u00e3o legislativa ocorra na segunda semana de outubro. O primeiro\u00a0turno est\u00e1 marcado para 4 de outubro e um eventual segundo\u00a0turno, para 25 de outubro.<\/p>\n<p class=\"wp-block-paragraph\"><em>Siga o Acorda Cidade no\u00a0<\/em><a href=\"https:\/\/news.google.com\/search?q=acorda%20cidade&amp;hl=pt-BR&amp;gl=BR&amp;ceid=BR%3Apt-419\"><strong><em>Google Not\u00edcias<\/em><\/strong><\/a><em>\u00a0e receba os principais destaques do dia. Participe tamb\u00e9m dos nossos canais no\u00a0<\/em><a href=\"https:\/\/whatsapp.com\/channel\/0029Va6Rb4v3WHTNnsh8WI3N\"><strong><em>WhatsApp<\/em><\/strong><\/a><em>\u00a0e\u00a0<\/em><a href=\"https:\/\/www.youtube.com\/@acordacidadenoticias\/videos\"><strong>YouTube<\/strong><\/a><em>\u00a0e do grupo no\u00a0<\/em><a href=\"https:\/\/t.me\/+sSz0khrgARA0ZmRh\"><strong><em>Telegram<\/em><\/strong><\/a><em>.<\/em><\/p>\n<\/div>\n","protected":false},"excerpt":{"rendered":"<p>Foto: Jonas Pereira\/ Ag\u00eancia Senado Ag\u00eancia Brasil \u2013 O presidente do Senado Federal, Davi Alcolumbre<\/p>\n","protected":false},"author":1,"featured_media":148808,"comment_status":"closed","ping_status":"closed","sticky":false,"template":"","format":"gallery","meta":{"footnotes":""},"categories":[8,9,6,57,56,10],"tags":[],"class_list":["post-148807","post","type-post","status-publish","format-gallery","has-post-thumbnail","hentry","category-bahia","category-brasil","category-feira-de-santana","category-mundo","category-policia","category-politica","post_format-post-format-gallery"],"featured_image_urls":{"full":["https:\/\/noticiasbahia360.com.br\/wp-content\/uploads\/2026\/09\/Senado-Foto-Jonas-Pereira-Agencia-Senado.jpg",1200,795,false],"thumbnail":["https:\/\/noticiasbahia360.com.br\/wp-content\/uploads\/2026\/09\/Senado-Foto-Jonas-Pereira-Agencia-Senado-150x150.jpg",150,150,true],"medium":["https:\/\/noticiasbahia360.com.br\/wp-content\/uploads\/2026\/09\/Senado-Foto-Jonas-Pereira-Agencia-Senado-300x199.jpg",300,199,true],"medium_large":["https:\/\/noticiasbahia360.com.br\/wp-content\/uploads\/2026\/09\/Senado-Foto-Jonas-Pereira-Agencia-Senado-768x509.jpg",640,424,true],"large":["https:\/\/noticiasbahia360.com.br\/wp-content\/uploads\/2026\/09\/Senado-Foto-Jonas-Pereira-Agencia-Senado-1024x678.jpg",640,424,true],"1536x1536":["https:\/\/noticiasbahia360.com.br\/wp-content\/uploads\/2026\/09\/Senado-Foto-Jonas-Pereira-Agencia-Senado.jpg",1200,795,false],"2048x2048":["https:\/\/noticiasbahia360.com.br\/wp-content\/uploads\/2026\/09\/Senado-Foto-Jonas-Pereira-Agencia-Senado.jpg",1200,795,false],"chromenews-featured":["https:\/\/noticiasbahia360.com.br\/wp-content\/uploads\/2026\/09\/Senado-Foto-Jonas-Pereira-Agencia-Senado-1024x678.jpg",1024,678,true],"chromenews-large":["https:\/\/noticiasbahia360.com.br\/wp-content\/uploads\/2026\/09\/Senado-Foto-Jonas-Pereira-Agencia-Senado-825x575.jpg",825,575,true],"chromenews-medium":["https:\/\/noticiasbahia360.com.br\/wp-content\/uploads\/2026\/09\/Senado-Foto-Jonas-Pereira-Agencia-Senado-590x410.jpg",590,410,true]},"author_info":{"display_name":"noticiasbahia360.com.br","author_link":"https:\/\/noticiasbahia360.com.br\/?author=1"},"category_info":"<a href=\"https:\/\/noticiasbahia360.com.br\/?cat=8\" rel=\"category\">Bahia<\/a> <a href=\"https:\/\/noticiasbahia360.com.br\/?cat=9\" rel=\"category\">Brasil<\/a> <a href=\"https:\/\/noticiasbahia360.com.br\/?cat=6\" rel=\"category\">Feira de Santana<\/a> <a href=\"https:\/\/noticiasbahia360.com.br\/?cat=57\" rel=\"category\">Mundo<\/a> <a href=\"https:\/\/noticiasbahia360.com.br\/?cat=56\" rel=\"category\">Pol\u00edcia<\/a> <a href=\"https:\/\/noticiasbahia360.com.br\/?cat=10\" rel=\"category\">Pol\u00edtica<\/a>","tag_info":"Pol\u00edtica","comment_count":"0","_links":{"self":[{"href":"https:\/\/noticiasbahia360.com.br\/index.php?rest_route=\/wp\/v2\/posts\/148807","targetHints":{"allow":["GET"]}}],"collection":[{"href":"https:\/\/noticiasbahia360.com.br\/index.php?rest_route=\/wp\/v2\/posts"}],"about":[{"href":"https:\/\/noticiasbahia360.com.br\/index.php?rest_route=\/wp\/v2\/types\/post"}],"author":[{"embeddable":true,"href":"https:\/\/noticiasbahia360.com.br\/index.php?rest_route=\/wp\/v2\/users\/1"}],"replies":[{"embeddable":true,"href":"https:\/\/noticiasbahia360.com.br\/index.php?rest_route=%2Fwp%2Fv2%2Fcomments&post=148807"}],"version-history":[{"count":0,"href":"https:\/\/noticiasbahia360.com.br\/index.php?rest_route=\/wp\/v2\/posts\/148807\/revisions"}],"wp:featuredmedia":[{"embeddable":true,"href":"https:\/\/noticiasbahia360.com.br\/index.php?rest_route=\/wp\/v2\/media\/148808"}],"wp:attachment":[{"href":"https:\/\/noticiasbahia360.com.br\/index.php?rest_route=%2Fwp%2Fv2%2Fmedia&parent=148807"}],"wp:term":[{"taxonomy":"category","embeddable":true,"href":"https:\/\/noticiasbahia360.com.br\/index.php?rest_route=%2Fwp%2Fv2%2Fcategories&post=148807"},{"taxonomy":"post_tag","embeddable":true,"href":"https:\/\/noticiasbahia360.com.br\/index.php?rest_route=%2Fwp%2Fv2%2Ftags&post=148807"}],"curies":[{"name":"wp","href":"https:\/\/api.w.org\/{rel}","templated":true}]}}