{"id":148813,"date":"2026-09-04T09:05:48","date_gmt":"2026-09-04T12:05:48","guid":{"rendered":"https:\/\/noticiasbahia360.com.br\/?p=148813"},"modified":"2026-09-04T09:05:48","modified_gmt":"2026-09-04T12:05:48","slug":"rodovias-da-bahia-devem-receber-mais-de-507-mil-veiculos-no-feriado-de-7-de-setembro","status":"publish","type":"post","link":"https:\/\/noticiasbahia360.com.br\/?p=148813","title":{"rendered":"Rodovias da Bahia devem receber mais de 507 mil ve\u00edculos no feriado de 7 de Setembro"},"content":{"rendered":"<div>\n<div>\n<figure><img decoding=\"async\" src=\"http:\/\/noticiasbahia360.com.br\/wp-content\/uploads\/2026\/09\/rodovia-ba-099-foto-divulgacao-monte-rodovias.jpg\" alt=\"Mais de 600 mil ve\u00edculos devem circular pela BA-093 e BA-099 no feriado da Consci\u00eancia Negra\"><figcaption>Rodovia BA-099, administrada pela CLN | Foto: Divulga\u00e7\u00e3o\/Monte Rodovias.<\/figcaption><\/figure>\n<\/div>\n<p class=\"wp-block-paragraph\">O feriado de 7 de setembro (Independ\u00eancia do Brasil) promete movimentar as rodovias baianas do Sistema BA-093 (Bahia Norte) e BA-099 (Litoral Norte). Entre sexta-feira (4) e ter\u00e7a-feira (8), a previs\u00e3o \u00e9 que mais de 507 mil ve\u00edculos circulem nos trechos que conectam a capital, o interior e as demais regi\u00f5es do pa\u00eds. Os dias com previs\u00e3o de maior fluxo s\u00e3o a sexta-feira (4), com mais de 127 mil ve\u00edculos circulando, e a ter\u00e7a-feira (8), quando s\u00e3o esperados mais de 115 mil nas rodovias administradas pelas concession\u00e1rias Bahia Norte e Litoral Norte.<\/p>\n<p class=\"wp-block-paragraph\">A regi\u00e3o da Estrada do Coco e Linha Verde, trechos que comp\u00f5em a BA-099, tamb\u00e9m t\u00eam expectativa de tr\u00e1fego ampliado no per\u00edodo. A previs\u00e3o \u00e9 de um fluxo 47,3% maior, na sexta-feira (4), em rela\u00e7\u00e3o a 2025, com passagem de mais de 33 mil ve\u00edculos. O pico da movimenta\u00e7\u00e3o est\u00e1 previsto para o fim da tarde, entre 16h e 17h. Na segunda-feira (7), marcando o retorno do feriado, a CLN prev\u00ea cerca de 32 mil ve\u00edculos, um aumento de 39% em rela\u00e7\u00e3o ao ano anterior; e fluxo mais intenso entre 9h e 14h. Uma sugest\u00e3o \u00e9 utilizar a Via Metropolitana como alternativa para quem tem como destino as praias da regi\u00e3o.<\/p>\n<p class=\"wp-block-paragraph\">Em compara\u00e7\u00e3o a 2025, est\u00e1 prevista circula\u00e7\u00e3o 17,4% maior nas rodovias do Sistema BA-093, na sexta-feira (4), com hor\u00e1rios de maior fluxo entre 7h e 8h; e de 16,2% na segunda-feira (7), com fluxo mais intenso entre 16h e 18h.<\/p>\n<p class=\"wp-block-paragraph\">Planejar a viagem com anteced\u00eancia e revisar o carro s\u00e3o os primeiros passos para pegar a estrada com tranquilidade e seguran\u00e7a. Durante o trajeto, uma postura defensiva e o respeito total \u00e0s leis de tr\u00e2nsito s\u00e3o fundamentais. Importante ainda lembrar que o consumo de \u00e1lcool e o uso do celular ao conduzir s\u00e3o estritamente proibidos.<\/p>\n<h2 id=\"h-viagem-segura-e-agil\" class=\"wp-block-heading\">Viagem segura e \u00e1gil<\/h2>\n<p class=\"wp-block-paragraph\">Para maior agilidade no trajeto, as concession\u00e1rias disponibilizam o<a href=\"https:\/\/www.pedagiopay.com\/\" target=\"_blank\" rel=\"noreferrer noopener\"> Ped\u00e1gioPay<\/a>, que permite o pagamento das tarifas de forma totalmente digital, via aplicativo ou pelo portal oficial, sem necessidade de dinheiro em esp\u00e9cie ou manuseio de cart\u00e3o na cabine. O cadastro na plataforma \u00e9 gratuito, sem cobran\u00e7a de taxas de ades\u00e3o ou mensalidades, e oferece o diferencial de permitir o gerenciamento de m\u00faltiplos ve\u00edculos em uma \u00fanica conta.<\/p>\n<p class=\"wp-block-paragraph\">O pagamento por aproxima\u00e7\u00e3o (cr\u00e9dito e d\u00e9bito) nas cabines manuais e o uso de TAG nas pistas autom\u00e1ticas seguem como op\u00e7\u00e3o de pagamento para os usu\u00e1rios. Durante o feriado, as equipes operam com inspe\u00e7\u00e3o vi\u00e1ria ao longo das rodovias e monitoramento cont\u00ednuo pelo Centro de Controle Operacional (CCO) de cada concession\u00e1ria.<\/p>\n<p class=\"wp-block-paragraph\">As rodovias administradas pela Bahia Norte e Litoral Norte disp\u00f5em de equipes treinadas e infraestrutura de apoio 24 horas por dia, todos os dias da semana. Em caso de imprevistos ou emerg\u00eancias, os motoristas t\u00eam \u00e0 disposi\u00e7\u00e3o servi\u00e7os gratuitos de guincho, carro-pipa e atendimento m\u00e9dico-hospitalar. O suporte pode ser acionado a qualquer momento por meio dos telefones gratuitos: 0800 600 0093 (Bahia Norte) ou 0800 071 3233 (Litoral Norte, com cobertura de atendimento at\u00e9 o km 54, no acesso da Praia do Forte).<\/p>\n<p class=\"wp-block-paragraph\">Confira abaixo as previs\u00f5es de menor fluxo no feriado de Independ\u00eancia do Brasil, de 04 a 08 de setembro:<\/p>\n<p class=\"wp-block-paragraph\"><strong>Sistema BA-093 (Bahia Norte):<\/strong><\/p>\n<ul class=\"wp-block-list\">\n<li>Sexta-feira, 04\/09: At\u00e9 \u00e0s 15h.<\/li>\n<li>S\u00e1bado, 05\/09: At\u00e9 \u00e0s 14h.<\/li>\n<li>Domingo, 06\/09: At\u00e9 \u00e0s 13h.<\/li>\n<li>Segunda-feira, 07\/09: At\u00e9 \u00e0s 16h.<\/li>\n<li>Ter\u00e7a-feira, 08\/09: At\u00e9 \u00e0s 14h.<\/li>\n<\/ul>\n<p class=\"wp-block-paragraph\">\n<p class=\"wp-block-paragraph\"><strong>BA-099 (Litoral Norte):<\/strong><\/p>\n<ul class=\"wp-block-list\">\n<li>Sexta-feira, 04\/09: At\u00e9 \u00e0s 15h.<\/li>\n<li>S\u00e1bado, 05\/09: At\u00e9 \u00e0s 14h.<\/li>\n<li>Domingo, 06\/09: At\u00e9 \u00e0s 13h.<\/li>\n<li>Segunda-feira, 07\/09: At\u00e9 \u00e0s 9h; e a partir das 15h.<\/li>\n<li>Ter\u00e7a-feira, 08\/09: At\u00e9 \u00e0s 14h; e a partir das 18h.<\/li>\n<\/ul>\n<p class=\"wp-block-paragraph\"><em>Siga o Acorda Cidade no\u00a0<\/em><a href=\"https:\/\/news.google.com\/search?q=acorda%20cidade&amp;hl=pt-BR&amp;gl=BR&amp;ceid=BR%3Apt-419\"><strong><em>Google Not\u00edcias<\/em><\/strong><\/a><em>\u00a0e receba os principais destaques do dia. Participe tamb\u00e9m dos nossos canais no\u00a0<\/em><a href=\"https:\/\/www.whatsapp.com\/channel\/0029Va6Rb4v3WHTNnsh8WI3N\"><strong><em>WhatsApp<\/em><\/strong><\/a><em>\u00a0e\u00a0<\/em><a href=\"https:\/\/www.youtube.com\/@acordacidadenoticias\/videos\"><strong>YouTube<\/strong><\/a><em>\u00a0e do grupo no\u00a0<\/em><a href=\"https:\/\/t.me\/+sSz0khrgARA0ZmRh\"><strong><em>Telegram<\/em><\/strong><\/a><\/p>\n<\/div>\n","protected":false},"excerpt":{"rendered":"<p>Rodovia BA-099, administrada pela CLN | Foto: Divulga\u00e7\u00e3o\/Monte Rodovias. O feriado de 7 de setembro<\/p>\n","protected":false},"author":1,"featured_media":148814,"comment_status":"closed","ping_status":"closed","sticky":false,"template":"","format":"gallery","meta":{"footnotes":""},"categories":[8,9,6,57,56,10],"tags":[],"class_list":["post-148813","post","type-post","status-publish","format-gallery","has-post-thumbnail","hentry","category-bahia","category-brasil","category-feira-de-santana","category-mundo","category-policia","category-politica","post_format-post-format-gallery"],"featured_image_urls":{"full":["https:\/\/noticiasbahia360.com.br\/wp-content\/uploads\/2026\/09\/rodovia-ba-099-foto-divulgacao-monte-rodovias.jpg",1200,834,false],"thumbnail":["https:\/\/noticiasbahia360.com.br\/wp-content\/uploads\/2026\/09\/rodovia-ba-099-foto-divulgacao-monte-rodovias-150x150.jpg",150,150,true],"medium":["https:\/\/noticiasbahia360.com.br\/wp-content\/uploads\/2026\/09\/rodovia-ba-099-foto-divulgacao-monte-rodovias-300x209.jpg",300,209,true],"medium_large":["https:\/\/noticiasbahia360.com.br\/wp-content\/uploads\/2026\/09\/rodovia-ba-099-foto-divulgacao-monte-rodovias-768x534.jpg",640,445,true],"large":["https:\/\/noticiasbahia360.com.br\/wp-content\/uploads\/2026\/09\/rodovia-ba-099-foto-divulgacao-monte-rodovias-1024x712.jpg",640,445,true],"1536x1536":["https:\/\/noticiasbahia360.com.br\/wp-content\/uploads\/2026\/09\/rodovia-ba-099-foto-divulgacao-monte-rodovias.jpg",1200,834,false],"2048x2048":["https:\/\/noticiasbahia360.com.br\/wp-content\/uploads\/2026\/09\/rodovia-ba-099-foto-divulgacao-monte-rodovias.jpg",1200,834,false],"chromenews-featured":["https:\/\/noticiasbahia360.com.br\/wp-content\/uploads\/2026\/09\/rodovia-ba-099-foto-divulgacao-monte-rodovias-1024x712.jpg",1024,712,true],"chromenews-large":["https:\/\/noticiasbahia360.com.br\/wp-content\/uploads\/2026\/09\/rodovia-ba-099-foto-divulgacao-monte-rodovias-825x575.jpg",825,575,true],"chromenews-medium":["https:\/\/noticiasbahia360.com.br\/wp-content\/uploads\/2026\/09\/rodovia-ba-099-foto-divulgacao-monte-rodovias-590x410.jpg",590,410,true]},"author_info":{"display_name":"noticiasbahia360.com.br","author_link":"https:\/\/noticiasbahia360.com.br\/?author=1"},"category_info":"<a href=\"https:\/\/noticiasbahia360.com.br\/?cat=8\" rel=\"category\">Bahia<\/a> <a href=\"https:\/\/noticiasbahia360.com.br\/?cat=9\" rel=\"category\">Brasil<\/a> <a href=\"https:\/\/noticiasbahia360.com.br\/?cat=6\" rel=\"category\">Feira de Santana<\/a> <a href=\"https:\/\/noticiasbahia360.com.br\/?cat=57\" rel=\"category\">Mundo<\/a> <a href=\"https:\/\/noticiasbahia360.com.br\/?cat=56\" rel=\"category\">Pol\u00edcia<\/a> <a href=\"https:\/\/noticiasbahia360.com.br\/?cat=10\" rel=\"category\">Pol\u00edtica<\/a>","tag_info":"Pol\u00edtica","comment_count":"0","_links":{"self":[{"href":"https:\/\/noticiasbahia360.com.br\/index.php?rest_route=\/wp\/v2\/posts\/148813","targetHints":{"allow":["GET"]}}],"collection":[{"href":"https:\/\/noticiasbahia360.com.br\/index.php?rest_route=\/wp\/v2\/posts"}],"about":[{"href":"https:\/\/noticiasbahia360.com.br\/index.php?rest_route=\/wp\/v2\/types\/post"}],"author":[{"embeddable":true,"href":"https:\/\/noticiasbahia360.com.br\/index.php?rest_route=\/wp\/v2\/users\/1"}],"replies":[{"embeddable":true,"href":"https:\/\/noticiasbahia360.com.br\/index.php?rest_route=%2Fwp%2Fv2%2Fcomments&post=148813"}],"version-history":[{"count":0,"href":"https:\/\/noticiasbahia360.com.br\/index.php?rest_route=\/wp\/v2\/posts\/148813\/revisions"}],"wp:featuredmedia":[{"embeddable":true,"href":"https:\/\/noticiasbahia360.com.br\/index.php?rest_route=\/wp\/v2\/media\/148814"}],"wp:attachment":[{"href":"https:\/\/noticiasbahia360.com.br\/index.php?rest_route=%2Fwp%2Fv2%2Fmedia&parent=148813"}],"wp:term":[{"taxonomy":"category","embeddable":true,"href":"https:\/\/noticiasbahia360.com.br\/index.php?rest_route=%2Fwp%2Fv2%2Fcategories&post=148813"},{"taxonomy":"post_tag","embeddable":true,"href":"https:\/\/noticiasbahia360.com.br\/index.php?rest_route=%2Fwp%2Fv2%2Ftags&post=148813"}],"curies":[{"name":"wp","href":"https:\/\/api.w.org\/{rel}","templated":true}]}}