{"id":148817,"date":"2026-09-04T09:05:51","date_gmt":"2026-09-04T12:05:51","guid":{"rendered":"https:\/\/noticiasbahia360.com.br\/?p=148817"},"modified":"2026-09-04T09:05:51","modified_gmt":"2026-09-04T12:05:51","slug":"mendonca-moraes-pgr-e-policia-federal-tem-5-dias-para-prestarem-informacoes-sobre-crise-no-stf","status":"publish","type":"post","link":"https:\/\/noticiasbahia360.com.br\/?p=148817","title":{"rendered":"Mendon\u00e7a, Moraes, PGR e Pol\u00edcia Federal t\u00eam 5 dias para prestarem informa\u00e7\u00f5es sobre crise no STF"},"content":{"rendered":"<div>\n<div>\n<figure><img decoding=\"async\" src=\"http:\/\/noticiasbahia360.com.br\/wp-content\/uploads\/2026\/09\/Andre-Mendonca-e-Alexandre-de-Moraes-durante-sessao-plenaria-do-STF-Foto-Antonio-Augusto-STF-040926.jpg\" alt=\"Andr\u00e9 Mendon\u00e7a e Alexandre de Moraes durante sess\u00e3o plen\u00e1ria do STF\"><figcaption>Andr\u00e9 Mendon\u00e7a e Alexandre de Moraes durante sess\u00e3o plen\u00e1ria do STF | Foto: Antonio Augusto\/ STF<\/figcaption><\/figure>\n<\/div>\n<p class=\"wp-block-paragraph\">O presidente do Supremo Tribunal Federal (STF), Edison Fachin, determinou nesta quinta-feira (3) que os ministros do tribunal Andr\u00e9 Mendon\u00e7a e Alexandre de Moraes, o procurador-geral da Rep\u00fablica (PGR), Paulo Gonet, e o diretor-geral da Pol\u00edcia Federal, Andrei Rodrigues, se manifestem em at\u00e9 5 dias \u00fateis sobre os acontecimentos que causaram uma crise no STF.<\/p>\n<p class=\"wp-block-paragraph\"><strong>\u201cCabe \u00e0 Presid\u00eancia do tribunal zelar para que a poss\u00edvel aprecia\u00e7\u00e3o colegiada seja feita, a tempo e modo, com o elevado senso de responsabilidade que os fatos reclamam, sempre assegurando o respeito \u00e0s garantias constitucionais do devido processo legal, da ampla defesa e do contradit\u00f3rio\u201d, disse Fachin.<\/strong><\/p>\n<p class=\"wp-block-paragraph\">O presidente do STF afirmou ser necess\u00e1rio colher informa\u00e7\u00f5es sobre:<\/p>\n<ul class=\"wp-block-list\">\n<li>o cumprimento pela PF das regras estabelecidas na Lei Org\u00e2nica da Magistratura em rela\u00e7\u00e3o a autoridades com foro no STF;<\/li>\n<li>\u201cind\u00edcios de que credenciais de acesso institucional tenham sido utilizadas para avaliar documento estritamente particular e de que informa\u00e7\u00f5es sujeitas ao sigilo judicial foram reveladas a pessoa investigada\u201d;<\/li>\n<li>as circunst\u00e2ncias em que o ministro Mendon\u00e7a determinou a identifica\u00e7\u00e3o de pessoas mencionadas nas investiga\u00e7\u00f5es do caso Master; e<\/li>\n<li>as medidas tomadas para o controle externo da atividade policial.<\/li>\n<\/ul>\n<p class=\"wp-block-paragraph\">A decis\u00e3o de Fachin foi tomada ap\u00f3s Mendon\u00e7a retirar, na ter\u00e7a-feira (1), o sigilo sobre um relat\u00f3rio da Pol\u00edcia Federal que exp\u00f5e mensagens e contatos entre o fundador do Banco Master, Daniel Vorcaro, e o ministro Alexandre de Moraes.<\/p>\n<p class=\"wp-block-paragraph\">Mendon\u00e7a sugeriu na mesma decis\u00e3o que os elementos constantes dos relat\u00f3rios da PF sobre o caso fossem avaliados pelo plen\u00e1rio da Corte.<\/p>\n<p class=\"wp-block-paragraph\"><strong>\u201cDiante do teor das informa\u00e7\u00f5es apresentadas pela autoridade policial, independentemente de qual venha a ser a manifesta\u00e7\u00e3o exarada pela douta Procuradoria-Geral da Rep\u00fablica, o caminho inevit\u00e1vel dos presentes autos leva ao Plen\u00e1rio deste Supremo Tribunal Federal, inst\u00e2ncia soberana para analisar, de modo t\u00e9cnico e estritamente jur\u00eddico, os novos elementos trazidos pela autoridade policial\u201d, sugeriu Mendon\u00e7a, na decis\u00e3o em que levantou o sigilo do processo.<\/strong><\/p>\n<h2 id=\"h-possiveis-vicios-de-forma\" class=\"wp-block-heading\">Poss\u00edveis \u2018v\u00edcios de forma\u2019<\/h2>\n<figure class=\"wp-block-image size-full\"><img fetchpriority=\"high\" fetchpriority=\"high\" decoding=\"async\" width=\"1200\" height=\"718\" src=\"http:\/\/noticiasbahia360.com.br\/wp-content\/uploads\/2026\/09\/Paulo-Gonet-atual-Procurador-Geral-da-Republica-Foto-Rosinei-Coutinho-STF.jpg\" alt=\"Paulo Gonet, atual Procurador-Geral da Rep\u00fablica\" class=\"wp-image-664462\" srcset=\"http:\/\/noticiasbahia360.com.br\/wp-content\/uploads\/2026\/09\/Paulo-Gonet-atual-Procurador-Geral-da-Republica-Foto-Rosinei-Coutinho-STF.jpg 1200w, https:\/\/uploads.acordacidade.com.br\/2026\/06\/Paulo-Gonet-atual-Procurador-Geral-da-Republica-Foto-Rosinei-Coutinho-STF-750x449.jpg 750w, https:\/\/uploads.acordacidade.com.br\/2026\/06\/Paulo-Gonet-atual-Procurador-Geral-da-Republica-Foto-Rosinei-Coutinho-STF-1000x598.jpg 1000w, https:\/\/uploads.acordacidade.com.br\/2026\/06\/Paulo-Gonet-atual-Procurador-Geral-da-Republica-Foto-Rosinei-Coutinho-STF-450x269.jpg 450w, https:\/\/uploads.acordacidade.com.br\/2026\/06\/Paulo-Gonet-atual-Procurador-Geral-da-Republica-Foto-Rosinei-Coutinho-STF-150x90.jpg 150w\" sizes=\"(max-width: 1200px) 100vw, 1200px\"><figcaption class=\"wp-element-caption\">Paulo Gonet, atual Procurador-Geral da Rep\u00fablica | Foto: Rosinei Coutinho\/STF<\/figcaption><\/figure>\n<p class=\"wp-block-paragraph\">Ap\u00f3s a divulga\u00e7\u00e3o das informa\u00e7\u00f5es, Mendon\u00e7a pediu que a PGR se manifestasse sobre o tema. O procurador Paulo Gonet \u2013 mencionado nos relat\u00f3rios publicizados por Mendon\u00e7a \u2013 afirmou que a investiga\u00e7\u00e3o \u00e9 nula e n\u00e3o poderia ter sido feita sem um pedido do Minist\u00e9rio P\u00fablico ou da pr\u00f3pria PF.<\/p>\n<p class=\"wp-block-paragraph\">\u201cAo lado da aprecia\u00e7\u00e3o posterior de eventuais v\u00edcios de forma, decorrentes da d\u00favida suscitada pela PGR, as informa\u00e7\u00f5es ali trazidas pela Pol\u00edcia Federal, se reconhecidas, recomendam que seja cumprido o dever da Presid\u00eancia do Supremo Tribunal Federal de velar pelas prerrogativas do Tribunal (art. 13, I, do RISTF)\u201d, afirmou Fachin na decis\u00e3o desta quinta.<\/p>\n<p class=\"wp-block-paragraph\">Fonte: g1<\/p>\n<p class=\"wp-block-paragraph\"><em>Siga o Acorda Cidade no\u00a0<\/em><a href=\"https:\/\/news.google.com\/search?q=acorda%20cidade&amp;hl=pt-BR&amp;gl=BR&amp;ceid=BR%3Apt-419\"><strong><em>Google Not\u00edcias<\/em><\/strong><\/a><em>\u00a0e receba os principais destaques do dia. Participe tamb\u00e9m dos nossos canais no\u00a0<\/em><a href=\"https:\/\/www.whatsapp.com\/channel\/0029Va6Rb4v3WHTNnsh8WI3N\"><strong><em>WhatsApp<\/em><\/strong><\/a><em>\u00a0e\u00a0<\/em><a href=\"https:\/\/www.youtube.com\/@acordacidadenoticias\/videos\"><strong>YouTube<\/strong><\/a><em>\u00a0e do grupo no\u00a0<\/em><a href=\"https:\/\/t.me\/+sSz0khrgARA0ZmRh\"><strong><em>Telegram<\/em><\/strong><\/a><em>.<\/em><\/p>\n<\/div>\n","protected":false},"excerpt":{"rendered":"<p>Andr\u00e9 Mendon\u00e7a e Alexandre de Moraes durante sess\u00e3o plen\u00e1ria do STF | Foto: Antonio Augusto\/<\/p>\n","protected":false},"author":1,"featured_media":148818,"comment_status":"closed","ping_status":"closed","sticky":false,"template":"","format":"gallery","meta":{"footnotes":""},"categories":[8,9,6,57,56,10],"tags":[],"class_list":["post-148817","post","type-post","status-publish","format-gallery","has-post-thumbnail","hentry","category-bahia","category-brasil","category-feira-de-santana","category-mundo","category-policia","category-politica","post_format-post-format-gallery"],"featured_image_urls":{"full":["https:\/\/noticiasbahia360.com.br\/wp-content\/uploads\/2026\/09\/Andre-Mendonca-e-Alexandre-de-Moraes-durante-sessao-plenaria-do-STF-Foto-Antonio-Augusto-STF-040926.jpg",1200,801,false],"thumbnail":["https:\/\/noticiasbahia360.com.br\/wp-content\/uploads\/2026\/09\/Andre-Mendonca-e-Alexandre-de-Moraes-durante-sessao-plenaria-do-STF-Foto-Antonio-Augusto-STF-040926-150x150.jpg",150,150,true],"medium":["https:\/\/noticiasbahia360.com.br\/wp-content\/uploads\/2026\/09\/Andre-Mendonca-e-Alexandre-de-Moraes-durante-sessao-plenaria-do-STF-Foto-Antonio-Augusto-STF-040926-300x200.jpg",300,200,true],"medium_large":["https:\/\/noticiasbahia360.com.br\/wp-content\/uploads\/2026\/09\/Andre-Mendonca-e-Alexandre-de-Moraes-durante-sessao-plenaria-do-STF-Foto-Antonio-Augusto-STF-040926-768x513.jpg",640,428,true],"large":["https:\/\/noticiasbahia360.com.br\/wp-content\/uploads\/2026\/09\/Andre-Mendonca-e-Alexandre-de-Moraes-durante-sessao-plenaria-do-STF-Foto-Antonio-Augusto-STF-040926-1024x684.jpg",640,428,true],"1536x1536":["https:\/\/noticiasbahia360.com.br\/wp-content\/uploads\/2026\/09\/Andre-Mendonca-e-Alexandre-de-Moraes-durante-sessao-plenaria-do-STF-Foto-Antonio-Augusto-STF-040926.jpg",1200,801,false],"2048x2048":["https:\/\/noticiasbahia360.com.br\/wp-content\/uploads\/2026\/09\/Andre-Mendonca-e-Alexandre-de-Moraes-durante-sessao-plenaria-do-STF-Foto-Antonio-Augusto-STF-040926.jpg",1200,801,false],"chromenews-featured":["https:\/\/noticiasbahia360.com.br\/wp-content\/uploads\/2026\/09\/Andre-Mendonca-e-Alexandre-de-Moraes-durante-sessao-plenaria-do-STF-Foto-Antonio-Augusto-STF-040926-1024x684.jpg",1024,684,true],"chromenews-large":["https:\/\/noticiasbahia360.com.br\/wp-content\/uploads\/2026\/09\/Andre-Mendonca-e-Alexandre-de-Moraes-durante-sessao-plenaria-do-STF-Foto-Antonio-Augusto-STF-040926-825x575.jpg",825,575,true],"chromenews-medium":["https:\/\/noticiasbahia360.com.br\/wp-content\/uploads\/2026\/09\/Andre-Mendonca-e-Alexandre-de-Moraes-durante-sessao-plenaria-do-STF-Foto-Antonio-Augusto-STF-040926-590x410.jpg",590,410,true]},"author_info":{"display_name":"noticiasbahia360.com.br","author_link":"https:\/\/noticiasbahia360.com.br\/?author=1"},"category_info":"<a href=\"https:\/\/noticiasbahia360.com.br\/?cat=8\" rel=\"category\">Bahia<\/a> <a href=\"https:\/\/noticiasbahia360.com.br\/?cat=9\" rel=\"category\">Brasil<\/a> <a href=\"https:\/\/noticiasbahia360.com.br\/?cat=6\" rel=\"category\">Feira de Santana<\/a> <a href=\"https:\/\/noticiasbahia360.com.br\/?cat=57\" rel=\"category\">Mundo<\/a> <a href=\"https:\/\/noticiasbahia360.com.br\/?cat=56\" rel=\"category\">Pol\u00edcia<\/a> <a href=\"https:\/\/noticiasbahia360.com.br\/?cat=10\" rel=\"category\">Pol\u00edtica<\/a>","tag_info":"Pol\u00edtica","comment_count":"0","_links":{"self":[{"href":"https:\/\/noticiasbahia360.com.br\/index.php?rest_route=\/wp\/v2\/posts\/148817","targetHints":{"allow":["GET"]}}],"collection":[{"href":"https:\/\/noticiasbahia360.com.br\/index.php?rest_route=\/wp\/v2\/posts"}],"about":[{"href":"https:\/\/noticiasbahia360.com.br\/index.php?rest_route=\/wp\/v2\/types\/post"}],"author":[{"embeddable":true,"href":"https:\/\/noticiasbahia360.com.br\/index.php?rest_route=\/wp\/v2\/users\/1"}],"replies":[{"embeddable":true,"href":"https:\/\/noticiasbahia360.com.br\/index.php?rest_route=%2Fwp%2Fv2%2Fcomments&post=148817"}],"version-history":[{"count":0,"href":"https:\/\/noticiasbahia360.com.br\/index.php?rest_route=\/wp\/v2\/posts\/148817\/revisions"}],"wp:featuredmedia":[{"embeddable":true,"href":"https:\/\/noticiasbahia360.com.br\/index.php?rest_route=\/wp\/v2\/media\/148818"}],"wp:attachment":[{"href":"https:\/\/noticiasbahia360.com.br\/index.php?rest_route=%2Fwp%2Fv2%2Fmedia&parent=148817"}],"wp:term":[{"taxonomy":"category","embeddable":true,"href":"https:\/\/noticiasbahia360.com.br\/index.php?rest_route=%2Fwp%2Fv2%2Fcategories&post=148817"},{"taxonomy":"post_tag","embeddable":true,"href":"https:\/\/noticiasbahia360.com.br\/index.php?rest_route=%2Fwp%2Fv2%2Ftags&post=148817"}],"curies":[{"name":"wp","href":"https:\/\/api.w.org\/{rel}","templated":true}]}}