{"id":148838,"date":"2026-09-04T12:00:40","date_gmt":"2026-09-04T15:00:40","guid":{"rendered":"https:\/\/noticiasbahia360.com.br\/?p=148838"},"modified":"2026-09-04T12:00:40","modified_gmt":"2026-09-04T15:00:40","slug":"preco-da-cesta-basica-tem-leve-reducao-em-agosto-em-feira-de-santana","status":"publish","type":"post","link":"https:\/\/noticiasbahia360.com.br\/?p=148838","title":{"rendered":"Pre\u00e7o da cesta b\u00e1sica tem leve redu\u00e7\u00e3o em agosto em Feira de Santana"},"content":{"rendered":"<div>\n<div>\n<figure><img decoding=\"async\" src=\"http:\/\/noticiasbahia360.com.br\/wp-content\/uploads\/2026\/09\/Preco-da-Cesta-Basica_-Supermercados_-foto-Divulgacao-Settdec.jpg\" alt=\"Pre\u00e7o da Cesta B\u00e1sica_ Supermercados_ foto Divulga\u00e7\u00e3o Settdec\"><figcaption>Foto: Divulga\u00e7\u00e3o\/ Settdec<\/figcaption><\/figure>\n<\/div>\n<p class=\"wp-block-paragraph\">O pre\u00e7o m\u00e9dio da cesta b\u00e1sica apresentou uma redu\u00e7\u00e3o de 0,72% em agosto, em Feira de Santana. O levantamento realizado pela Secretaria Municipal de Trabalho, Turismo e Desenvolvimento Econ\u00f4mico (Settdec), por meio do Departamento de Articula\u00e7\u00e3o e Informa\u00e7\u00e3o Econ\u00f4mica, apontou que o valor passou de R$ 484,83, em julho, para R$ 481,32 no m\u00eas passado.<\/p>\n<p class=\"wp-block-paragraph\">Entre os produtos que mais contribu\u00edram para a redu\u00e7\u00e3o est\u00e3o o tomate, que apresentou queda de 31,39%, seguido pela batata inglesa, com redu\u00e7\u00e3o de 29,38%, e pela cenoura, que ficou 23,72% mais barata. A banana-prata teve redu\u00e7\u00e3o de 14,86%, enquanto a cebola apresentou queda de 13,92%.<\/p>\n<p class=\"wp-block-paragraph\">Por outro lado, alguns produtos tiveram aumento de pre\u00e7o no per\u00edodo. O peixe registrou a maior alta, de 19,14%, seguido pelo mel, com aumento de 16,64%, e pelo coco seco, que apresentou eleva\u00e7\u00e3o de 15,20%.<\/p>\n<p class=\"wp-block-paragraph\">A pesquisa tamb\u00e9m passou a acompanhar os pre\u00e7os do botij\u00e3o de g\u00e1s de cozinha de 13 quilos e da arroba do boi. Como o monitoramento desses produtos come\u00e7ou em agosto, ainda n\u00e3o h\u00e1 dados anteriores que permitam uma compara\u00e7\u00e3o com o m\u00eas de julho.<\/p>\n<p class=\"wp-block-paragraph\">No primeiro levantamento do botij\u00e3o de g\u00e1s, os pre\u00e7os encontrados entre as marcas pesquisadas variaram de R$ 98 a R$ 112. A diferen\u00e7a de R$ 14 entre o menor e o maior valor refor\u00e7a a import\u00e2ncia de pesquisar antes da compra. J\u00e1 a arroba do boi foi acompanhada durante as quatro semanas de agosto e manteve a cota\u00e7\u00e3o est\u00e1vel em R$ 340 durante todo o per\u00edodo.<\/p>\n<p class=\"wp-block-paragraph\">Para a secret\u00e1ria da Settdec, Marcia Ferreira, mesmo diante da redu\u00e7\u00e3o no valor m\u00e9dio da cesta, o consumidor deve ficar atento \u00e0s diferen\u00e7as de pre\u00e7os entre os estabelecimentos. \u201cMesmo com a redu\u00e7\u00e3o do valor m\u00e9dio da cesta, as diferen\u00e7as entre os pre\u00e7os dos produtos refor\u00e7am a import\u00e2ncia da pesquisa. Comparar estabelecimentos e marcas pode representar uma economia significativa para o consumidor\u201d, afirmou.<\/p>\n<p class=\"wp-block-paragraph\">A pesquisa de pre\u00e7os da Settdec permite acompanhar mensalmente as oscila\u00e7\u00f5es dos produtos e oferece ao consumidor informa\u00e7\u00f5es que podem ajudar na hora de escolher onde e o que comprar. Com a inclus\u00e3o do g\u00e1s de cozinha e da arroba do boi, o levantamento passa a acompanhar tamb\u00e9m outros itens de impacto no or\u00e7amento das fam\u00edlias e na economia local.<\/p>\n<p class=\"wp-block-paragraph\"><em>As informa\u00e7\u00f5es s\u00e3o da Secretaria Municipal de Comunica\u00e7\u00e3o Social (Secom).<\/em><\/p>\n<p class=\"wp-block-paragraph\"><em>Siga o Acorda Cidade no\u00a0<\/em><a href=\"https:\/\/news.google.com\/search?q=acorda%20cidade&amp;hl=pt-BR&amp;gl=BR&amp;ceid=BR%3Apt-419\"><strong><em>Google Not\u00edcias<\/em><\/strong><\/a><em>\u00a0e receba os principais destaques do dia. Participe tamb\u00e9m dos nossos canais no\u00a0<\/em><a href=\"https:\/\/www.whatsapp.com\/channel\/0029Va6Rb4v3WHTNnsh8WI3N\"><strong><em>WhatsApp<\/em><\/strong><\/a><em>\u00a0e\u00a0<\/em><a href=\"https:\/\/www.youtube.com\/@acordacidadenoticias\/videos\"><strong>YouTube<\/strong><\/a><em>\u00a0e do grupo no\u00a0<\/em><a href=\"https:\/\/t.me\/+sSz0khrgARA0ZmRh\"><strong><em>Telegram<\/em><\/strong><\/a><a href=\"https:\/\/www.acordacidade.com.br\/colunas\/dilton-e-feito\/\"><\/a><\/p>\n<\/div>\n","protected":false},"excerpt":{"rendered":"<p>Foto: Divulga\u00e7\u00e3o\/ Settdec O pre\u00e7o m\u00e9dio da cesta b\u00e1sica apresentou uma redu\u00e7\u00e3o de 0,72% em<\/p>\n","protected":false},"author":1,"featured_media":148839,"comment_status":"closed","ping_status":"closed","sticky":false,"template":"","format":"gallery","meta":{"footnotes":""},"categories":[8,9,6,57,56,10],"tags":[],"class_list":["post-148838","post","type-post","status-publish","format-gallery","has-post-thumbnail","hentry","category-bahia","category-brasil","category-feira-de-santana","category-mundo","category-policia","category-politica","post_format-post-format-gallery"],"featured_image_urls":{"full":["https:\/\/noticiasbahia360.com.br\/wp-content\/uploads\/2026\/09\/Preco-da-Cesta-Basica_-Supermercados_-foto-Divulgacao-Settdec.jpg",1200,799,false],"thumbnail":["https:\/\/noticiasbahia360.com.br\/wp-content\/uploads\/2026\/09\/Preco-da-Cesta-Basica_-Supermercados_-foto-Divulgacao-Settdec-150x150.jpg",150,150,true],"medium":["https:\/\/noticiasbahia360.com.br\/wp-content\/uploads\/2026\/09\/Preco-da-Cesta-Basica_-Supermercados_-foto-Divulgacao-Settdec-300x200.jpg",300,200,true],"medium_large":["https:\/\/noticiasbahia360.com.br\/wp-content\/uploads\/2026\/09\/Preco-da-Cesta-Basica_-Supermercados_-foto-Divulgacao-Settdec-768x511.jpg",640,426,true],"large":["https:\/\/noticiasbahia360.com.br\/wp-content\/uploads\/2026\/09\/Preco-da-Cesta-Basica_-Supermercados_-foto-Divulgacao-Settdec-1024x682.jpg",640,426,true],"1536x1536":["https:\/\/noticiasbahia360.com.br\/wp-content\/uploads\/2026\/09\/Preco-da-Cesta-Basica_-Supermercados_-foto-Divulgacao-Settdec.jpg",1200,799,false],"2048x2048":["https:\/\/noticiasbahia360.com.br\/wp-content\/uploads\/2026\/09\/Preco-da-Cesta-Basica_-Supermercados_-foto-Divulgacao-Settdec.jpg",1200,799,false],"chromenews-featured":["https:\/\/noticiasbahia360.com.br\/wp-content\/uploads\/2026\/09\/Preco-da-Cesta-Basica_-Supermercados_-foto-Divulgacao-Settdec-1024x682.jpg",1024,682,true],"chromenews-large":["https:\/\/noticiasbahia360.com.br\/wp-content\/uploads\/2026\/09\/Preco-da-Cesta-Basica_-Supermercados_-foto-Divulgacao-Settdec-825x575.jpg",825,575,true],"chromenews-medium":["https:\/\/noticiasbahia360.com.br\/wp-content\/uploads\/2026\/09\/Preco-da-Cesta-Basica_-Supermercados_-foto-Divulgacao-Settdec-590x410.jpg",590,410,true]},"author_info":{"display_name":"noticiasbahia360.com.br","author_link":"https:\/\/noticiasbahia360.com.br\/?author=1"},"category_info":"<a href=\"https:\/\/noticiasbahia360.com.br\/?cat=8\" rel=\"category\">Bahia<\/a> <a href=\"https:\/\/noticiasbahia360.com.br\/?cat=9\" rel=\"category\">Brasil<\/a> <a href=\"https:\/\/noticiasbahia360.com.br\/?cat=6\" rel=\"category\">Feira de Santana<\/a> <a href=\"https:\/\/noticiasbahia360.com.br\/?cat=57\" rel=\"category\">Mundo<\/a> <a href=\"https:\/\/noticiasbahia360.com.br\/?cat=56\" rel=\"category\">Pol\u00edcia<\/a> <a href=\"https:\/\/noticiasbahia360.com.br\/?cat=10\" rel=\"category\">Pol\u00edtica<\/a>","tag_info":"Pol\u00edtica","comment_count":"0","_links":{"self":[{"href":"https:\/\/noticiasbahia360.com.br\/index.php?rest_route=\/wp\/v2\/posts\/148838","targetHints":{"allow":["GET"]}}],"collection":[{"href":"https:\/\/noticiasbahia360.com.br\/index.php?rest_route=\/wp\/v2\/posts"}],"about":[{"href":"https:\/\/noticiasbahia360.com.br\/index.php?rest_route=\/wp\/v2\/types\/post"}],"author":[{"embeddable":true,"href":"https:\/\/noticiasbahia360.com.br\/index.php?rest_route=\/wp\/v2\/users\/1"}],"replies":[{"embeddable":true,"href":"https:\/\/noticiasbahia360.com.br\/index.php?rest_route=%2Fwp%2Fv2%2Fcomments&post=148838"}],"version-history":[{"count":0,"href":"https:\/\/noticiasbahia360.com.br\/index.php?rest_route=\/wp\/v2\/posts\/148838\/revisions"}],"wp:featuredmedia":[{"embeddable":true,"href":"https:\/\/noticiasbahia360.com.br\/index.php?rest_route=\/wp\/v2\/media\/148839"}],"wp:attachment":[{"href":"https:\/\/noticiasbahia360.com.br\/index.php?rest_route=%2Fwp%2Fv2%2Fmedia&parent=148838"}],"wp:term":[{"taxonomy":"category","embeddable":true,"href":"https:\/\/noticiasbahia360.com.br\/index.php?rest_route=%2Fwp%2Fv2%2Fcategories&post=148838"},{"taxonomy":"post_tag","embeddable":true,"href":"https:\/\/noticiasbahia360.com.br\/index.php?rest_route=%2Fwp%2Fv2%2Ftags&post=148838"}],"curies":[{"name":"wp","href":"https:\/\/api.w.org\/{rel}","templated":true}]}}