{"id":148840,"date":"2026-09-04T12:00:41","date_gmt":"2026-09-04T15:00:41","guid":{"rendered":"https:\/\/noticiasbahia360.com.br\/?p=148840"},"modified":"2026-09-04T12:00:41","modified_gmt":"2026-09-04T15:00:41","slug":"rede-municipal-de-saude-mental-reforca-acoes-de-conscientizacao-durante-o-setembro-amarelo","status":"publish","type":"post","link":"https:\/\/noticiasbahia360.com.br\/?p=148840","title":{"rendered":"Rede municipal de Sa\u00fade Mental refor\u00e7a a\u00e7\u00f5es de conscientiza\u00e7\u00e3o durante o Setembro Amarelo"},"content":{"rendered":"<div>\n<div>\n<figure><img decoding=\"async\" src=\"http:\/\/noticiasbahia360.com.br\/wp-content\/uploads\/2026\/09\/setembro-amarelo.jpg\" alt=\"setembro-amarelo\"><figcaption>Foto: Magnific<\/figcaption><\/figure>\n<\/div>\n<p class=\"wp-block-paragraph\">Durante o m\u00eas de setembro, a Secretaria Municipal de Sa\u00fade (SMS) intensifica as a\u00e7\u00f5es de conscientiza\u00e7\u00e3o sobre a preven\u00e7\u00e3o do suic\u00eddio e, principalmente, de valoriza\u00e7\u00e3o da vida. Com o tema \u201cOnde Existe Escuta, Existe Caminho\u201d, a Rede de Aten\u00e7\u00e3o \u00e0 Sa\u00fade est\u00e1 mobilizada para fortalecer o acolhimento, a escuta qualificada e o cuidado com a sa\u00fade mental da popula\u00e7\u00e3o.<\/p>\n<p class=\"wp-block-paragraph\">De acordo com a refer\u00eancia t\u00e9cnica em Sa\u00fade Mental, Cristiane Bastos, a campanha amplia o olhar para al\u00e9m da preven\u00e7\u00e3o do suic\u00eddio, com foco no acolhimento sem julgamentos e na escuta emp\u00e1tica.<\/p>\n<p class=\"wp-block-paragraph\">\u201cQuando falamos em Setembro Amarelo, propomos uma reflex\u00e3o sobre a valoriza\u00e7\u00e3o da vida. Neste m\u00eas, vamos trabalhar o acolhimento e a escuta qualificada em todas as nossas unidades de sa\u00fade e em toda a rede de aten\u00e7\u00e3o\u201d, afirma.<\/p>\n<p class=\"wp-block-paragraph\">Ao longo do m\u00eas, os servi\u00e7os municipais desenvolvem atividades de promo\u00e7\u00e3o da sa\u00fade mental, como rodas de conversa, salas de espera, murais participativos e outras iniciativas voltadas aos usu\u00e1rios.<\/p>\n<p class=\"wp-block-paragraph\">\u201cO cuidado com a sa\u00fade mental n\u00e3o se restringe ao m\u00eas de setembro. Embora o per\u00edodo represente um momento de maior mobiliza\u00e7\u00e3o, a escuta e o acolhimento fazem parte do processo de trabalho cotidiano dos profissionais da rede municipal de sa\u00fade\u201d, acrescenta a refer\u00eancia t\u00e9cnica.<\/p>\n<p class=\"wp-block-paragraph\">Cristiane Bastos explica ainda que a sa\u00fade mental \u00e9 transversal \u00e0s diferentes \u00e1reas da assist\u00eancia. Por isso, o acolhimento deve considerar n\u00e3o apenas os sintomas f\u00edsicos apresentados pelo usu\u00e1rio, mas tamb\u00e9m os aspectos emocionais e sociais envolvidos no processo de adoecimento.<\/p>\n<h2 id=\"h-rede-de-saude-mental\" class=\"wp-block-heading\">Rede de Sa\u00fade Mental<\/h2>\n<p class=\"wp-block-paragraph\">A rede municipal disp\u00f5e de cinco Centros de Aten\u00e7\u00e3o Psicossocial (Caps). Na Aten\u00e7\u00e3o Prim\u00e1ria \u00e0 Sa\u00fade, o atendimento aos usu\u00e1rios \u00e9 realizado pelas 21 equipes eMulti, que contam com psic\u00f3logos entre os profissionais.<\/p>\n<p class=\"wp-block-paragraph\">A atua\u00e7\u00e3o integrada dos servi\u00e7os contribui para ampliar o acesso ao cuidado em sa\u00fade mental, fortalecer o acompanhamento dos usu\u00e1rios e garantir os encaminhamentos necess\u00e1rios conforme as demandas apresentadas.<\/p>\n<p class=\"wp-block-paragraph\"><em>As informa\u00e7\u00f5es s\u00e3o da Secretaria Municipal de Comunica\u00e7\u00e3o Social (Secom).<\/em><\/p>\n<p class=\"wp-block-paragraph\"><em>Siga o Acorda Cidade no<\/em><a href=\"https:\/\/news.google.com\/search?q=acorda%20cidade&amp;hl=pt-BR&amp;gl=BR&amp;ceid=BR%3Apt-419\"><strong><em>\u00a0Google Not\u00edcias<\/em><\/strong><\/a><em>\u00a0e receba os principais destaques do dia. Participe tamb\u00e9m dos nossos canais no\u00a0<\/em><a href=\"https:\/\/www.whatsapp.com\/channel\/0029Va6Rb4v3WHTNnsh8WI3N\"><strong><em>WhatsApp<\/em><\/strong><\/a><em>\u00a0e\u00a0<\/em><a href=\"https:\/\/www.youtube.com\/@acordacidadenoticias\/videos\"><strong>YouTube<\/strong><\/a><em>\u00a0e grupo de\u00a0<\/em><a href=\"https:\/\/t.me\/+sSz0khrgARA0ZmRh\"><strong><em>Telegram<\/em><\/strong><\/a><em>.<\/em><\/p>\n<\/div>\n","protected":false},"excerpt":{"rendered":"<p>Foto: Magnific Durante o m\u00eas de setembro, a Secretaria Municipal de Sa\u00fade (SMS) intensifica as<\/p>\n","protected":false},"author":1,"featured_media":148841,"comment_status":"closed","ping_status":"closed","sticky":false,"template":"","format":"gallery","meta":{"footnotes":""},"categories":[8,9,6,57,56,10],"tags":[],"class_list":["post-148840","post","type-post","status-publish","format-gallery","has-post-thumbnail","hentry","category-bahia","category-brasil","category-feira-de-santana","category-mundo","category-policia","category-politica","post_format-post-format-gallery"],"featured_image_urls":{"full":["https:\/\/noticiasbahia360.com.br\/wp-content\/uploads\/2026\/09\/setembro-amarelo.jpg",1200,797,false],"thumbnail":["https:\/\/noticiasbahia360.com.br\/wp-content\/uploads\/2026\/09\/setembro-amarelo-150x150.jpg",150,150,true],"medium":["https:\/\/noticiasbahia360.com.br\/wp-content\/uploads\/2026\/09\/setembro-amarelo-300x199.jpg",300,199,true],"medium_large":["https:\/\/noticiasbahia360.com.br\/wp-content\/uploads\/2026\/09\/setembro-amarelo-768x510.jpg",640,425,true],"large":["https:\/\/noticiasbahia360.com.br\/wp-content\/uploads\/2026\/09\/setembro-amarelo-1024x680.jpg",640,425,true],"1536x1536":["https:\/\/noticiasbahia360.com.br\/wp-content\/uploads\/2026\/09\/setembro-amarelo.jpg",1200,797,false],"2048x2048":["https:\/\/noticiasbahia360.com.br\/wp-content\/uploads\/2026\/09\/setembro-amarelo.jpg",1200,797,false],"chromenews-featured":["https:\/\/noticiasbahia360.com.br\/wp-content\/uploads\/2026\/09\/setembro-amarelo-1024x680.jpg",1024,680,true],"chromenews-large":["https:\/\/noticiasbahia360.com.br\/wp-content\/uploads\/2026\/09\/setembro-amarelo-825x575.jpg",825,575,true],"chromenews-medium":["https:\/\/noticiasbahia360.com.br\/wp-content\/uploads\/2026\/09\/setembro-amarelo-590x410.jpg",590,410,true]},"author_info":{"display_name":"noticiasbahia360.com.br","author_link":"https:\/\/noticiasbahia360.com.br\/?author=1"},"category_info":"<a href=\"https:\/\/noticiasbahia360.com.br\/?cat=8\" rel=\"category\">Bahia<\/a> <a href=\"https:\/\/noticiasbahia360.com.br\/?cat=9\" rel=\"category\">Brasil<\/a> <a href=\"https:\/\/noticiasbahia360.com.br\/?cat=6\" rel=\"category\">Feira de Santana<\/a> <a href=\"https:\/\/noticiasbahia360.com.br\/?cat=57\" rel=\"category\">Mundo<\/a> <a href=\"https:\/\/noticiasbahia360.com.br\/?cat=56\" rel=\"category\">Pol\u00edcia<\/a> <a href=\"https:\/\/noticiasbahia360.com.br\/?cat=10\" rel=\"category\">Pol\u00edtica<\/a>","tag_info":"Pol\u00edtica","comment_count":"0","_links":{"self":[{"href":"https:\/\/noticiasbahia360.com.br\/index.php?rest_route=\/wp\/v2\/posts\/148840","targetHints":{"allow":["GET"]}}],"collection":[{"href":"https:\/\/noticiasbahia360.com.br\/index.php?rest_route=\/wp\/v2\/posts"}],"about":[{"href":"https:\/\/noticiasbahia360.com.br\/index.php?rest_route=\/wp\/v2\/types\/post"}],"author":[{"embeddable":true,"href":"https:\/\/noticiasbahia360.com.br\/index.php?rest_route=\/wp\/v2\/users\/1"}],"replies":[{"embeddable":true,"href":"https:\/\/noticiasbahia360.com.br\/index.php?rest_route=%2Fwp%2Fv2%2Fcomments&post=148840"}],"version-history":[{"count":0,"href":"https:\/\/noticiasbahia360.com.br\/index.php?rest_route=\/wp\/v2\/posts\/148840\/revisions"}],"wp:featuredmedia":[{"embeddable":true,"href":"https:\/\/noticiasbahia360.com.br\/index.php?rest_route=\/wp\/v2\/media\/148841"}],"wp:attachment":[{"href":"https:\/\/noticiasbahia360.com.br\/index.php?rest_route=%2Fwp%2Fv2%2Fmedia&parent=148840"}],"wp:term":[{"taxonomy":"category","embeddable":true,"href":"https:\/\/noticiasbahia360.com.br\/index.php?rest_route=%2Fwp%2Fv2%2Fcategories&post=148840"},{"taxonomy":"post_tag","embeddable":true,"href":"https:\/\/noticiasbahia360.com.br\/index.php?rest_route=%2Fwp%2Fv2%2Ftags&post=148840"}],"curies":[{"name":"wp","href":"https:\/\/api.w.org\/{rel}","templated":true}]}}