{"id":148842,"date":"2026-09-04T12:00:42","date_gmt":"2026-09-04T15:00:42","guid":{"rendered":"https:\/\/noticiasbahia360.com.br\/?p=148842"},"modified":"2026-09-04T12:00:42","modified_gmt":"2026-09-04T15:00:42","slug":"aviao-com-cantora-sertaneja-faz-pouso-de-emergencia-em-goiania","status":"publish","type":"post","link":"https:\/\/noticiasbahia360.com.br\/?p=148842","title":{"rendered":"Avi\u00e3o com cantora sertaneja faz pouso de emerg\u00eancia em Goi\u00e2nia"},"content":{"rendered":"<div>\n<div>\n<figure><img decoding=\"async\" src=\"http:\/\/noticiasbahia360.com.br\/wp-content\/uploads\/2026\/09\/Mariana-Fagundes-Foto-Reproducao-Redes-Sociais-2-040926.jpg\" alt=\"Mariana Fagundes\"><figcaption>Mariana Fagundes | Foto: Reprodu\u00e7\u00e3o\/ Redes Sociais <\/figcaption><\/figure>\n<\/div>\n<p class=\"wp-block-paragraph\">A cantora sertaneja Mariana Fagundes passou por um susto na \u00faltima quinta-feira (4). O avi\u00e3o que transportava a artista precisou fazer um pouso de emerg\u00eancia em Goi\u00e2nia. A informa\u00e7\u00e3o foi compartilhada nas redes sociais.<\/p>\n<p class=\"wp-block-paragraph\">Segundo o relato da sertaneja, que est\u00e1 gr\u00e1vida do seu primeiro filho, a aeronave apresentou um s\u00e9rio problema no gerador durante o voo. Ela havia realizado um show em Cana\u00e3 dos Caraj\u00e1s, no Par\u00e1, e seguia para o Rio de Janeiro.<\/p>\n<p class=\"wp-block-paragraph\">\u201cAcabamos o show e entramos no avi\u00e3o, rumo ao Rio. Acredita que tivemos um probleminha no avi\u00e3o, parou o gerador\u201d, detalhou Mariana Fagundes, famosa pela interpreta\u00e7\u00e3o do hit \u2018Pe\u00e3o Todo Tatuado\u2019, ao lado do cantor Jeninho.<\/p>\n<p class=\"wp-block-paragraph\"><strong>Assista ao clipe da m\u00fasica:<\/strong><\/p>\n<figure class=\"wp-block-embed is-type-video is-provider-youtube wp-block-embed-youtube wp-embed-aspect-16-9 wp-has-aspect-ratio\">\n<div class=\"wp-block-embed__wrapper\">\n<iframe title=\"Pe\u00e3o Todo Tatuado - Jeninho, Mariana Fagundes (Abacaxi Pegou Pre\u00e7o Ao Vivo em Goi\u00e2nia)\" width=\"500\" height=\"281\" src=\"https:\/\/www.youtube.com\/embed\/2yreX_ZCfgM?feature=oembed\" frameborder=\"0\" allow=\"accelerometer; autoplay; clipboard-write; encrypted-media; gyroscope; picture-in-picture; web-share\" referrerpolicy=\"strict-origin-when-cross-origin\" allowfullscreen><\/iframe>\n<\/div>\n<\/figure>\n<p class=\"wp-block-paragraph\">Em Goi\u00e2nia, a cantora sertaneja e sua equipe trocaram de aeronave e embarcaram para o Rio de Janeiro, onde cumpriram compromissos profissionais. \u201cTudo certo, gra\u00e7as a Deus. A gente grava dois programas l\u00e1\u201d.<\/p>\n<p class=\"wp-block-paragraph\">Logo ap\u00f3s as grava\u00e7\u00f5es, uma delas no programa Doming\u00e3o com Huck, a TV Globo, Mariana Fagundes seguiu de avi\u00e3o para Tocantins, onde fez mais um show.<\/p>\n<figure class=\"wp-block-image size-full\"><img fetchpriority=\"high\" fetchpriority=\"high\" decoding=\"async\" width=\"1200\" height=\"914\" src=\"http:\/\/noticiasbahia360.com.br\/wp-content\/uploads\/2026\/09\/Mariana-Fagundes-Foto-Reproducao-Redes-Sociais-040926.jpg\" alt=\"Mariana Fagundes\" class=\"wp-image-687998\" srcset=\"http:\/\/noticiasbahia360.com.br\/wp-content\/uploads\/2026\/09\/Mariana-Fagundes-Foto-Reproducao-Redes-Sociais-040926.jpg 1200w, https:\/\/uploads.acordacidade.com.br\/2026\/09\/Mariana-Fagundes-Foto-Reproducao-Redes-Sociais-040926-750x571.jpg 750w, https:\/\/uploads.acordacidade.com.br\/2026\/09\/Mariana-Fagundes-Foto-Reproducao-Redes-Sociais-040926-1000x762.jpg 1000w, https:\/\/uploads.acordacidade.com.br\/2026\/09\/Mariana-Fagundes-Foto-Reproducao-Redes-Sociais-040926-450x343.jpg 450w, https:\/\/uploads.acordacidade.com.br\/2026\/09\/Mariana-Fagundes-Foto-Reproducao-Redes-Sociais-040926-150x114.jpg 150w\" sizes=\"(max-width: 1200px) 100vw, 1200px\"><figcaption class=\"wp-element-caption\">Mariana Fagundes | Foto: Reprodu\u00e7\u00e3o\/ Redes Sociais <\/figcaption><\/figure>\n<p class=\"wp-block-paragraph\"><em>Siga o Acorda Cidade no\u00a0<\/em><a href=\"https:\/\/news.google.com\/search?q=acorda%20cidade&amp;hl=pt-BR&amp;gl=BR&amp;ceid=BR%3Apt-419\"><strong><em>Google Not\u00edcias<\/em><\/strong><\/a><em>\u00a0e receba os principais destaques do dia. Participe tamb\u00e9m dos nossos canais no\u00a0<\/em><a href=\"https:\/\/whatsapp.com\/channel\/0029Va6Rb4v3WHTNnsh8WI3N\"><strong><em>WhatsApp<\/em><\/strong><\/a><em>\u00a0e\u00a0<\/em><a href=\"https:\/\/www.youtube.com\/@acordacidadenoticias\/videos\"><strong>YouTube<\/strong><\/a><em>\u00a0e do grupo no\u00a0<\/em><a href=\"https:\/\/t.me\/+sSz0khrgARA0ZmRh\"><strong><em>Telegram<\/em><\/strong><\/a><em>.<\/em><\/p>\n<\/div>\n","protected":false},"excerpt":{"rendered":"<p>Mariana Fagundes | Foto: Reprodu\u00e7\u00e3o\/ Redes Sociais A cantora sertaneja Mariana Fagundes passou por um<\/p>\n","protected":false},"author":1,"featured_media":148843,"comment_status":"closed","ping_status":"closed","sticky":false,"template":"","format":"gallery","meta":{"footnotes":""},"categories":[8,9,6,57,56,10],"tags":[],"class_list":["post-148842","post","type-post","status-publish","format-gallery","has-post-thumbnail","hentry","category-bahia","category-brasil","category-feira-de-santana","category-mundo","category-policia","category-politica","post_format-post-format-gallery"],"featured_image_urls":{"full":["https:\/\/noticiasbahia360.com.br\/wp-content\/uploads\/2026\/09\/Mariana-Fagundes-Foto-Reproducao-Redes-Sociais-2-040926.jpg",1250,703,false],"thumbnail":["https:\/\/noticiasbahia360.com.br\/wp-content\/uploads\/2026\/09\/Mariana-Fagundes-Foto-Reproducao-Redes-Sociais-2-040926-150x150.jpg",150,150,true],"medium":["https:\/\/noticiasbahia360.com.br\/wp-content\/uploads\/2026\/09\/Mariana-Fagundes-Foto-Reproducao-Redes-Sociais-2-040926-300x169.jpg",300,169,true],"medium_large":["https:\/\/noticiasbahia360.com.br\/wp-content\/uploads\/2026\/09\/Mariana-Fagundes-Foto-Reproducao-Redes-Sociais-2-040926-768x432.jpg",640,360,true],"large":["https:\/\/noticiasbahia360.com.br\/wp-content\/uploads\/2026\/09\/Mariana-Fagundes-Foto-Reproducao-Redes-Sociais-2-040926-1024x576.jpg",640,360,true],"1536x1536":["https:\/\/noticiasbahia360.com.br\/wp-content\/uploads\/2026\/09\/Mariana-Fagundes-Foto-Reproducao-Redes-Sociais-2-040926.jpg",1250,703,false],"2048x2048":["https:\/\/noticiasbahia360.com.br\/wp-content\/uploads\/2026\/09\/Mariana-Fagundes-Foto-Reproducao-Redes-Sociais-2-040926.jpg",1250,703,false],"chromenews-featured":["https:\/\/noticiasbahia360.com.br\/wp-content\/uploads\/2026\/09\/Mariana-Fagundes-Foto-Reproducao-Redes-Sociais-2-040926-1024x576.jpg",1024,576,true],"chromenews-large":["https:\/\/noticiasbahia360.com.br\/wp-content\/uploads\/2026\/09\/Mariana-Fagundes-Foto-Reproducao-Redes-Sociais-2-040926-825x575.jpg",825,575,true],"chromenews-medium":["https:\/\/noticiasbahia360.com.br\/wp-content\/uploads\/2026\/09\/Mariana-Fagundes-Foto-Reproducao-Redes-Sociais-2-040926-590x410.jpg",590,410,true]},"author_info":{"display_name":"noticiasbahia360.com.br","author_link":"https:\/\/noticiasbahia360.com.br\/?author=1"},"category_info":"<a href=\"https:\/\/noticiasbahia360.com.br\/?cat=8\" rel=\"category\">Bahia<\/a> <a href=\"https:\/\/noticiasbahia360.com.br\/?cat=9\" rel=\"category\">Brasil<\/a> <a href=\"https:\/\/noticiasbahia360.com.br\/?cat=6\" rel=\"category\">Feira de Santana<\/a> <a href=\"https:\/\/noticiasbahia360.com.br\/?cat=57\" rel=\"category\">Mundo<\/a> <a href=\"https:\/\/noticiasbahia360.com.br\/?cat=56\" rel=\"category\">Pol\u00edcia<\/a> <a href=\"https:\/\/noticiasbahia360.com.br\/?cat=10\" rel=\"category\">Pol\u00edtica<\/a>","tag_info":"Pol\u00edtica","comment_count":"0","_links":{"self":[{"href":"https:\/\/noticiasbahia360.com.br\/index.php?rest_route=\/wp\/v2\/posts\/148842","targetHints":{"allow":["GET"]}}],"collection":[{"href":"https:\/\/noticiasbahia360.com.br\/index.php?rest_route=\/wp\/v2\/posts"}],"about":[{"href":"https:\/\/noticiasbahia360.com.br\/index.php?rest_route=\/wp\/v2\/types\/post"}],"author":[{"embeddable":true,"href":"https:\/\/noticiasbahia360.com.br\/index.php?rest_route=\/wp\/v2\/users\/1"}],"replies":[{"embeddable":true,"href":"https:\/\/noticiasbahia360.com.br\/index.php?rest_route=%2Fwp%2Fv2%2Fcomments&post=148842"}],"version-history":[{"count":0,"href":"https:\/\/noticiasbahia360.com.br\/index.php?rest_route=\/wp\/v2\/posts\/148842\/revisions"}],"wp:featuredmedia":[{"embeddable":true,"href":"https:\/\/noticiasbahia360.com.br\/index.php?rest_route=\/wp\/v2\/media\/148843"}],"wp:attachment":[{"href":"https:\/\/noticiasbahia360.com.br\/index.php?rest_route=%2Fwp%2Fv2%2Fmedia&parent=148842"}],"wp:term":[{"taxonomy":"category","embeddable":true,"href":"https:\/\/noticiasbahia360.com.br\/index.php?rest_route=%2Fwp%2Fv2%2Fcategories&post=148842"},{"taxonomy":"post_tag","embeddable":true,"href":"https:\/\/noticiasbahia360.com.br\/index.php?rest_route=%2Fwp%2Fv2%2Ftags&post=148842"}],"curies":[{"name":"wp","href":"https:\/\/api.w.org\/{rel}","templated":true}]}}