{"id":148845,"date":"2026-09-04T12:00:44","date_gmt":"2026-09-04T15:00:44","guid":{"rendered":"https:\/\/noticiasbahia360.com.br\/?p=148845"},"modified":"2026-09-04T12:00:44","modified_gmt":"2026-09-04T15:00:44","slug":"cerca-de-2-milhoes-de-pessoas-trabalharam-por-meio-de-aplicativos-no-brasil-em-2025","status":"publish","type":"post","link":"https:\/\/noticiasbahia360.com.br\/?p=148845","title":{"rendered":"Cerca de 2 milh\u00f5es de pessoas trabalharam por meio de aplicativos no Brasil em 2025"},"content":{"rendered":"<div>\n<div>\n<figure><img decoding=\"async\" src=\"http:\/\/noticiasbahia360.com.br\/wp-content\/uploads\/2026\/09\/trabalho-por-aplicativo.jpg\" alt=\"trabalho por aplicativo\"><figcaption>Foto: Paulo Pinto\/Ag\u00eancia Brasil<\/figcaption><\/figure>\n<\/div>\n<p class=\"wp-block-paragraph\">Ag\u00eancia Brasil \u2013 Cerca de 2 milh\u00f5es de pessoas trabalharam por meio de aplicativos (apps) no pa\u00eds em 2025. A imensa maioria deles por conta pr\u00f3pria, com jornadas semanais mais longas que os demais ocupados no setor privado e ganhando menos por hora trabalhada.<\/p>\n<p class=\"wp-block-paragraph\">A constata\u00e7\u00e3o faz parte de uma edi\u00e7\u00e3o sobre trabalho por meio de plataformas digitais da Pesquisa Nacional por Amostra de Domic\u00edlios (Pnad) Cont\u00ednua, divulgada nesta sexta-feira (4) pelo Instituto Brasileiro de Geografia e Estat\u00edstica (IBGE).<\/p>\n<p class=\"wp-block-paragraph\">O IBGE buscou informa\u00e7\u00f5es de pessoas com 14 anos ou mais que utilizam os aplicativos para realizar servi\u00e7os de transporte e entregas. O instituto classifica esses trabalhadores como \u201cplataformizados\u201d.<\/p>\n<p class=\"wp-block-paragraph\">A pesquisa revela que o contingente de 1,959 milh\u00e3o de trabalhadores por apps representavam 1,9% do total de ocupados no pa\u00eds.<\/p>\n<p class=\"wp-block-paragraph\">Cerca de 1,2 milh\u00e3o de trabalhadores plataformizados utilizam apps de transporte de passageiros. Isso representa praticamente seis em cada dez plataformizados (58,9%).<\/p>\n<p class=\"wp-block-paragraph\">Desses, 1,1 milh\u00e3o utilizam as plataformas como Uber e 99, enquanto 232 mil utilizam apps de t\u00e1xi exclusivamente.<\/p>\n<p class=\"wp-block-paragraph\">Um em cada cinco (19,2%) dos plataformizados tinha ocupa\u00e7\u00e3o como entregadores de apps de comida, produtos, etc. Eram 376 mil pessoas que faziam entregas para plataformas como Rappi, iFood, Z\u00e9 Delivery, entre outros.<\/p>\n<p class=\"wp-block-paragraph\">O IBGE mapeou ainda a categoria apps de presta\u00e7\u00e3o de servi\u00e7os gerais ou profissionais, que inclui profiss\u00f5es como designers, tradutores e at\u00e9 telemedicina, quando o m\u00e9dico usa a plataforma digital para captar pacientes e realizar consultas, por exemplo. Em 2025 eram 313 mil pessoas nessa categoria (16% dos plataformizados).<\/p>\n<p class=\"wp-block-paragraph\">A Pnad revela que a atividade econ\u00f4mica classificada como transporte, armazenagem e correios \u00e9 a que tem maior participa\u00e7\u00e3o de plataformizados, 75%. Ou seja, de cada quatro trabalhadores desse setor, tr\u00eas utilizam os apps.<\/p>\n<h2 id=\"h-aumento-ao-longo-dos-anos\" class=\"wp-block-heading\">Aumento ao longo dos anos<\/h2>\n<p class=\"wp-block-paragraph\">O IBGE detalha que a Pnad sobre trabalho por plataforma ainda \u00e9 experimental, ou seja, em fase de teste e sob avalia\u00e7\u00e3o. O levantamento j\u00e1 foi realizado em 2022 e 2024.<\/p>\n<p class=\"wp-block-paragraph\">Diferentemente de 2025, as edi\u00e7\u00f5es anteriores buscaram informa\u00e7\u00e3o apenas dos trabalhadores que tinham os apps como ocupa\u00e7\u00e3o principal, ou seja, a pesquisa deixou de fora aquelas que usavam os aplicativos como renda complementar. Por isso, o n\u00famero de 2 milh\u00f5es de plataformizados em 2025 n\u00e3o pode ser comparado com anos anteriores.<\/p>\n<p class=\"wp-block-paragraph\">Ao se levar em considera\u00e7\u00e3o apenas os trabalhadores que tinham nos apps a ocupa\u00e7\u00e3o principal, o n\u00famero de 2025 chega a 1,8 milh\u00e3o. Esse dado pode ser comparado com as Pnad anteriores.<\/p>\n<h2 id=\"h-trabalhadores-que-tinham-os-apps-como-ocupacao-principal\" class=\"wp-block-heading\">Trabalhadores que tinham os apps como ocupa\u00e7\u00e3o principal:<\/h2>\n<p class=\"wp-block-paragraph\">2022: 1,3 milh\u00e3o<br \/>2024: 1,7 milh\u00e3o<br \/>2025: 1,8 milh\u00e3o<\/p>\n<p class=\"wp-block-paragraph\">Dessa forma, o n\u00famero representa um crescimento de 9,1% em um ano e 36,8% em tr\u00eas anos.<\/p>\n<p class=\"wp-block-paragraph\">Comparando apenas 2024 e 2025, o n\u00famero de entregadores de app cresceu 18,6%. Foi a \u00fanica ocupa\u00e7\u00e3o que teve varia\u00e7\u00e3o na casa de dois d\u00edgitos.<\/p>\n<h2 id=\"h-motivacao\" class=\"wp-block-heading\">Motiva\u00e7\u00e3o<\/h2>\n<p class=\"wp-block-paragraph\">Em 2025, de cada 100 pessoas que tinham nos apps a ocupa\u00e7\u00e3o principal, 84,4 eram do sexo masculino. Em rela\u00e7\u00e3o \u00e0 idade, 47% tinham de 25 a 39 anos.<\/p>\n<p class=\"wp-block-paragraph\">Ao realizar as entrevistas, o IBGE procurou saber o motivo principal que levou as pessoas a trabalharem por meio das plataformas.<\/p>\n<p class=\"wp-block-paragraph\">Especificamente entre os que atuam com apps de transporte (exceto t\u00e1xi) e entregadores, o motivo principal foi n\u00e3o conseguir encontrar outro trabalho. As outra motiva\u00e7\u00f5es apontadas foram flexibilidade e rendimento maior do que em outros trabalhos dispon\u00edveis.<\/p>\n<h2 id=\"h-jornadas-mais-longas\" class=\"wp-block-heading\">Jornadas mais longas<\/h2>\n<p class=\"wp-block-paragraph\">Em 2025, o rendimento m\u00e9dio mensal do trabalho principal do plataformizados foi de R$ 3.147, mesmo patamar dos n\u00e3o plataformizados (R$ 3,148).<\/p>\n<p class=\"wp-block-paragraph\">Esses valores representaram aumento real (j\u00e1 descontada a infla\u00e7\u00e3o) de 4,1% para os n\u00e3o plataformizados e estabilidade para os plataformizados, que ganhavam R$ 3.151 em 2024.<\/p>\n<p class=\"wp-block-paragraph\">O IBGE explica que os valores s\u00e3o exatamente o que \u00e9 \u201cretirado\u201d pelos plataformizados, ou seja, o saldo ap\u00f3s o motorista pagar custos com gasolina para o carro, por exemplo.<\/p>\n<p class=\"wp-block-paragraph\">Os trabalhadores por aplicativo tinham em 2025 jornada semanal de 44,7 horas, superior \u00e0 dos n\u00e3o plataformizados (39,3 horas). S\u00e3o 5,4 horas de diferen\u00e7a.<\/p>\n<p class=\"wp-block-paragraph\">O fato de as duas classes terem rendimentos no mesmo patamar e diferen\u00e7a na jornada faz com que o rendimento-hora m\u00e9dio do trabalhador de app seja menor. Eles recebiam R$ 16,2 por hora, 12% menos que os n\u00e3o plataformizados (R$ 18,4\/hora).<\/p>\n<h2 id=\"h-informalidade\" class=\"wp-block-heading\">Informalidade<\/h2>\n<p class=\"wp-block-paragraph\">A pesquisa mostra que os trabalhadores por app vivenciavam mais a informalidade e tinham menos cobertura previdenci\u00e1ria.<\/p>\n<h3 id=\"h-plataformizados\" class=\"wp-block-heading\">Plataformizados:<\/h3>\n<p class=\"wp-block-paragraph\">72,1% na informalidade<br \/>34% com cobertura previdenci\u00e1ria<\/p>\n<h3 id=\"h-nao-plataformizados\" class=\"wp-block-heading\">N\u00e3o plataformizados:<\/h3>\n<p class=\"wp-block-paragraph\">42,7% na informalidade<br \/>63% com cobertura previdenci\u00e1ria<\/p>\n<p class=\"wp-block-paragraph\">O IBGE considera informais os empregados sem carteira assinada e aut\u00f4nomos sem CNPJ, por exemplo. S\u00e3o pessoas sem a garantia de direitos trabalhistas, como f\u00e9rias e 13\u00ba sal\u00e1rio.<\/p>\n<p class=\"wp-block-paragraph\">J\u00e1 ao contribuir para institutos de previd\u00eancia, o trabalhador adquire garantias, como aposentadoria, benef\u00edcio por incapacidade e pens\u00e3o por morte.<\/p>\n<h2 id=\"h-conta-propria-mas-dependente\" class=\"wp-block-heading\">Conta pr\u00f3pria, mas dependente<\/h2>\n<p class=\"wp-block-paragraph\">Aproximadamente 1,6 mil de pessoas ocupadas por aplicativos se declararam trabalhadores por conta pr\u00f3pria. Essa marca representa 86,8% do total de plataformizados. Na economia como um todo, os conta pr\u00f3pria s\u00e3o 28,9% dos ocupados no setor privado.<\/p>\n<p class=\"wp-block-paragraph\">Apesar de trabalharem por iniciativa pr\u00f3pria, o IBGE ressalta que \u201ch\u00e1 evid\u00eancias de certo grau de depend\u00eancia da maior parte desses trabalhadores em rela\u00e7\u00e3o \u00e0s plataformas\u201d.<\/p>\n<p class=\"wp-block-paragraph\">Entre os que trabalham com apps de transporte de passageiros (exceto t\u00e1xis), 80,2% afirmam que o valor a ser recebido por cada tarefa depende totalmente das plataformas digitais.<\/p>\n<p class=\"wp-block-paragraph\">Entre os entregadores, 78,3% disseram que dependem totalmente. J\u00e1 65,9% responderam que o prazo para realiza\u00e7\u00e3o da tarefa depende dos apps, e 71,3% afirmaram que a forma de recebimento do pagamento \u00e9 decidida pela plataforma.<\/p>\n<p class=\"wp-block-paragraph\">O analista da pesquisa, Gustavo Geaquinto Fontes, aponta que esses trabalhadores t\u00eam uma situa\u00e7\u00e3o \u201cdiferente de um conta pr\u00f3pria tradicional\u201d.<\/p>\n<p class=\"wp-block-paragraph\">\u201cApesar de essa pessoa n\u00e3o ter um v\u00ednculo formal com a plataforma, ele, na verdade, tem uma depend\u00eancia em v\u00e1rios aspectos em rela\u00e7\u00e3o \u00e0 empresa que controla a plataforma digital\u201d.<\/p>\n<h2 id=\"h-uberizacao\" class=\"wp-block-heading\">Uberiza\u00e7\u00e3o<\/h2>\n<p class=\"wp-block-paragraph\">A divulga\u00e7\u00e3o do IBGE acontece cerca de uma semana depois de o Supremo Tribunal Federal (STF) adiar a retomada do julgamento sobre a chamada \u201cuberiza\u00e7\u00e3o\u201d.<\/p>\n<p class=\"wp-block-paragraph\">Representante de categorias que trabalham para aplicativos, como motoristas, buscam o reconhecimento de v\u00ednculo empregat\u00edcio com as plataformas digitais para evitar o que consideram precariza\u00e7\u00e3o do trabalho, alega\u00e7\u00e3o que as principais empresas do setor discordam.<\/p>\n<p class=\"wp-block-paragraph\">Um parecer da Procuradoria-Geral da Rep\u00fablica (PGR) defende que o STF n\u00e3o reconhe\u00e7a o v\u00ednculo.<\/p>\n<p class=\"wp-block-paragraph\"><em>Siga o Acorda Cidade no<\/em><a href=\"https:\/\/news.google.com\/search?q=acorda%20cidade&amp;hl=pt-BR&amp;gl=BR&amp;ceid=BR%3Apt-419\"><strong><em>\u00a0Google Not\u00edcias<\/em><\/strong><\/a><em>\u00a0e receba os principais destaques do dia. Participe tamb\u00e9m dos nossos canais no\u00a0<\/em><a href=\"https:\/\/www.whatsapp.com\/channel\/0029Va6Rb4v3WHTNnsh8WI3N\"><strong><em>WhatsApp<\/em><\/strong><\/a><em>\u00a0e\u00a0<\/em><a href=\"https:\/\/www.youtube.com\/@acordacidadenoticias\/videos\"><strong>YouTube<\/strong><\/a><em>\u00a0e grupo de\u00a0<\/em><a href=\"https:\/\/t.me\/+sSz0khrgARA0ZmRh\"><strong><em>Telegram<\/em><\/strong><\/a><em>.<\/em><\/p>\n<\/div>\n","protected":false},"excerpt":{"rendered":"<p>Foto: Paulo Pinto\/Ag\u00eancia Brasil Ag\u00eancia Brasil \u2013 Cerca de 2 milh\u00f5es de pessoas trabalharam por<\/p>\n","protected":false},"author":1,"featured_media":148846,"comment_status":"closed","ping_status":"closed","sticky":false,"template":"","format":"gallery","meta":{"footnotes":""},"categories":[8,9,6,57,56,10],"tags":[],"class_list":["post-148845","post","type-post","status-publish","format-gallery","has-post-thumbnail","hentry","category-bahia","category-brasil","category-feira-de-santana","category-mundo","category-policia","category-politica","post_format-post-format-gallery"],"featured_image_urls":{"full":["https:\/\/noticiasbahia360.com.br\/wp-content\/uploads\/2026\/09\/trabalho-por-aplicativo.jpg",1200,801,false],"thumbnail":["https:\/\/noticiasbahia360.com.br\/wp-content\/uploads\/2026\/09\/trabalho-por-aplicativo-150x150.jpg",150,150,true],"medium":["https:\/\/noticiasbahia360.com.br\/wp-content\/uploads\/2026\/09\/trabalho-por-aplicativo-300x200.jpg",300,200,true],"medium_large":["https:\/\/noticiasbahia360.com.br\/wp-content\/uploads\/2026\/09\/trabalho-por-aplicativo-768x513.jpg",640,428,true],"large":["https:\/\/noticiasbahia360.com.br\/wp-content\/uploads\/2026\/09\/trabalho-por-aplicativo-1024x684.jpg",640,428,true],"1536x1536":["https:\/\/noticiasbahia360.com.br\/wp-content\/uploads\/2026\/09\/trabalho-por-aplicativo.jpg",1200,801,false],"2048x2048":["https:\/\/noticiasbahia360.com.br\/wp-content\/uploads\/2026\/09\/trabalho-por-aplicativo.jpg",1200,801,false],"chromenews-featured":["https:\/\/noticiasbahia360.com.br\/wp-content\/uploads\/2026\/09\/trabalho-por-aplicativo-1024x684.jpg",1024,684,true],"chromenews-large":["https:\/\/noticiasbahia360.com.br\/wp-content\/uploads\/2026\/09\/trabalho-por-aplicativo-825x575.jpg",825,575,true],"chromenews-medium":["https:\/\/noticiasbahia360.com.br\/wp-content\/uploads\/2026\/09\/trabalho-por-aplicativo-590x410.jpg",590,410,true]},"author_info":{"display_name":"noticiasbahia360.com.br","author_link":"https:\/\/noticiasbahia360.com.br\/?author=1"},"category_info":"<a href=\"https:\/\/noticiasbahia360.com.br\/?cat=8\" rel=\"category\">Bahia<\/a> <a href=\"https:\/\/noticiasbahia360.com.br\/?cat=9\" rel=\"category\">Brasil<\/a> <a href=\"https:\/\/noticiasbahia360.com.br\/?cat=6\" rel=\"category\">Feira de Santana<\/a> <a href=\"https:\/\/noticiasbahia360.com.br\/?cat=57\" rel=\"category\">Mundo<\/a> <a href=\"https:\/\/noticiasbahia360.com.br\/?cat=56\" rel=\"category\">Pol\u00edcia<\/a> <a href=\"https:\/\/noticiasbahia360.com.br\/?cat=10\" rel=\"category\">Pol\u00edtica<\/a>","tag_info":"Pol\u00edtica","comment_count":"0","_links":{"self":[{"href":"https:\/\/noticiasbahia360.com.br\/index.php?rest_route=\/wp\/v2\/posts\/148845","targetHints":{"allow":["GET"]}}],"collection":[{"href":"https:\/\/noticiasbahia360.com.br\/index.php?rest_route=\/wp\/v2\/posts"}],"about":[{"href":"https:\/\/noticiasbahia360.com.br\/index.php?rest_route=\/wp\/v2\/types\/post"}],"author":[{"embeddable":true,"href":"https:\/\/noticiasbahia360.com.br\/index.php?rest_route=\/wp\/v2\/users\/1"}],"replies":[{"embeddable":true,"href":"https:\/\/noticiasbahia360.com.br\/index.php?rest_route=%2Fwp%2Fv2%2Fcomments&post=148845"}],"version-history":[{"count":0,"href":"https:\/\/noticiasbahia360.com.br\/index.php?rest_route=\/wp\/v2\/posts\/148845\/revisions"}],"wp:featuredmedia":[{"embeddable":true,"href":"https:\/\/noticiasbahia360.com.br\/index.php?rest_route=\/wp\/v2\/media\/148846"}],"wp:attachment":[{"href":"https:\/\/noticiasbahia360.com.br\/index.php?rest_route=%2Fwp%2Fv2%2Fmedia&parent=148845"}],"wp:term":[{"taxonomy":"category","embeddable":true,"href":"https:\/\/noticiasbahia360.com.br\/index.php?rest_route=%2Fwp%2Fv2%2Fcategories&post=148845"},{"taxonomy":"post_tag","embeddable":true,"href":"https:\/\/noticiasbahia360.com.br\/index.php?rest_route=%2Fwp%2Fv2%2Ftags&post=148845"}],"curies":[{"name":"wp","href":"https:\/\/api.w.org\/{rel}","templated":true}]}}