{"id":148847,"date":"2026-09-04T13:01:14","date_gmt":"2026-09-04T16:01:14","guid":{"rendered":"https:\/\/noticiasbahia360.com.br\/?p=148847"},"modified":"2026-09-04T13:01:14","modified_gmt":"2026-09-04T16:01:14","slug":"mesmo-preso-e-com-bens-bloqueados-binho-galinha-lanca-vaquinha-virtual-pela-reeleicao","status":"publish","type":"post","link":"https:\/\/noticiasbahia360.com.br\/?p=148847","title":{"rendered":"Mesmo preso e com bens bloqueados, Binho Galinha lan\u00e7a vaquinha virtual pela reelei\u00e7\u00e3o"},"content":{"rendered":"<div>\n<div>\n<figure><img decoding=\"async\" src=\"http:\/\/noticiasbahia360.com.br\/wp-content\/uploads\/2026\/09\/Binho-Galinha.jpg\" alt=\"Binho Galinha\"><figcaption>Foto: Divulga\u00e7\u00e3o<\/figcaption><\/figure>\n<\/div>\n<p class=\"wp-block-paragraph\">Mesmo preso de forma preventiva, no Complexo Penitenci\u00e1rio da Mata Escura, em Salvador, e os bens bloqueados pela Justi\u00e7a, o deputado estadual Kl\u00e9ber Escolano de Almeida, mais conhecido como Binho Galinha (Avante), segue em campanha pela reelei\u00e7\u00e3o e lan\u00e7ou nesta sexta-feira (4) uma vaquinha eleitoral.<\/p>\n<p class=\"wp-block-paragraph\">Nas redes sociais, um perfil ligado ao deputado informa que a vaquinha j\u00e1 est\u00e1 no ar e convoca os eleitores a realizarem suas doa\u00e7\u00f5es por meio de um link nos stories ou atrav\u00e9s de um QR Code colocado na tela.<\/p>\n<p class=\"wp-block-paragraph\">\u201cCada contribui\u00e7\u00e3o fortalece o nosso trabalho pelas periferias e por toda a Bahia. Confira quem pode doar, acesse a plataforma oficial e fa\u00e7a parte dessa caminhada com a gente\u201d, diz a publica\u00e7\u00e3o.<\/p>\n<p class=\"wp-block-paragraph\">O deputado teve seus bens bloqueados e sua candidatura impugnada pela Justi\u00e7a no \u00e2mbito da Opera\u00e7\u00e3o \u00c8l Patron, que foi deflagrada em 2023.<\/p>\n<p class=\"wp-block-paragraph\">De acordo com as investiga\u00e7\u00f5es, Binho Galinha foi apontado como l\u00edder em uma organiza\u00e7\u00e3o criminosa, com atua\u00e7\u00e3o em Feira de Santana e munic\u00edpios da regi\u00e3o, ligada a grupos milicianos, explora\u00e7\u00e3o de jogo do bicho, agiotagem, com\u00e9rcio ilegal de armas e tr\u00e1fico de drogas, entre outros crimes investigados.<\/p>\n<p class=\"wp-block-paragraph\">Na \u00faltima quinta-feira (3), apoiadores do candidato realizaram uma caminhada em Feira de Santana. A mobiliza\u00e7\u00e3o foi intitulada \u2018equipe do BG\u2019.<\/p>\n<h2 id=\"h-leia-mais\" class=\"wp-block-heading\">Leia mais:<\/h2>\n<p class=\"wp-block-paragraph\"><a href=\"https:\/\/www.acordacidade.com.br\/justica\/justica-determina-revogacao-de-prisao-do-deputado-binho-galinha\/\" data-type=\"link\" data-id=\"https:\/\/www.acordacidade.com.br\/justica\/justica-determina-revogacao-de-prisao-do-deputado-binho-galinha\/\">Justi\u00e7a determina revoga\u00e7\u00e3o de pris\u00e3o do deputado Binho Galinha<\/a><\/p>\n<p class=\"wp-block-paragraph\"><a href=\"https:\/\/www.acordacidade.com.br\/justica\/defesa-de-binho-galinha-contesta-impugnacao-de-candidatura-entenda-o-caso\/\">Defesa de Binho Galinha contesta impugna\u00e7\u00e3o de candidatura; entenda o caso<\/a><\/p>\n<p class=\"wp-block-paragraph\"><a href=\"https:\/\/www.acordacidade.com.br\/dilton-e-feito\/justica-nega-pedido-de-provas-e-exige-copias-de-acoes-contra-deputado-binho-galinha\/\">Justi\u00e7a nega pedido de provas e exige c\u00f3pias de a\u00e7\u00f5es contra deputado Binho Galinha<br \/><\/a><a href=\"https:\/\/www.acordacidade.com.br\/justica\/defesa-de-binho-galinha-contesta-impugnacao-de-candidatura-entenda-o-caso\/\"><br \/><\/a><a href=\"https:\/\/www.acordacidade.com.br\/politica\/mesmo-com-bens-bloqueados-pela-justica-binho-galinha-declara-mais-de-r-1-milhao-ao-registrar-candidatura\/\">Mesmo com bens bloqueados pela Justi\u00e7a, Binho Galinha declara mais de R$ 1 milh\u00e3o ao registrar candidatura<\/a><a href=\"https:\/\/www.acordacidade.com.br\/justica\/justica-determina-revogacao-de-prisao-do-deputado-binho-galinha\/\" data-type=\"link\" data-id=\"https:\/\/www.acordacidade.com.br\/justica\/justica-determina-revogacao-de-prisao-do-deputado-binho-galinha\/\"><br \/><\/a><\/p>\n<p class=\"wp-block-paragraph\"><em>Siga o Acorda Cidade no<\/em><a href=\"https:\/\/news.google.com\/search?q=acorda%20cidade&amp;hl=pt-BR&amp;gl=BR&amp;ceid=BR%3Apt-419\"><strong><em>\u00a0Google Not\u00edcias<\/em><\/strong><\/a><em>\u00a0e receba os principais destaques do dia. Participe tamb\u00e9m dos nossos canais no\u00a0<\/em><a href=\"https:\/\/www.whatsapp.com\/channel\/0029Va6Rb4v3WHTNnsh8WI3N\"><strong><em>WhatsApp<\/em><\/strong><\/a><em>\u00a0e\u00a0<\/em><a href=\"https:\/\/www.youtube.com\/@acordacidadenoticias\/videos\"><strong>YouTube<\/strong><\/a><em>\u00a0e grupo de\u00a0<\/em><a href=\"https:\/\/t.me\/+sSz0khrgARA0ZmRh\"><strong><em>Telegram<\/em><\/strong><\/a><em>.<\/em><\/p>\n<\/div>\n","protected":false},"excerpt":{"rendered":"<p>Foto: Divulga\u00e7\u00e3o Mesmo preso de forma preventiva, no Complexo Penitenci\u00e1rio da Mata Escura, em Salvador,<\/p>\n","protected":false},"author":1,"featured_media":148848,"comment_status":"closed","ping_status":"closed","sticky":false,"template":"","format":"gallery","meta":{"footnotes":""},"categories":[8,9,6,57,56,10],"tags":[],"class_list":["post-148847","post","type-post","status-publish","format-gallery","has-post-thumbnail","hentry","category-bahia","category-brasil","category-feira-de-santana","category-mundo","category-policia","category-politica","post_format-post-format-gallery"],"featured_image_urls":{"full":["https:\/\/noticiasbahia360.com.br\/wp-content\/uploads\/2026\/09\/Binho-Galinha.jpg",1200,830,false],"thumbnail":["https:\/\/noticiasbahia360.com.br\/wp-content\/uploads\/2026\/09\/Binho-Galinha-150x150.jpg",150,150,true],"medium":["https:\/\/noticiasbahia360.com.br\/wp-content\/uploads\/2026\/09\/Binho-Galinha-300x208.jpg",300,208,true],"medium_large":["https:\/\/noticiasbahia360.com.br\/wp-content\/uploads\/2026\/09\/Binho-Galinha-768x531.jpg",640,443,true],"large":["https:\/\/noticiasbahia360.com.br\/wp-content\/uploads\/2026\/09\/Binho-Galinha-1024x708.jpg",640,443,true],"1536x1536":["https:\/\/noticiasbahia360.com.br\/wp-content\/uploads\/2026\/09\/Binho-Galinha.jpg",1200,830,false],"2048x2048":["https:\/\/noticiasbahia360.com.br\/wp-content\/uploads\/2026\/09\/Binho-Galinha.jpg",1200,830,false],"chromenews-featured":["https:\/\/noticiasbahia360.com.br\/wp-content\/uploads\/2026\/09\/Binho-Galinha-1024x708.jpg",1024,708,true],"chromenews-large":["https:\/\/noticiasbahia360.com.br\/wp-content\/uploads\/2026\/09\/Binho-Galinha-825x575.jpg",825,575,true],"chromenews-medium":["https:\/\/noticiasbahia360.com.br\/wp-content\/uploads\/2026\/09\/Binho-Galinha-590x410.jpg",590,410,true]},"author_info":{"display_name":"noticiasbahia360.com.br","author_link":"https:\/\/noticiasbahia360.com.br\/?author=1"},"category_info":"<a href=\"https:\/\/noticiasbahia360.com.br\/?cat=8\" rel=\"category\">Bahia<\/a> <a href=\"https:\/\/noticiasbahia360.com.br\/?cat=9\" rel=\"category\">Brasil<\/a> <a href=\"https:\/\/noticiasbahia360.com.br\/?cat=6\" rel=\"category\">Feira de Santana<\/a> <a href=\"https:\/\/noticiasbahia360.com.br\/?cat=57\" rel=\"category\">Mundo<\/a> <a href=\"https:\/\/noticiasbahia360.com.br\/?cat=56\" rel=\"category\">Pol\u00edcia<\/a> <a href=\"https:\/\/noticiasbahia360.com.br\/?cat=10\" rel=\"category\">Pol\u00edtica<\/a>","tag_info":"Pol\u00edtica","comment_count":"0","_links":{"self":[{"href":"https:\/\/noticiasbahia360.com.br\/index.php?rest_route=\/wp\/v2\/posts\/148847","targetHints":{"allow":["GET"]}}],"collection":[{"href":"https:\/\/noticiasbahia360.com.br\/index.php?rest_route=\/wp\/v2\/posts"}],"about":[{"href":"https:\/\/noticiasbahia360.com.br\/index.php?rest_route=\/wp\/v2\/types\/post"}],"author":[{"embeddable":true,"href":"https:\/\/noticiasbahia360.com.br\/index.php?rest_route=\/wp\/v2\/users\/1"}],"replies":[{"embeddable":true,"href":"https:\/\/noticiasbahia360.com.br\/index.php?rest_route=%2Fwp%2Fv2%2Fcomments&post=148847"}],"version-history":[{"count":0,"href":"https:\/\/noticiasbahia360.com.br\/index.php?rest_route=\/wp\/v2\/posts\/148847\/revisions"}],"wp:featuredmedia":[{"embeddable":true,"href":"https:\/\/noticiasbahia360.com.br\/index.php?rest_route=\/wp\/v2\/media\/148848"}],"wp:attachment":[{"href":"https:\/\/noticiasbahia360.com.br\/index.php?rest_route=%2Fwp%2Fv2%2Fmedia&parent=148847"}],"wp:term":[{"taxonomy":"category","embeddable":true,"href":"https:\/\/noticiasbahia360.com.br\/index.php?rest_route=%2Fwp%2Fv2%2Fcategories&post=148847"},{"taxonomy":"post_tag","embeddable":true,"href":"https:\/\/noticiasbahia360.com.br\/index.php?rest_route=%2Fwp%2Fv2%2Ftags&post=148847"}],"curies":[{"name":"wp","href":"https:\/\/api.w.org\/{rel}","templated":true}]}}