{"id":148849,"date":"2026-09-04T13:01:15","date_gmt":"2026-09-04T16:01:15","guid":{"rendered":"https:\/\/noticiasbahia360.com.br\/?p=148849"},"modified":"2026-09-04T13:01:15","modified_gmt":"2026-09-04T16:01:15","slug":"micareta-de-santo-estevao-tera-cheiro-de-amor-toque-dez-e-pagode-do-segredo-confira-as-atracoes","status":"publish","type":"post","link":"https:\/\/noticiasbahia360.com.br\/?p=148849","title":{"rendered":"Micareta de Santo Est\u00eav\u00e3o ter\u00e1 Cheiro de Amor, Toque Dez e Pagode do Segredo; confira as atra\u00e7\u00f5es"},"content":{"rendered":"<div>\n<div>\n<figure><img decoding=\"async\" src=\"http:\/\/noticiasbahia360.com.br\/wp-content\/uploads\/2026\/09\/Cheiro-de-Amor-Toque-Dez-e-Pagode-do-Segredo-Foto-Reproducao-Redes-Sociais.jpg\" alt=\"Cheiro de Amor, Toque Dez e Pagode do Segredo\"><figcaption>Cheiro de Amor, Toque Dez e Pagode do Segredo | Foto: Reprodu\u00e7\u00e3o\/ Redes Sociais<\/figcaption><\/figure>\n<\/div>\n<p class=\"wp-block-paragraph\">A Prefeitura Municipal de Santo Est\u00eav\u00e3o realizou, na manh\u00e3 de quinta-feira (3), o lan\u00e7amento oficial da Micareta 2026, no gabinete do prefeito Tiago Dias. Entre as atra\u00e7\u00f5es confirmadas est\u00e3o as bandas <strong>Cheiro de Amor, Toque Dez e Pagode do Segredo.<\/strong><\/p>\n<p class=\"wp-block-paragraph\">O evento acontece em setembro, m\u00eas no qual o munic\u00edpio completa 105 anos de emancipa\u00e7\u00e3o pol\u00edtica, no dia 21. <\/p>\n<p class=\"wp-block-paragraph\">Durante a coletiva, foi anunciada a programa\u00e7\u00e3o oficial da Micareta 2026, que ser\u00e1 realizada entre os dias 18 e 20 de setembro.<\/p>\n<h2 id=\"h-confira-a-programacao\" class=\"wp-block-heading\">Confira a programa\u00e7\u00e3o<\/h2>\n<h3 id=\"h-sexta-feira-18-de-setembro\" class=\"wp-block-heading\">Sexta-feira \u2022 18 de setembro<\/h3>\n<ul class=\"wp-block-list\">\n<li>Jean Santana<\/li>\n<\/ul>\n<h3 id=\"h-sabado-19-de-setembro\" class=\"wp-block-heading\">S\u00e1bado \u2022 19 de setembro<\/h3>\n<ul class=\"wp-block-list\">\n<li>Pagode do Segredo<\/li>\n<li>Cheiro de Amor<\/li>\n<li>Pagodart<\/li>\n<li>\u00c9 o MT<\/li>\n<\/ul>\n<h3 id=\"h-domingo-20-de-setembro\" class=\"wp-block-heading\">Domingo \u2022 20 de setembro<\/h3>\n<ul class=\"wp-block-list\">\n<li>Estylo Candeal<\/li>\n<li>Toque Dez<\/li>\n<li>Pirinetty<\/li>\n<\/ul>\n<h2 id=\"h-prefeito-e-secretario-destacam-importancia-do-evento\" class=\"wp-block-heading\">Prefeito e secret\u00e1rio destacam import\u00e2ncia do evento<\/h2>\n<p class=\"wp-block-paragraph\">Segundo informa\u00e7\u00f5es da prefeitura, no lan\u00e7amento, Tiago Dias destacou que a Micareta \u00e9 mais uma importante a\u00e7\u00e3o dentro desse calend\u00e1rio festivo.<\/p>\n<p class=\"wp-block-paragraph\">\u201cSetembro \u00e9 um m\u00eas muito especial para Santo Est\u00eav\u00e3o. \u00c9 o m\u00eas em que celebramos os 105 anos da nossa cidade e, junto com essa comemora\u00e7\u00e3o, estamos realizando uma s\u00e9rie de a\u00e7\u00f5es importantes para a popula\u00e7\u00e3o. A Micareta tamb\u00e9m faz parte desse momento, mantendo uma tradi\u00e7\u00e3o que \u00e9 do nosso povo e que merece ser celebrada\u201d, destacou o prefeito.<\/p>\n<p class=\"wp-block-paragraph\">Al\u00e9m de celebrar a cultura e a tradi\u00e7\u00e3o, a festa movimenta a cidade, fortalece o com\u00e9rcio e gera oportunidades para trabalhadores, comerciantes, ambulantes, prestadores de servi\u00e7os e diversos segmentos da economia local.<\/p>\n<p class=\"wp-block-paragraph\">Para o secret\u00e1rio de Cultura, Rangel Campos, a realiza\u00e7\u00e3o da Micareta representa a valoriza\u00e7\u00e3o da cultura e das tradi\u00e7\u00f5es santo-estevenses.<\/p>\n<p class=\"wp-block-paragraph\">\u201cA Micareta faz parte da nossa hist\u00f3ria e do nosso calend\u00e1rio cultural. Preparar essa festa dentro do m\u00eas em que Santo Est\u00eav\u00e3o completa 105 anos \u00e9 tamb\u00e9m uma forma de valorizar a nossa identidade, reunir a popula\u00e7\u00e3o e celebrar aquilo que \u00e9 nosso\u201d, afirmou.<\/p>\n<p class=\"wp-block-paragraph\">Al\u00e9m do gestor municipal e do secret\u00e1rio, o lan\u00e7amento contou com a participa\u00e7\u00e3o do Capit\u00e3o da Pol\u00edcia Militar, Paulo Sousa, que trouxe informa\u00e7\u00f5es sobre a programa\u00e7\u00e3o, organiza\u00e7\u00e3o e planejamento para a realiza\u00e7\u00e3o da festa.<\/p>\n<p class=\"wp-block-paragraph\"><em>Siga o Acorda Cidade no\u00a0<\/em><a href=\"https:\/\/news.google.com\/search?q=acorda%20cidade&amp;hl=pt-BR&amp;gl=BR&amp;ceid=BR%3Apt-419\"><strong><em>Google Not\u00edcias<\/em><\/strong><\/a><em>\u00a0e receba os principais destaques do dia. Participe tamb\u00e9m dos nossos canais no\u00a0<\/em><a href=\"https:\/\/www.whatsapp.com\/channel\/0029Va6Rb4v3WHTNnsh8WI3N\"><strong><em>WhatsApp<\/em><\/strong><\/a><em>\u00a0e\u00a0<\/em><a href=\"https:\/\/www.youtube.com\/@acordacidadenoticias\/videos\"><strong>YouTube<\/strong><\/a><em>\u00a0e do grupo no\u00a0<\/em><a href=\"https:\/\/t.me\/+sSz0khrgARA0ZmRh\"><strong><em>Telegram<\/em><\/strong><\/a><\/p>\n<\/div>\n","protected":false},"excerpt":{"rendered":"<p>Cheiro de Amor, Toque Dez e Pagode do Segredo | Foto: Reprodu\u00e7\u00e3o\/ Redes Sociais A<\/p>\n","protected":false},"author":1,"featured_media":148850,"comment_status":"closed","ping_status":"closed","sticky":false,"template":"","format":"gallery","meta":{"footnotes":""},"categories":[8,9,6,57,56,10],"tags":[],"class_list":["post-148849","post","type-post","status-publish","format-gallery","has-post-thumbnail","hentry","category-bahia","category-brasil","category-feira-de-santana","category-mundo","category-policia","category-politica","post_format-post-format-gallery"],"featured_image_urls":{"full":["https:\/\/noticiasbahia360.com.br\/wp-content\/uploads\/2026\/09\/Cheiro-de-Amor-Toque-Dez-e-Pagode-do-Segredo-Foto-Reproducao-Redes-Sociais.jpg",1200,643,false],"thumbnail":["https:\/\/noticiasbahia360.com.br\/wp-content\/uploads\/2026\/09\/Cheiro-de-Amor-Toque-Dez-e-Pagode-do-Segredo-Foto-Reproducao-Redes-Sociais-150x150.jpg",150,150,true],"medium":["https:\/\/noticiasbahia360.com.br\/wp-content\/uploads\/2026\/09\/Cheiro-de-Amor-Toque-Dez-e-Pagode-do-Segredo-Foto-Reproducao-Redes-Sociais-300x161.jpg",300,161,true],"medium_large":["https:\/\/noticiasbahia360.com.br\/wp-content\/uploads\/2026\/09\/Cheiro-de-Amor-Toque-Dez-e-Pagode-do-Segredo-Foto-Reproducao-Redes-Sociais-768x412.jpg",640,343,true],"large":["https:\/\/noticiasbahia360.com.br\/wp-content\/uploads\/2026\/09\/Cheiro-de-Amor-Toque-Dez-e-Pagode-do-Segredo-Foto-Reproducao-Redes-Sociais-1024x549.jpg",640,343,true],"1536x1536":["https:\/\/noticiasbahia360.com.br\/wp-content\/uploads\/2026\/09\/Cheiro-de-Amor-Toque-Dez-e-Pagode-do-Segredo-Foto-Reproducao-Redes-Sociais.jpg",1200,643,false],"2048x2048":["https:\/\/noticiasbahia360.com.br\/wp-content\/uploads\/2026\/09\/Cheiro-de-Amor-Toque-Dez-e-Pagode-do-Segredo-Foto-Reproducao-Redes-Sociais.jpg",1200,643,false],"chromenews-featured":["https:\/\/noticiasbahia360.com.br\/wp-content\/uploads\/2026\/09\/Cheiro-de-Amor-Toque-Dez-e-Pagode-do-Segredo-Foto-Reproducao-Redes-Sociais-1024x549.jpg",1024,549,true],"chromenews-large":["https:\/\/noticiasbahia360.com.br\/wp-content\/uploads\/2026\/09\/Cheiro-de-Amor-Toque-Dez-e-Pagode-do-Segredo-Foto-Reproducao-Redes-Sociais-825x575.jpg",825,575,true],"chromenews-medium":["https:\/\/noticiasbahia360.com.br\/wp-content\/uploads\/2026\/09\/Cheiro-de-Amor-Toque-Dez-e-Pagode-do-Segredo-Foto-Reproducao-Redes-Sociais-590x410.jpg",590,410,true]},"author_info":{"display_name":"noticiasbahia360.com.br","author_link":"https:\/\/noticiasbahia360.com.br\/?author=1"},"category_info":"<a href=\"https:\/\/noticiasbahia360.com.br\/?cat=8\" rel=\"category\">Bahia<\/a> <a href=\"https:\/\/noticiasbahia360.com.br\/?cat=9\" rel=\"category\">Brasil<\/a> <a href=\"https:\/\/noticiasbahia360.com.br\/?cat=6\" rel=\"category\">Feira de Santana<\/a> <a href=\"https:\/\/noticiasbahia360.com.br\/?cat=57\" rel=\"category\">Mundo<\/a> <a href=\"https:\/\/noticiasbahia360.com.br\/?cat=56\" rel=\"category\">Pol\u00edcia<\/a> <a href=\"https:\/\/noticiasbahia360.com.br\/?cat=10\" rel=\"category\">Pol\u00edtica<\/a>","tag_info":"Pol\u00edtica","comment_count":"0","_links":{"self":[{"href":"https:\/\/noticiasbahia360.com.br\/index.php?rest_route=\/wp\/v2\/posts\/148849","targetHints":{"allow":["GET"]}}],"collection":[{"href":"https:\/\/noticiasbahia360.com.br\/index.php?rest_route=\/wp\/v2\/posts"}],"about":[{"href":"https:\/\/noticiasbahia360.com.br\/index.php?rest_route=\/wp\/v2\/types\/post"}],"author":[{"embeddable":true,"href":"https:\/\/noticiasbahia360.com.br\/index.php?rest_route=\/wp\/v2\/users\/1"}],"replies":[{"embeddable":true,"href":"https:\/\/noticiasbahia360.com.br\/index.php?rest_route=%2Fwp%2Fv2%2Fcomments&post=148849"}],"version-history":[{"count":0,"href":"https:\/\/noticiasbahia360.com.br\/index.php?rest_route=\/wp\/v2\/posts\/148849\/revisions"}],"wp:featuredmedia":[{"embeddable":true,"href":"https:\/\/noticiasbahia360.com.br\/index.php?rest_route=\/wp\/v2\/media\/148850"}],"wp:attachment":[{"href":"https:\/\/noticiasbahia360.com.br\/index.php?rest_route=%2Fwp%2Fv2%2Fmedia&parent=148849"}],"wp:term":[{"taxonomy":"category","embeddable":true,"href":"https:\/\/noticiasbahia360.com.br\/index.php?rest_route=%2Fwp%2Fv2%2Fcategories&post=148849"},{"taxonomy":"post_tag","embeddable":true,"href":"https:\/\/noticiasbahia360.com.br\/index.php?rest_route=%2Fwp%2Fv2%2Ftags&post=148849"}],"curies":[{"name":"wp","href":"https:\/\/api.w.org\/{rel}","templated":true}]}}