{"id":148853,"date":"2026-09-04T13:01:18","date_gmt":"2026-09-04T16:01:18","guid":{"rendered":"https:\/\/noticiasbahia360.com.br\/?p=148853"},"modified":"2026-09-04T13:01:18","modified_gmt":"2026-09-04T16:01:18","slug":"oncopediatra-do-martagao-alerta-para-a-importancia-do-diagnostico-precoce-do-cancer-infantojuvenil","status":"publish","type":"post","link":"https:\/\/noticiasbahia360.com.br\/?p=148853","title":{"rendered":"Oncopediatra do Martag\u00e3o alerta para a import\u00e2ncia do diagn\u00f3stico precoce do c\u00e2ncer infantojuvenil"},"content":{"rendered":"<div>\n<div>\n<figure><img decoding=\"async\" src=\"http:\/\/noticiasbahia360.com.br\/wp-content\/uploads\/2026\/09\/Martagao-Gesteira-.webp\" alt=\"Oncopediatra do Martag\u00e3o alerta para a import\u00e2ncia do diagn\u00f3stico precoce do c\u00e2ncer infantojuvenil\"><figcaption>Foto: Luan Viana<\/figcaption><\/figure>\n<\/div>\n<p class=\"wp-block-paragraph\">O c\u00e2ncer infantojuvenil n\u00e3o apresenta, em geral, fatores de risco que possam ser modificados por medidas de preven\u00e7\u00e3o, como ocorre com diversos tipos de c\u00e2ncer em adultos. Por isso, a identifica\u00e7\u00e3o precoce dos sinais e sintomas \u00e9 fundamental para aumentar as chances de cura e oferecer melhores condi\u00e7\u00f5es de tratamento \u00e0s crian\u00e7as e adolescentes. O alerta \u00e9 da oncopediatra Nat\u00e1lia Borges, que est\u00e1 \u00e0 frente do servi\u00e7o de transplante de medula \u00f3ssea do Hospital Martag\u00e3o Gesteira, durante o Setembro Dourado, m\u00eas de conscientiza\u00e7\u00e3o sobre o c\u00e2ncer infantojuvenil.<\/p>\n<p class=\"wp-block-paragraph\">Em 2026, o Minist\u00e9rio da Sa\u00fade definiu como tema norteador da campanha a mensagem: \u201cO c\u00e2ncer infantojuvenil tem desafios, mas tamb\u00e9m tem cura: fique atento aos sinais.\u201d A proposta refor\u00e7a a import\u00e2ncia da informa\u00e7\u00e3o e da aten\u00e7\u00e3o aos poss\u00edveis sinais da doen\u00e7a para que o cuidado aconte\u00e7a no momento certo, especialmente diante da dificuldade de identificar o c\u00e2ncer em crian\u00e7as, j\u00e1 que muitos sintomas podem ser confundidos com doen\u00e7as comuns da inf\u00e2ncia.<\/p>\n<p class=\"wp-block-paragraph\">Segundo a especialista, diferentemente dos adultos, em que medidas como o combate ao tabagismo, a redu\u00e7\u00e3o do consumo de carne e a vacina\u00e7\u00e3o contra o HPV podem contribuir para a preven\u00e7\u00e3o de determinados tipos de c\u00e2ncer, no c\u00e2ncer pedi\u00e1trico n\u00e3o h\u00e1 fatores de risco intr\u00ednsecos que possam ser amplamente evitados. A exce\u00e7\u00e3o apontada \u00e9 a exposi\u00e7\u00e3o \u00e0 radia\u00e7\u00e3o durante a gravidez. Nesse cen\u00e1rio, a detec\u00e7\u00e3o precoce ganha ainda mais import\u00e2ncia.<\/p>\n<p class=\"wp-block-paragraph\">\u201cA preven\u00e7\u00e3o secund\u00e1ria, que \u00e9 a detec\u00e7\u00e3o precoce, \u00e9 a \u00fanica forma de fazer com que a gente tenha uma poss\u00edvel melhoria nas taxas de sobrevida e de cura\u201d, explica Nat\u00e1lia. De acordo com ela, quando o tumor \u00e9 identificado em uma fase inicial e ainda apresenta menor tamanho, \u00e9 poss\u00edvel encontrar um perfil tumoral menos agressivo e oferecer melhores chances de tratamento e cura.<\/p>\n<figure class=\"wp-block-image size-full\"><img fetchpriority=\"high\" decoding=\"async\" width=\"1200\" height=\"826\" src=\"http:\/\/noticiasbahia360.com.br\/wp-content\/uploads\/2026\/09\/Martagao-Gesteira.webp\" alt=\"Oncopediatra do Martag\u00e3o alerta para a import\u00e2ncia do diagn\u00f3stico precoce do c\u00e2ncer infantojuvenil\" class=\"wp-image-688027\" srcset=\"http:\/\/noticiasbahia360.com.br\/wp-content\/uploads\/2026\/09\/Martagao-Gesteira.webp 1200w, https:\/\/uploads.acordacidade.com.br\/2026\/09\/Martagao-Gesteira-750x516.webp 750w, https:\/\/uploads.acordacidade.com.br\/2026\/09\/Martagao-Gesteira-1000x688.webp 1000w, https:\/\/uploads.acordacidade.com.br\/2026\/09\/Martagao-Gesteira-450x310.webp 450w, https:\/\/uploads.acordacidade.com.br\/2026\/09\/Martagao-Gesteira-150x103.webp 150w\" sizes=\"(max-width: 1200px) 100vw, 1200px\"><figcaption class=\"wp-element-caption\">Foto: Luan Viana<\/figcaption><\/figure>\n<p class=\"wp-block-paragraph\">Um dos principais desafios para o diagn\u00f3stico est\u00e1 justamente no fato de que os sintomas do c\u00e2ncer em crian\u00e7as podem se confundir com manifesta\u00e7\u00f5es comuns da inf\u00e2ncia. Febre prolongada, perda de peso intensa, dores de cabe\u00e7a que acordam a crian\u00e7a durante a noite, dores nos bra\u00e7os ou pernas que persistem e n\u00e3o melhoram com analg\u00e9sicos simples e aumento do volume abdominal s\u00e3o alguns dos sinais que merecem aten\u00e7\u00e3o.<\/p>\n<p class=\"wp-block-paragraph\">\u201cO c\u00e2ncer da crian\u00e7a se parece muito com as doen\u00e7as comuns da inf\u00e2ncia\u201d, ressalta a m\u00e9dica. Por isso, ela destaca a import\u00e2ncia do acompanhamento pedi\u00e1trico regular. A observa\u00e7\u00e3o, por\u00e9m, n\u00e3o deve ficar restrita ao consult\u00f3rio. Fam\u00edlia, cuidadores, professores e outros profissionais que convivem com a crian\u00e7a tamb\u00e9m podem perceber mudan\u00e7as importantes. Dificuldade repentina para enxergar identificada pela escola, altera\u00e7\u00f5es na marcha, irritabilidade, perda de marcos do desenvolvimento ou mudan\u00e7as no comportamento s\u00e3o exemplos de altera\u00e7\u00f5es que devem ser comunicadas ao pediatra.<\/p>\n<p class=\"wp-block-paragraph\">Quando existe suspeita, o encaminhamento para um oncologista pedi\u00e1trico \u00e9 fundamental. Entre os principais tipos de c\u00e2ncer da inf\u00e2ncia est\u00e3o as leucemias, os tumores do sistema nervoso central, o neuroblastoma, o tumor de Wilms, al\u00e9m dos tumores \u00f3sseos e musculares. A ocorr\u00eancia tamb\u00e9m varia de acordo com a faixa et\u00e1ria. Entre crian\u00e7as de zero a quatro anos, s\u00e3o mais frequentes as leucemias e, entre os tumores s\u00f3lidos, o neuroblastoma e o tumor de Wilms, que pode se apresentar como uma massa abdominal. J\u00e1 entre adolescentes, os tumores \u00f3sseos ganham maior relev\u00e2ncia e podem ocorrer durante o per\u00edodo de crescimento.<\/p>\n<p class=\"wp-block-paragraph\">Para Nat\u00e1lia, o diagn\u00f3stico tardio tamb\u00e9m pode estar relacionado \u00e0 dificuldade de acesso a especialistas e exames diagn\u00f3sticos, al\u00e9m da semelhan\u00e7a dos sintomas com doen\u00e7as comuns. Por isso, ela defende a capacita\u00e7\u00e3o dos pediatras para reconhecer os principais sinais e sintomas relacionados ao c\u00e2ncer e o acesso da popula\u00e7\u00e3o \u00e0 aten\u00e7\u00e3o b\u00e1sica e a exames que possam contribuir para a investiga\u00e7\u00e3o.<\/p>\n<p class=\"wp-block-paragraph\">No Hospital Martag\u00e3o Gesteira, crian\u00e7as de Salvador e de outras regi\u00f5es da Bahia podem ser encaminhadas para avalia\u00e7\u00e3o diante de uma suspeita. O hospital conta com um sistema de triagem, no qual o paciente \u00e9 inicialmente avaliado pela equipe de enfermagem e pelo m\u00e9dico, com abertura de ficha para que a investiga\u00e7\u00e3o possa ocorrer de maneira mais precoce.<\/p>\n<p class=\"wp-block-paragraph\"><em>Siga o Acorda Cidade no\u00a0<\/em><a href=\"https:\/\/news.google.com\/search?q=acorda%20cidade&amp;hl=pt-BR&amp;gl=BR&amp;ceid=BR%3Apt-419\"><strong><em>Google Not\u00edcias<\/em><\/strong><\/a><em>\u00a0e receba os principais destaques do dia. Participe tamb\u00e9m dos nossos canais no\u00a0<\/em><a href=\"https:\/\/whatsapp.com\/channel\/0029Va6Rb4v3WHTNnsh8WI3N\"><strong><em>WhatsApp<\/em><\/strong><\/a><em>\u00a0e\u00a0<\/em><a href=\"https:\/\/www.youtube.com\/@acordacidadenoticias\/videos\"><strong>YouTube<\/strong><\/a><em>\u00a0e do grupo no\u00a0<\/em><a href=\"https:\/\/t.me\/+sSz0khrgARA0ZmRh\"><strong><em>Telegram<\/em><\/strong><\/a><em>.<\/em><\/p>\n<\/div>\n","protected":false},"excerpt":{"rendered":"<p>Foto: Luan Viana O c\u00e2ncer infantojuvenil n\u00e3o apresenta, em geral, fatores de risco que possam<\/p>\n","protected":false},"author":1,"featured_media":148854,"comment_status":"closed","ping_status":"closed","sticky":false,"template":"","format":"gallery","meta":{"footnotes":""},"categories":[8,9,6,57,56,10],"tags":[],"class_list":["post-148853","post","type-post","status-publish","format-gallery","has-post-thumbnail","hentry","category-bahia","category-brasil","category-feira-de-santana","category-mundo","category-policia","category-politica","post_format-post-format-gallery"],"featured_image_urls":{"full":["https:\/\/noticiasbahia360.com.br\/wp-content\/uploads\/2026\/09\/Martagao-Gesteira-.webp",1200,826,false],"thumbnail":["https:\/\/noticiasbahia360.com.br\/wp-content\/uploads\/2026\/09\/Martagao-Gesteira--150x150.webp",150,150,true],"medium":["https:\/\/noticiasbahia360.com.br\/wp-content\/uploads\/2026\/09\/Martagao-Gesteira--300x207.webp",300,207,true],"medium_large":["https:\/\/noticiasbahia360.com.br\/wp-content\/uploads\/2026\/09\/Martagao-Gesteira--768x529.webp",640,441,true],"large":["https:\/\/noticiasbahia360.com.br\/wp-content\/uploads\/2026\/09\/Martagao-Gesteira--1024x705.webp",640,441,true],"1536x1536":["https:\/\/noticiasbahia360.com.br\/wp-content\/uploads\/2026\/09\/Martagao-Gesteira-.webp",1200,826,false],"2048x2048":["https:\/\/noticiasbahia360.com.br\/wp-content\/uploads\/2026\/09\/Martagao-Gesteira-.webp",1200,826,false],"chromenews-featured":["https:\/\/noticiasbahia360.com.br\/wp-content\/uploads\/2026\/09\/Martagao-Gesteira--1024x705.webp",1024,705,true],"chromenews-large":["https:\/\/noticiasbahia360.com.br\/wp-content\/uploads\/2026\/09\/Martagao-Gesteira--825x575.webp",825,575,true],"chromenews-medium":["https:\/\/noticiasbahia360.com.br\/wp-content\/uploads\/2026\/09\/Martagao-Gesteira--590x410.webp",590,410,true]},"author_info":{"display_name":"noticiasbahia360.com.br","author_link":"https:\/\/noticiasbahia360.com.br\/?author=1"},"category_info":"<a href=\"https:\/\/noticiasbahia360.com.br\/?cat=8\" rel=\"category\">Bahia<\/a> <a href=\"https:\/\/noticiasbahia360.com.br\/?cat=9\" rel=\"category\">Brasil<\/a> <a href=\"https:\/\/noticiasbahia360.com.br\/?cat=6\" rel=\"category\">Feira de Santana<\/a> <a href=\"https:\/\/noticiasbahia360.com.br\/?cat=57\" rel=\"category\">Mundo<\/a> <a href=\"https:\/\/noticiasbahia360.com.br\/?cat=56\" rel=\"category\">Pol\u00edcia<\/a> <a href=\"https:\/\/noticiasbahia360.com.br\/?cat=10\" rel=\"category\">Pol\u00edtica<\/a>","tag_info":"Pol\u00edtica","comment_count":"0","_links":{"self":[{"href":"https:\/\/noticiasbahia360.com.br\/index.php?rest_route=\/wp\/v2\/posts\/148853","targetHints":{"allow":["GET"]}}],"collection":[{"href":"https:\/\/noticiasbahia360.com.br\/index.php?rest_route=\/wp\/v2\/posts"}],"about":[{"href":"https:\/\/noticiasbahia360.com.br\/index.php?rest_route=\/wp\/v2\/types\/post"}],"author":[{"embeddable":true,"href":"https:\/\/noticiasbahia360.com.br\/index.php?rest_route=\/wp\/v2\/users\/1"}],"replies":[{"embeddable":true,"href":"https:\/\/noticiasbahia360.com.br\/index.php?rest_route=%2Fwp%2Fv2%2Fcomments&post=148853"}],"version-history":[{"count":0,"href":"https:\/\/noticiasbahia360.com.br\/index.php?rest_route=\/wp\/v2\/posts\/148853\/revisions"}],"wp:featuredmedia":[{"embeddable":true,"href":"https:\/\/noticiasbahia360.com.br\/index.php?rest_route=\/wp\/v2\/media\/148854"}],"wp:attachment":[{"href":"https:\/\/noticiasbahia360.com.br\/index.php?rest_route=%2Fwp%2Fv2%2Fmedia&parent=148853"}],"wp:term":[{"taxonomy":"category","embeddable":true,"href":"https:\/\/noticiasbahia360.com.br\/index.php?rest_route=%2Fwp%2Fv2%2Fcategories&post=148853"},{"taxonomy":"post_tag","embeddable":true,"href":"https:\/\/noticiasbahia360.com.br\/index.php?rest_route=%2Fwp%2Fv2%2Ftags&post=148853"}],"curies":[{"name":"wp","href":"https:\/\/api.w.org\/{rel}","templated":true}]}}