{"id":148860,"date":"2026-09-04T13:01:21","date_gmt":"2026-09-04T16:01:21","guid":{"rendered":"https:\/\/noticiasbahia360.com.br\/?p=148860"},"modified":"2026-09-04T13:01:21","modified_gmt":"2026-09-04T16:01:21","slug":"smt-anuncia-bloqueios-na-avenida-presidente-dutra-e-outras-vias-para-o-desfile-de-7-de-setembro","status":"publish","type":"post","link":"https:\/\/noticiasbahia360.com.br\/?p=148860","title":{"rendered":"SMT anuncia bloqueios na Avenida Presidente Dutra e outras vias para o desfile de 7 de Setembro"},"content":{"rendered":"<div>\n<div>\n<figure><img decoding=\"async\" src=\"http:\/\/noticiasbahia360.com.br\/wp-content\/uploads\/2026\/09\/foto-ney-silva-acorda-cidade-1.jpg\" alt=\"\"><figcaption>Foto: Ney Silva \/ Acorda Cidade <\/figcaption><\/figure>\n<\/div>\n<p class=\"wp-block-paragraph\">A Superintend\u00eancia Municipal de Tr\u00e2nsito (SMT) de Feira de Santana definiu o planejamento para o desfile de 7 de Setembro, que ser\u00e1 realizado nesta segunda (7). Segundo o superintendente, Ricardo Cunha, as equipes estar\u00e3o nas ruas a partir das 6h, e o fechamento das vias come\u00e7a \u00e0s 6h40, ap\u00f3s autoriza\u00e7\u00e3o do Ex\u00e9rcito.\u00a0<\/p>\n<p class=\"wp-block-paragraph\">Em entrevista ao Acorda Cidade, o superintendente explicou que a<strong> Avenida Presidente Dutra e as vias transversais, entre a Rua Jos\u00e9 Joaquim Seabra (J.J. Seabra) e as imedia\u00e7\u00f5es da Igreja dos Capuchinhos, ser\u00e3o interditadas. O bloqueio deve seguir at\u00e9 as 13h.\u00a0<\/strong><\/p>\n<p class=\"wp-block-paragraph\">\u201cA prepara\u00e7\u00e3o foi muito bem feita, n\u00e3o s\u00f3 pela SMT, mas tamb\u00e9m pela Prefeitura e pelos \u00f3rg\u00e3os parceiros. A gente tem certeza que vai ser uma brilhante festa\u201d, afirmou Ricardo.<\/p>\n<figure class=\"wp-block-image size-full\"><img fetchpriority=\"high\" fetchpriority=\"high\" decoding=\"async\" width=\"1200\" height=\"900\" src=\"http:\/\/noticiasbahia360.com.br\/wp-content\/uploads\/2026\/09\/Ricardo-Cunha.jpg\" alt=\"Ricardo Cunha\" class=\"wp-image-687692\" srcset=\"http:\/\/noticiasbahia360.com.br\/wp-content\/uploads\/2026\/09\/Ricardo-Cunha.jpg 1200w, https:\/\/uploads.acordacidade.com.br\/2026\/09\/Ricardo-Cunha-750x563.jpg 750w, https:\/\/uploads.acordacidade.com.br\/2026\/09\/Ricardo-Cunha-1000x750.jpg 1000w, https:\/\/uploads.acordacidade.com.br\/2026\/09\/Ricardo-Cunha-450x338.jpg 450w, https:\/\/uploads.acordacidade.com.br\/2026\/09\/Ricardo-Cunha-150x113.jpg 150w\" sizes=\"(max-width: 1200px) 100vw, 1200px\"><figcaption class=\"wp-element-caption\">Ricardo Cunha | Foto: Ney Silva\/ Acorda Cidade<\/figcaption><\/figure>\n<p class=\"wp-block-paragraph\">O efetivo de agentes de tr\u00e2nsito ser\u00e1 dobrado durante a opera\u00e7\u00e3o. Segundo o superintendente, a medida tamb\u00e9m considera a movimenta\u00e7\u00e3o provocada pela Expofeira.\u00a0<\/p>\n<p class=\"wp-block-paragraph\">Segundo Ricardo, a organiza\u00e7\u00e3o do tr\u00e2nsito vem sendo discutida h\u00e1 cerca de 90 dias, com reuni\u00f5es que contaram com a participa\u00e7\u00e3o de \u00f3rg\u00e3os, como a Pol\u00edcia Militar, a Pol\u00edcia Rodovi\u00e1ria Federal (PRF), o Corpo de Bombeiros e o Ex\u00e9rcito Brasileiro.\u00a0<\/p>\n<p class=\"wp-block-paragraph\"><strong>A SMT recomenda que o p\u00fablico evite ir de carro ao desfile, j\u00e1 que h\u00e1 poucas vagas de estacionamento na regi\u00e3o. A orienta\u00e7\u00e3o \u00e9 utilizar transporte p\u00fablico ou aplicativos.\u00a0<\/strong><\/p>\n<p class=\"wp-block-paragraph\">\u201cEnt\u00e3o a orienta\u00e7\u00e3o da SMT \u00e9 menos ve\u00edculos nas vias, que as pessoas procurem outros modais de transporte, a exemplo do transporte p\u00fablico e dos aplicativos para irem at\u00e9 o desfile de 7 de Setembro\u201d, orientou Ricardo.<\/p>\n<p class=\"wp-block-paragraph\"><em>Com informa\u00e7\u00f5es do rep\u00f3rter Ney Silva, do Acorda Cidade.<\/em><\/p>\n<h2 id=\"h-leia-tambem\" class=\"wp-block-heading\">Leia tamb\u00e9m:<\/h2>\n<p class=\"wp-block-paragraph\"><a href=\"https:\/\/www.acordacidade.com.br\/feira-de-santana\/smt-alinha-planejamento-para-desfile-de-7-de-setembro-em-feira-de-santana\/\" data-type=\"link\" data-id=\"https:\/\/www.acordacidade.com.br\/feira-de-santana\/smt-alinha-planejamento-para-desfile-de-7-de-setembro-em-feira-de-santana\/\">SMT alinha planejamento para Desfile de 7 de Setembro em Feira de Santana<\/a><\/p>\n<p class=\"wp-block-paragraph\"><em>Siga o Acorda Cidade no<a href=\"https:\/\/news.google.com\/search?q=acorda%20cidade&amp;hl=pt-BR&amp;gl=BR&amp;ceid=BR%3Apt-419\" target=\"_blank\" rel=\"noreferrer noopener\">\u00a0Google Not\u00edcias<\/a>\u00a0e receba os principais destaques do dia.\u00a0Participe tamb\u00e9m dos nossos grupos no\u00a0<a href=\"https:\/\/chat.whatsapp.com\/Fj2agnR6CdwLEb9Uqew8QI\" target=\"_blank\" rel=\"noreferrer noopener\">WhatsApp<\/a>\u00a0e\u00a0<a href=\"https:\/\/t.me\/+sSz0khrgARA0ZmRh\" target=\"_blank\" rel=\"noreferrer noopener\">Telegram<\/a><\/em><a href=\"https:\/\/www.acordacidade.com.br\/colunas\/dilton-e-feito\/\"><\/a><\/p>\n<\/div>\n","protected":false},"excerpt":{"rendered":"<p>Foto: Ney Silva \/ Acorda Cidade A Superintend\u00eancia Municipal de Tr\u00e2nsito (SMT) de Feira de<\/p>\n","protected":false},"author":1,"featured_media":148861,"comment_status":"closed","ping_status":"closed","sticky":false,"template":"","format":"gallery","meta":{"footnotes":""},"categories":[8,9,6,57,56,10],"tags":[],"class_list":["post-148860","post","type-post","status-publish","format-gallery","has-post-thumbnail","hentry","category-bahia","category-brasil","category-feira-de-santana","category-mundo","category-policia","category-politica","post_format-post-format-gallery"],"featured_image_urls":{"full":["https:\/\/noticiasbahia360.com.br\/wp-content\/uploads\/2026\/09\/foto-ney-silva-acorda-cidade-1.jpg",1200,900,false],"thumbnail":["https:\/\/noticiasbahia360.com.br\/wp-content\/uploads\/2026\/09\/foto-ney-silva-acorda-cidade-1-150x150.jpg",150,150,true],"medium":["https:\/\/noticiasbahia360.com.br\/wp-content\/uploads\/2026\/09\/foto-ney-silva-acorda-cidade-1-300x225.jpg",300,225,true],"medium_large":["https:\/\/noticiasbahia360.com.br\/wp-content\/uploads\/2026\/09\/foto-ney-silva-acorda-cidade-1-768x576.jpg",640,480,true],"large":["https:\/\/noticiasbahia360.com.br\/wp-content\/uploads\/2026\/09\/foto-ney-silva-acorda-cidade-1-1024x768.jpg",640,480,true],"1536x1536":["https:\/\/noticiasbahia360.com.br\/wp-content\/uploads\/2026\/09\/foto-ney-silva-acorda-cidade-1.jpg",1200,900,false],"2048x2048":["https:\/\/noticiasbahia360.com.br\/wp-content\/uploads\/2026\/09\/foto-ney-silva-acorda-cidade-1.jpg",1200,900,false],"chromenews-featured":["https:\/\/noticiasbahia360.com.br\/wp-content\/uploads\/2026\/09\/foto-ney-silva-acorda-cidade-1-1024x768.jpg",1024,768,true],"chromenews-large":["https:\/\/noticiasbahia360.com.br\/wp-content\/uploads\/2026\/09\/foto-ney-silva-acorda-cidade-1-825x575.jpg",825,575,true],"chromenews-medium":["https:\/\/noticiasbahia360.com.br\/wp-content\/uploads\/2026\/09\/foto-ney-silva-acorda-cidade-1-590x410.jpg",590,410,true]},"author_info":{"display_name":"noticiasbahia360.com.br","author_link":"https:\/\/noticiasbahia360.com.br\/?author=1"},"category_info":"<a href=\"https:\/\/noticiasbahia360.com.br\/?cat=8\" rel=\"category\">Bahia<\/a> <a href=\"https:\/\/noticiasbahia360.com.br\/?cat=9\" rel=\"category\">Brasil<\/a> <a href=\"https:\/\/noticiasbahia360.com.br\/?cat=6\" rel=\"category\">Feira de Santana<\/a> <a href=\"https:\/\/noticiasbahia360.com.br\/?cat=57\" rel=\"category\">Mundo<\/a> <a href=\"https:\/\/noticiasbahia360.com.br\/?cat=56\" rel=\"category\">Pol\u00edcia<\/a> <a href=\"https:\/\/noticiasbahia360.com.br\/?cat=10\" rel=\"category\">Pol\u00edtica<\/a>","tag_info":"Pol\u00edtica","comment_count":"0","_links":{"self":[{"href":"https:\/\/noticiasbahia360.com.br\/index.php?rest_route=\/wp\/v2\/posts\/148860","targetHints":{"allow":["GET"]}}],"collection":[{"href":"https:\/\/noticiasbahia360.com.br\/index.php?rest_route=\/wp\/v2\/posts"}],"about":[{"href":"https:\/\/noticiasbahia360.com.br\/index.php?rest_route=\/wp\/v2\/types\/post"}],"author":[{"embeddable":true,"href":"https:\/\/noticiasbahia360.com.br\/index.php?rest_route=\/wp\/v2\/users\/1"}],"replies":[{"embeddable":true,"href":"https:\/\/noticiasbahia360.com.br\/index.php?rest_route=%2Fwp%2Fv2%2Fcomments&post=148860"}],"version-history":[{"count":0,"href":"https:\/\/noticiasbahia360.com.br\/index.php?rest_route=\/wp\/v2\/posts\/148860\/revisions"}],"wp:featuredmedia":[{"embeddable":true,"href":"https:\/\/noticiasbahia360.com.br\/index.php?rest_route=\/wp\/v2\/media\/148861"}],"wp:attachment":[{"href":"https:\/\/noticiasbahia360.com.br\/index.php?rest_route=%2Fwp%2Fv2%2Fmedia&parent=148860"}],"wp:term":[{"taxonomy":"category","embeddable":true,"href":"https:\/\/noticiasbahia360.com.br\/index.php?rest_route=%2Fwp%2Fv2%2Fcategories&post=148860"},{"taxonomy":"post_tag","embeddable":true,"href":"https:\/\/noticiasbahia360.com.br\/index.php?rest_route=%2Fwp%2Fv2%2Ftags&post=148860"}],"curies":[{"name":"wp","href":"https:\/\/api.w.org\/{rel}","templated":true}]}}