{"id":148863,"date":"2026-09-04T14:00:45","date_gmt":"2026-09-04T17:00:45","guid":{"rendered":"https:\/\/noticiasbahia360.com.br\/?p=148863"},"modified":"2026-09-04T14:00:45","modified_gmt":"2026-09-04T17:00:45","slug":"tres-homens-sao-conduzidos-com-maconha-e-materiais-para-acondicionar-drogas-motocicleta-sem-placa-e-apreendida","status":"publish","type":"post","link":"https:\/\/noticiasbahia360.com.br\/?p=148863","title":{"rendered":"Tr\u00eas homens s\u00e3o conduzidos com maconha e materiais para acondicionar drogas; motocicleta sem placa \u00e9 apreendida"},"content":{"rendered":"<div>\n<div>\n<figure><img decoding=\"async\" src=\"http:\/\/noticiasbahia360.com.br\/wp-content\/uploads\/2026\/09\/Material-apreendido-no-bairro-Asa-Branca-Foto-Reproducao-Peto-65a-1.jpg\" alt=\"Material apreendido no bairro Asa Branca\"><figcaption>Foto: Reprodu\u00e7\u00e3o\/ Peto 65\u00aa<\/figcaption><\/figure>\n<\/div>\n<p class=\"wp-block-paragraph\">Tr\u00eas homens, sendo um deles menor de idade, foram conduzidos a delegacia ap\u00f3s serem flagrados com maconha e materiais para acondicionamento de drogas na manh\u00e3 desta sexta-feira (4), no bairro Asa Branca, em Feira de Santana. <\/p>\n<p class=\"wp-block-paragraph\">Segundo informa\u00e7\u00f5es apuradas pelo Acorda Cidade, uma guarni\u00e7\u00e3o do 65\u00aa Companhia Independente de Pol\u00edcia Militar (CIPM) realizava rondas na Rua B, por volta de 8h30, quando avistou homens em atitude suspeita. Ao notarem a aproxima\u00e7\u00e3o da pol\u00edcia, eles tentaram fugir para um im\u00f3vel.<\/p>\n<p class=\"wp-block-paragraph\">Foi realizado um cerco no local e, com isso, os suspeitos foram localizados e abordados. Com eles foram encontrados:<\/p>\n<ul class=\"wp-block-list\">\n<li>1\/2 tablete de subst\u00e2ncia an\u00e1loga a maconha;<\/li>\n<li>01 telefone celular, de cor preta;<\/li>\n<li>01 c\u00e2mera;<\/li>\n<li>01 roupa, estilo macac\u00e3o camuflado;<\/li>\n<li>01 saco contendo embalagens pl\u00e1sticas de acondicionamentos.<\/li>\n<\/ul>\n<p class=\"wp-block-paragraph\">Os envolvidos e todo o material apreendido foram apresentados \u00e0 autoridade policial competente para ado\u00e7\u00e3o das medidas legais cab\u00edveis.<\/p>\n<p class=\"wp-block-paragraph\">Na Rua Machacalis, no mesmo bairro, tamb\u00e9m foi aprendido uma motocicleta sem placa policial. Tamb\u00e9m durante rondas, por volta de 9h, dois homens foram avistados em uma motocicleta de modelo Honda Start 160, que tamb\u00e9m tentaram fugir ao notar a aproxima\u00e7\u00e3o da guarni\u00e7\u00e3o.<\/p>\n<figure class=\"wp-block-image size-full\"><img fetchpriority=\"high\" fetchpriority=\"high\" decoding=\"async\" width=\"1200\" height=\"618\" src=\"http:\/\/noticiasbahia360.com.br\/wp-content\/uploads\/2026\/09\/Motocicleta-apreendida-Foto-Reproducao-Peto-65a.jpg\" alt=\"Motocicleta apreendida\" class=\"wp-image-688060\" srcset=\"http:\/\/noticiasbahia360.com.br\/wp-content\/uploads\/2026\/09\/Motocicleta-apreendida-Foto-Reproducao-Peto-65a.jpg 1200w, https:\/\/uploads.acordacidade.com.br\/2026\/09\/Motocicleta-apreendida-Foto-Reproducao-Peto-65a-750x386.jpg 750w, https:\/\/uploads.acordacidade.com.br\/2026\/09\/Motocicleta-apreendida-Foto-Reproducao-Peto-65a-1000x515.jpg 1000w, https:\/\/uploads.acordacidade.com.br\/2026\/09\/Motocicleta-apreendida-Foto-Reproducao-Peto-65a-450x232.jpg 450w, https:\/\/uploads.acordacidade.com.br\/2026\/09\/Motocicleta-apreendida-Foto-Reproducao-Peto-65a-150x77.jpg 150w\" sizes=\"(max-width: 1200px) 100vw, 1200px\"><figcaption class=\"wp-element-caption\">Foto: Reprodu\u00e7\u00e3o\/ Peto 65\u00aa<\/figcaption><\/figure>\n<p class=\"wp-block-paragraph\">O ve\u00edculo foi alcan\u00e7ado e, durante a fiscaliza\u00e7\u00e3o, foi constatado que a moto estava sem a placa policial. O autom\u00f3vel foi apresentado ao P\u00e1tio Nordeste, para ado\u00e7\u00e3o das medidas legais cab\u00edveis.<\/p>\n<p class=\"wp-block-paragraph\"><em>Siga o Acorda Cidade no\u00a0<\/em><a href=\"https:\/\/news.google.com\/search?q=acorda%20cidade&amp;hl=pt-BR&amp;gl=BR&amp;ceid=BR%3Apt-419\"><strong><em>Google Not\u00edcias<\/em><\/strong><\/a><em>\u00a0e receba os principais destaques do dia. Participe tamb\u00e9m dos nossos canais no\u00a0<\/em><a href=\"https:\/\/www.whatsapp.com\/channel\/0029Va6Rb4v3WHTNnsh8WI3N\"><strong><em>WhatsApp<\/em><\/strong><\/a><em>\u00a0e\u00a0<\/em><a href=\"https:\/\/www.youtube.com\/@acordacidadenoticias\/videos\"><strong>YouTube<\/strong><\/a><em>\u00a0e do grupo no\u00a0<\/em><a href=\"https:\/\/t.me\/+sSz0khrgARA0ZmRh\"><strong><em>Telegram<\/em><\/strong><\/a><\/p>\n<\/div>\n","protected":false},"excerpt":{"rendered":"<p>Foto: Reprodu\u00e7\u00e3o\/ Peto 65\u00aa Tr\u00eas homens, sendo um deles menor de idade, foram conduzidos a<\/p>\n","protected":false},"author":1,"featured_media":148864,"comment_status":"closed","ping_status":"closed","sticky":false,"template":"","format":"gallery","meta":{"footnotes":""},"categories":[8,9,6,57,56,10],"tags":[],"class_list":["post-148863","post","type-post","status-publish","format-gallery","has-post-thumbnail","hentry","category-bahia","category-brasil","category-feira-de-santana","category-mundo","category-policia","category-politica","post_format-post-format-gallery"],"featured_image_urls":{"full":["https:\/\/noticiasbahia360.com.br\/wp-content\/uploads\/2026\/09\/Material-apreendido-no-bairro-Asa-Branca-Foto-Reproducao-Peto-65a-1.jpg",1200,611,false],"thumbnail":["https:\/\/noticiasbahia360.com.br\/wp-content\/uploads\/2026\/09\/Material-apreendido-no-bairro-Asa-Branca-Foto-Reproducao-Peto-65a-1-150x150.jpg",150,150,true],"medium":["https:\/\/noticiasbahia360.com.br\/wp-content\/uploads\/2026\/09\/Material-apreendido-no-bairro-Asa-Branca-Foto-Reproducao-Peto-65a-1-300x153.jpg",300,153,true],"medium_large":["https:\/\/noticiasbahia360.com.br\/wp-content\/uploads\/2026\/09\/Material-apreendido-no-bairro-Asa-Branca-Foto-Reproducao-Peto-65a-1-768x391.jpg",640,326,true],"large":["https:\/\/noticiasbahia360.com.br\/wp-content\/uploads\/2026\/09\/Material-apreendido-no-bairro-Asa-Branca-Foto-Reproducao-Peto-65a-1-1024x521.jpg",640,326,true],"1536x1536":["https:\/\/noticiasbahia360.com.br\/wp-content\/uploads\/2026\/09\/Material-apreendido-no-bairro-Asa-Branca-Foto-Reproducao-Peto-65a-1.jpg",1200,611,false],"2048x2048":["https:\/\/noticiasbahia360.com.br\/wp-content\/uploads\/2026\/09\/Material-apreendido-no-bairro-Asa-Branca-Foto-Reproducao-Peto-65a-1.jpg",1200,611,false],"chromenews-featured":["https:\/\/noticiasbahia360.com.br\/wp-content\/uploads\/2026\/09\/Material-apreendido-no-bairro-Asa-Branca-Foto-Reproducao-Peto-65a-1-1024x521.jpg",1024,521,true],"chromenews-large":["https:\/\/noticiasbahia360.com.br\/wp-content\/uploads\/2026\/09\/Material-apreendido-no-bairro-Asa-Branca-Foto-Reproducao-Peto-65a-1-825x575.jpg",825,575,true],"chromenews-medium":["https:\/\/noticiasbahia360.com.br\/wp-content\/uploads\/2026\/09\/Material-apreendido-no-bairro-Asa-Branca-Foto-Reproducao-Peto-65a-1-590x410.jpg",590,410,true]},"author_info":{"display_name":"noticiasbahia360.com.br","author_link":"https:\/\/noticiasbahia360.com.br\/?author=1"},"category_info":"<a href=\"https:\/\/noticiasbahia360.com.br\/?cat=8\" rel=\"category\">Bahia<\/a> <a href=\"https:\/\/noticiasbahia360.com.br\/?cat=9\" rel=\"category\">Brasil<\/a> <a href=\"https:\/\/noticiasbahia360.com.br\/?cat=6\" rel=\"category\">Feira de Santana<\/a> <a href=\"https:\/\/noticiasbahia360.com.br\/?cat=57\" rel=\"category\">Mundo<\/a> <a href=\"https:\/\/noticiasbahia360.com.br\/?cat=56\" rel=\"category\">Pol\u00edcia<\/a> <a href=\"https:\/\/noticiasbahia360.com.br\/?cat=10\" rel=\"category\">Pol\u00edtica<\/a>","tag_info":"Pol\u00edtica","comment_count":"0","_links":{"self":[{"href":"https:\/\/noticiasbahia360.com.br\/index.php?rest_route=\/wp\/v2\/posts\/148863","targetHints":{"allow":["GET"]}}],"collection":[{"href":"https:\/\/noticiasbahia360.com.br\/index.php?rest_route=\/wp\/v2\/posts"}],"about":[{"href":"https:\/\/noticiasbahia360.com.br\/index.php?rest_route=\/wp\/v2\/types\/post"}],"author":[{"embeddable":true,"href":"https:\/\/noticiasbahia360.com.br\/index.php?rest_route=\/wp\/v2\/users\/1"}],"replies":[{"embeddable":true,"href":"https:\/\/noticiasbahia360.com.br\/index.php?rest_route=%2Fwp%2Fv2%2Fcomments&post=148863"}],"version-history":[{"count":0,"href":"https:\/\/noticiasbahia360.com.br\/index.php?rest_route=\/wp\/v2\/posts\/148863\/revisions"}],"wp:featuredmedia":[{"embeddable":true,"href":"https:\/\/noticiasbahia360.com.br\/index.php?rest_route=\/wp\/v2\/media\/148864"}],"wp:attachment":[{"href":"https:\/\/noticiasbahia360.com.br\/index.php?rest_route=%2Fwp%2Fv2%2Fmedia&parent=148863"}],"wp:term":[{"taxonomy":"category","embeddable":true,"href":"https:\/\/noticiasbahia360.com.br\/index.php?rest_route=%2Fwp%2Fv2%2Fcategories&post=148863"},{"taxonomy":"post_tag","embeddable":true,"href":"https:\/\/noticiasbahia360.com.br\/index.php?rest_route=%2Fwp%2Fv2%2Ftags&post=148863"}],"curies":[{"name":"wp","href":"https:\/\/api.w.org\/{rel}","templated":true}]}}