{"id":148866,"date":"2026-09-04T14:00:47","date_gmt":"2026-09-04T17:00:47","guid":{"rendered":"https:\/\/noticiasbahia360.com.br\/?p=148866"},"modified":"2026-09-04T14:00:47","modified_gmt":"2026-09-04T17:00:47","slug":"dayane-piementel-inaugura-comite-em-feira-de-santana","status":"publish","type":"post","link":"https:\/\/noticiasbahia360.com.br\/?p=148866","title":{"rendered":"Dayane Piementel inaugura comit\u00ea em Feira de Santana"},"content":{"rendered":"<div>\n<div>\n<figure><img decoding=\"async\" src=\"http:\/\/noticiasbahia360.com.br\/wp-content\/uploads\/2026\/09\/Dayane-Pimentel.webp\" alt=\"Dayane Pimentel\"><figcaption>Foto: Divulga\u00e7\u00e3o <\/figcaption><\/figure>\n<\/div>\n<p class=\"wp-block-paragraph\">A inaugura\u00e7\u00e3o do comit\u00ea da Professora Dayane Pimentel, candidata a deputada federal pelo Uni\u00e3o Brasil, reuniu uma multid\u00e3o de apoiadores em Feira de Santana. O evento contou ainda com a presen\u00e7a de lideran\u00e7as pol\u00edticas de diferentes regi\u00f5es da Bahia e teve como destaques Bruno Reis, prefeito de Salvador, e Jos\u00e9 Ronaldo, prefeito de Feira de Santana. O comit\u00ea est\u00e1 localizado na Avenida Get\u00falio Vargas e foi inaugurado oficialmente na noite de quinta-feira (3).<\/p>\n<p class=\"wp-block-paragraph\">A inaugura\u00e7\u00e3o foi marcada por um ato de adora\u00e7\u00e3o a Deus e de consagra\u00e7\u00e3o do comit\u00ea e da campanha. A Dayane dedicou publicamente sua caminhada eleitoral a Deus, em um momento de ora\u00e7\u00e3o compartilhado com familiares, amigos e apoiadores.<\/p>\n<p class=\"wp-block-paragraph\">Um dos principais momentos pol\u00edticos da noite foi o discurso do prefeito de Salvador, Bruno Reis. O prefeito exaltou o trabalho desenvolvido por Dayane, chamou a candidata de amiga e afirmou que a C\u00e2mara dos Deputados precisa novamente de sua atua\u00e7\u00e3o.<\/p>\n<p class=\"wp-block-paragraph\">Em sua manifesta\u00e7\u00e3o, Bruno Reis destacou caracter\u00edsticas que atribuiu \u00e0 ex-deputada, citando sua for\u00e7a, coragem e conduta ilibada.<\/p>\n<p class=\"wp-block-paragraph\">Bruno Reis tamb\u00e9m ressaltou que mant\u00e9m uma amizade com Dayane h\u00e1 anos. Conforme declarou no evento, desde o in\u00edcio dessa rela\u00e7\u00e3o pol\u00edtica os dois estiveram juntos na constru\u00e7\u00e3o e defesa de projetos e iniciativas que, segundo ele, buscavam beneficiar a sociedade.<\/p>\n<p class=\"wp-block-paragraph\">Jos\u00e9 Ronaldo tamb\u00e9m compareceu ao comit\u00ea antes do encerramento.<\/p>\n<p class=\"wp-block-paragraph\">A rela\u00e7\u00e3o pol\u00edtica entre Jos\u00e9 Ronaldo e Dayane tamb\u00e9m antecede a atual campanha. Em 2018, Dayane declarou apoio \u00e0 candidatura de Jos\u00e9 Ronaldo ao Governo da Bahia e desde ent\u00e3o mant\u00e9m rela\u00e7\u00e3o amig\u00e1vel e de apoio m\u00fatuo.<\/p>\n<p class=\"wp-block-paragraph\">Durante o evento, Dayane tamb\u00e9m fez cr\u00edticas \u00e0 administra\u00e7\u00e3o do governador Jer\u00f4nimo Rodrigues e afirmou, em seu discurso, que considera necess\u00e1ria uma mudan\u00e7a no comando pol\u00edtico da Bahia. <\/p>\n<p class=\"wp-block-paragraph\">Ex-deputada federal, Dayane Pimentel disputa novamente uma vaga na C\u00e2mara dos Deputados e tem Feira de Santana como uma de suas principais bases eleitorais na Bahia.<\/p>\n<p class=\"wp-block-paragraph\"><em>Siga o Acorda Cidade no\u00a0<\/em><a href=\"https:\/\/news.google.com\/search?q=acorda%20cidade&amp;hl=pt-BR&amp;gl=BR&amp;ceid=BR%3Apt-419\"><strong><em>Google Not\u00edcias<\/em><\/strong><\/a><em>\u00a0e receba os principais destaques do dia. Participe tamb\u00e9m dos nossos canais no\u00a0<\/em><a href=\"https:\/\/whatsapp.com\/channel\/0029Va6Rb4v3WHTNnsh8WI3N\"><strong><em>WhatsApp<\/em><\/strong><\/a><em>\u00a0e\u00a0<\/em><a href=\"https:\/\/www.youtube.com\/@acordacidadenoticias\/videos\"><strong>YouTube<\/strong><\/a><em>\u00a0e do grupo no\u00a0<\/em><a href=\"https:\/\/t.me\/+sSz0khrgARA0ZmRh\"><strong><em>Telegram<\/em><\/strong><\/a><em>.<\/em><\/p>\n<\/div>\n","protected":false},"excerpt":{"rendered":"<p>Foto: Divulga\u00e7\u00e3o A inaugura\u00e7\u00e3o do comit\u00ea da Professora Dayane Pimentel, candidata a deputada federal pelo<\/p>\n","protected":false},"author":1,"featured_media":148867,"comment_status":"closed","ping_status":"closed","sticky":false,"template":"","format":"gallery","meta":{"footnotes":""},"categories":[8,9,6,57,56,10],"tags":[],"class_list":["post-148866","post","type-post","status-publish","format-gallery","has-post-thumbnail","hentry","category-bahia","category-brasil","category-feira-de-santana","category-mundo","category-policia","category-politica","post_format-post-format-gallery"],"featured_image_urls":{"full":["https:\/\/noticiasbahia360.com.br\/wp-content\/uploads\/2026\/09\/Dayane-Pimentel.webp",1200,799,false],"thumbnail":["https:\/\/noticiasbahia360.com.br\/wp-content\/uploads\/2026\/09\/Dayane-Pimentel-150x150.webp",150,150,true],"medium":["https:\/\/noticiasbahia360.com.br\/wp-content\/uploads\/2026\/09\/Dayane-Pimentel-300x200.webp",300,200,true],"medium_large":["https:\/\/noticiasbahia360.com.br\/wp-content\/uploads\/2026\/09\/Dayane-Pimentel-768x511.webp",640,426,true],"large":["https:\/\/noticiasbahia360.com.br\/wp-content\/uploads\/2026\/09\/Dayane-Pimentel-1024x682.webp",640,426,true],"1536x1536":["https:\/\/noticiasbahia360.com.br\/wp-content\/uploads\/2026\/09\/Dayane-Pimentel.webp",1200,799,false],"2048x2048":["https:\/\/noticiasbahia360.com.br\/wp-content\/uploads\/2026\/09\/Dayane-Pimentel.webp",1200,799,false],"chromenews-featured":["https:\/\/noticiasbahia360.com.br\/wp-content\/uploads\/2026\/09\/Dayane-Pimentel-1024x682.webp",1024,682,true],"chromenews-large":["https:\/\/noticiasbahia360.com.br\/wp-content\/uploads\/2026\/09\/Dayane-Pimentel-825x575.webp",825,575,true],"chromenews-medium":["https:\/\/noticiasbahia360.com.br\/wp-content\/uploads\/2026\/09\/Dayane-Pimentel-590x410.webp",590,410,true]},"author_info":{"display_name":"noticiasbahia360.com.br","author_link":"https:\/\/noticiasbahia360.com.br\/?author=1"},"category_info":"<a href=\"https:\/\/noticiasbahia360.com.br\/?cat=8\" rel=\"category\">Bahia<\/a> <a href=\"https:\/\/noticiasbahia360.com.br\/?cat=9\" rel=\"category\">Brasil<\/a> <a href=\"https:\/\/noticiasbahia360.com.br\/?cat=6\" rel=\"category\">Feira de Santana<\/a> <a href=\"https:\/\/noticiasbahia360.com.br\/?cat=57\" rel=\"category\">Mundo<\/a> <a href=\"https:\/\/noticiasbahia360.com.br\/?cat=56\" rel=\"category\">Pol\u00edcia<\/a> <a href=\"https:\/\/noticiasbahia360.com.br\/?cat=10\" rel=\"category\">Pol\u00edtica<\/a>","tag_info":"Pol\u00edtica","comment_count":"0","_links":{"self":[{"href":"https:\/\/noticiasbahia360.com.br\/index.php?rest_route=\/wp\/v2\/posts\/148866","targetHints":{"allow":["GET"]}}],"collection":[{"href":"https:\/\/noticiasbahia360.com.br\/index.php?rest_route=\/wp\/v2\/posts"}],"about":[{"href":"https:\/\/noticiasbahia360.com.br\/index.php?rest_route=\/wp\/v2\/types\/post"}],"author":[{"embeddable":true,"href":"https:\/\/noticiasbahia360.com.br\/index.php?rest_route=\/wp\/v2\/users\/1"}],"replies":[{"embeddable":true,"href":"https:\/\/noticiasbahia360.com.br\/index.php?rest_route=%2Fwp%2Fv2%2Fcomments&post=148866"}],"version-history":[{"count":0,"href":"https:\/\/noticiasbahia360.com.br\/index.php?rest_route=\/wp\/v2\/posts\/148866\/revisions"}],"wp:featuredmedia":[{"embeddable":true,"href":"https:\/\/noticiasbahia360.com.br\/index.php?rest_route=\/wp\/v2\/media\/148867"}],"wp:attachment":[{"href":"https:\/\/noticiasbahia360.com.br\/index.php?rest_route=%2Fwp%2Fv2%2Fmedia&parent=148866"}],"wp:term":[{"taxonomy":"category","embeddable":true,"href":"https:\/\/noticiasbahia360.com.br\/index.php?rest_route=%2Fwp%2Fv2%2Fcategories&post=148866"},{"taxonomy":"post_tag","embeddable":true,"href":"https:\/\/noticiasbahia360.com.br\/index.php?rest_route=%2Fwp%2Fv2%2Ftags&post=148866"}],"curies":[{"name":"wp","href":"https:\/\/api.w.org\/{rel}","templated":true}]}}