{"id":148868,"date":"2026-09-04T15:04:21","date_gmt":"2026-09-04T18:04:21","guid":{"rendered":"https:\/\/noticiasbahia360.com.br\/?p=148868"},"modified":"2026-09-04T15:04:21","modified_gmt":"2026-09-04T18:04:21","slug":"pf-aponta-que-claudio-castro-recebeu-vantagens-indevidas-em-esquema-ligado-a-refit","status":"publish","type":"post","link":"https:\/\/noticiasbahia360.com.br\/?p=148868","title":{"rendered":"PF aponta que Cl\u00e1udio Castro recebeu vantagens indevidas em esquema ligado \u00e0 Refit"},"content":{"rendered":"<div>\n<div>\n<figure><img decoding=\"async\" src=\"http:\/\/noticiasbahia360.com.br\/wp-content\/uploads\/2026\/09\/Claudio-Castro-Foto-Tania-Rego-Agencia-Brasil.jpg\" alt=\"Cl\u00e1udio Castro\"><figcaption>Cl\u00e1udio Castro | Foto: T\u00e2nia R\u00eago\/ Ag\u00eancia Brasil<\/figcaption><\/figure>\n<\/div>\n<p class=\"wp-block-paragraph\">Ag\u00eancia Brasil- A Pol\u00edcia Federal (PF) apontou em relat\u00f3rio que o ex-governador do Rio de Janeiro Cl\u00e1udio Castro obteve diversas vantagens indevidas em troca da atua\u00e7\u00e3o de \u00f3rg\u00e3os estaduais em favor da refinaria Refit, a antiga Refinaria de Manguinhos. O ex-chefe do Executivo fluminense\u00a0nega as acusa\u00e7\u00f5es.<img decoding=\"async\" src=\"https:\/\/agenciabrasil.ebc.com.br\/ebc.png?id=1701540&amp;o=node\"><img decoding=\"async\" src=\"https:\/\/agenciabrasil.ebc.com.br\/ebc.gif?id=1701540&amp;o=node\"><\/p>\n<p class=\"wp-block-paragraph\">As informa\u00e7\u00f5es constam em relat\u00f3rio da segunda fase da Opera\u00e7\u00e3o Sem Refino, cujo sigilo foi levantado na quinta-feira (3) pelo ministro Alexandre de Moraes, do Supremo Tribunal Federal (STF).\u00a0<\/p>\n<p class=\"wp-block-paragraph\"><strong>Segundo o relat\u00f3rio, entre as vantagens indevidamente\u00a0recebidas est\u00e3o:<\/strong><\/p>\n<ul class=\"wp-block-list\">\n<li>R$ 10,5 mil em caviar;<\/li>\n<li>pagamento do aluguel da resid\u00eancia de Castro na Barra da Tijuca, bairro da capital fluminense;<\/li>\n<li>usufruto de uma mans\u00e3o em Petr\u00f3polis, na regi\u00e3o serrana do Rio, onde teria sido constru\u00edda, sob encomenda do ex-governador, uma adega avaliada em R$ 245 mil.\u00a0<\/li>\n<\/ul>\n<p class=\"wp-block-paragraph\">O documento serviu como base para Moraes deferir\u00a016 mandados de busca e apreens\u00e3o pedidos pela PF para aprofundar as investiga\u00e7\u00f5es.<\/p>\n<p class=\"wp-block-paragraph\">A Opera\u00e7\u00e3o Sem Refino 2 foi deflagrada em 14 de agosto, com o objetivo de apurar fraudes na concess\u00e3o de licen\u00e7as ambientais para a refinaria.\u00a0<\/p>\n<p class=\"wp-block-paragraph\">De acordo com a PF,\u00a0<strong>as licen\u00e7as teriam sido concedidas \u201c\u00e0 revelia das diretrizes dos \u00f3rg\u00e3os t\u00e9cnicos competentes, al\u00e9m de lavagem de capitais ligada ao esquema criminos\u201d<\/strong>.<\/p>\n<p class=\"wp-block-paragraph\">As investiga\u00e7\u00f5es buscam esclarecer \u201ca atua\u00e7\u00e3o de grupos criminosos organizados em atividade no estado e suas conex\u00f5es com agentes p\u00fablicos\u201d, acrescentou a corpora\u00e7\u00e3o, em nota.\u00a0<\/p>\n<h2 id=\"h-despesas-pessoais-nbsp\" class=\"wp-block-heading\">Despesas pessoais\u00a0<\/h2>\n<p class=\"wp-block-paragraph\">Segundo o relat\u00f3rio da PF,\u00a0<strong>o esquema criminoso inclu\u00eda a lavagem de dinheiro e oculta\u00e7\u00e3o de patrim\u00f4nio, com o registro de bens de luxo em nome de \u201claranjas\u201d, como forma de beneficiar e pagar despesas pessoais de Castro<\/strong>.\u00a0<\/p>\n<p class=\"wp-block-paragraph\">Em troca, o ex-governador teria favorecido os interesses do empres\u00e1rio Ricardo Magro, apontado como l\u00edder da organiza\u00e7\u00e3o criminosa respons\u00e1vel por corromper agentes do Estado.\u00a0<\/p>\n<p class=\"wp-block-paragraph\">A investiga\u00e7\u00e3o apresenta mensagens extra\u00eddas de diversos celulares apreendidos, segundo as quais Castro mantinha contato direto com os respons\u00e1veis por licen\u00e7as ambientais para agilizar a libera\u00e7\u00e3o de empreendimentos e desfavorecer concorrentes de Magro.\u00a0<\/p>\n<p class=\"wp-block-paragraph\">Moraes j\u00e1 determinou a pris\u00e3o preventiva de Magro, mas o empres\u00e1rio se encontra\u00a0foragido e foi\u00a0inclu\u00eddo na lista de difus\u00e3o vermelha da Interpol.\u00a0<\/p>\n<h2 id=\"h-vantagens-nbsp\" class=\"wp-block-heading\">Vantagens\u00a0<\/h2>\n<p class=\"wp-block-paragraph\">O relat\u00f3rio policial indica, por exemplo, que Castro encomendou pessoalmente uma degusta\u00e7\u00e3o de caviares de diferentes gramaturas quando estava hospedado no Hotel Emiliano, de cinco estrelas, em S\u00e3o Paulo.\u00a0<\/p>\n<p class=\"wp-block-paragraph\">O pre\u00e7o da degusta\u00e7\u00e3o foi\u00a0R$ 10,5 mil, mas o valor n\u00e3o foi pago por ele, e, sim, pela empresa AC Santos Participa\u00e7\u00f5es e Empreendimentos, de propriedade do advogado Antonio Carlos da Concei\u00e7\u00e3o Santos.<\/p>\n<p class=\"wp-block-paragraph\">Apelidado como \u201cPipo\u201d, o advogado \u00e9 tido pelos investigadores como principal articulador da lavagem e oculta\u00e7\u00e3o de patrim\u00f4nio do grupo ligado \u00e0 Refit.\u00a0<\/p>\n<p class=\"wp-block-paragraph\">Ainda de acordo com a PF, Castro agia como dono de uma casa em Petr\u00f3polis registrada em nome da empresa Concrecasa Constru\u00e7\u00f5es Inteligentes Ltda. O ex-governador seria o respons\u00e1vel por determinar a rotina dos empregados e teria encomendado ainda a constru\u00e7\u00e3o de uma adega personalizada.\u00a0<\/p>\n<p class=\"wp-block-paragraph\">O usufruto da mans\u00e3o seria uma forma de compensa\u00e7\u00e3o em troca do favorecimento da empresa Enge Prat Engenharia, do empres\u00e1rio Luiz Fernando Gomes, que assinou R$ 355 milh\u00f5es em contratos com o governo fluminense, segundo a PF.\u00a0<\/p>\n<p class=\"wp-block-paragraph\">Os investigadores apontam ainda como ind\u00edcio de vantagem irregular o fato de Castro pagar apenas R$ 10 mil pelo aluguel da cobertura em que reside, na Barra da Tijuca, valor abaixo do praticado pelo mercado na regi\u00e3o,\u00a0em torno de R$ 25 mil.\u00a0<\/p>\n<p class=\"wp-block-paragraph\">A PF aponta que o im\u00f3vel foi adquirido pela empresa J3 Real Estate Participa\u00e7\u00f5es Ltda., por R$ 3,4 milh\u00f5es, 50 dias ap\u00f3s a pessoa jur\u00eddica ter sido criada, sendo o apartamento seu \u00fanico im\u00f3vel registrado.<\/p>\n<h2 id=\"h-defesa-nbsp\" class=\"wp-block-heading\">Defesa\u00a0<\/h2>\n<p class=\"wp-block-paragraph\">Em nota, a defesa de Cl\u00e1udio Castro negou \u201cqualquer participa\u00e7\u00e3o em esquema de lavagem de dinheiro, recebimento de vantagem indevida ou favorecimento a terceiros\u201d.<\/p>\n<p class=\"wp-block-paragraph\">Em rela\u00e7\u00e3o aos im\u00f3veis citados na investiga\u00e7\u00e3o, a defesa alega que \u201co im\u00f3vel onde reside [o ex-governador] tem contrato regular de loca\u00e7\u00e3o, com pagamentos comprov\u00e1veis. O im\u00f3vel utilizado em Petr\u00f3polis tamb\u00e9m era alugado e o contrato j\u00e1 foi encerrado\u201d.\u00a0<\/p>\n<p class=\"wp-block-paragraph\">Sobre o caviar, a nota da defesa diz que \u201co epis\u00f3dio ocorreu mais de 30 dias ap\u00f3s Cl\u00e1udio Castro deixar o Governo do Estado. A encomenda havia sido feita por um amigo, e ele apenas retirou os produtos em S\u00e3o Paulo para entreg\u00e1-los, tendo consumido um deles com autoriza\u00e7\u00e3o do comprador\u201d.\u00a0<\/p>\n<p class=\"wp-block-paragraph\"><strong>Nota da defesa na \u00edntegra:\u00a0<\/strong><\/p>\n<p class=\"wp-block-paragraph\"><em>\u201cN\u00e3o h\u00e1 qualquer liga\u00e7\u00e3o entre os epis\u00f3dios envolvendo a compra e os im\u00f3veis com a Refit. S\u00e3o situa\u00e7\u00f5es distintas, sem rela\u00e7\u00e3o com a empresa ou com eventual favorecimento.<\/em><\/p>\n<p class=\"wp-block-paragraph\"><em>Os contatos com representantes da Refit foram institucionais e n\u00e3o resultaram em qualquer benef\u00edcio. Durante sua gest\u00e3o, o Estado adotou medidas para cobrar valores devidos pela empresa.<\/em><\/p>\n<p class=\"wp-block-paragraph\"><em>Tamb\u00e9m n\u00e3o \u00e9 verdade que uma viagem do ent\u00e3o governador a Nova York tenha sido custeada pela Refit. A viagem foi oficial, paga pelo Governo do Estado, com registros dispon\u00edveis no Portal da Transpar\u00eancia.<\/em><\/p>\n<p class=\"wp-block-paragraph\"><em>A defesa j\u00e1 requereu ao ministro Alexandre de Moraes que Cl\u00e1udio Castro seja ouvido pela Pol\u00edcia Federal para esclarecer todos os pontos da investiga\u00e7\u00e3o e apresentar a documenta\u00e7\u00e3o comprobat\u00f3ria. O pedido aguarda decis\u00e3o.<\/em><\/p>\n<p class=\"wp-block-paragraph\"><em>Cl\u00e1udio Castro reafirma que n\u00e3o praticou qualquer ato il\u00edcito\u201d.<\/em><\/p>\n<p class=\"wp-block-paragraph\"><em>Siga o Acorda Cidade no\u00a0<\/em><a href=\"https:\/\/news.google.com\/search?q=acorda%20cidade&amp;hl=pt-BR&amp;gl=BR&amp;ceid=BR%3Apt-419\"><strong><em>Google Not\u00edcias<\/em><\/strong><\/a><em>\u00a0e receba os principais destaques do dia. Participe tamb\u00e9m dos nossos canais no\u00a0<\/em><a href=\"https:\/\/www.whatsapp.com\/channel\/0029Va6Rb4v3WHTNnsh8WI3N\"><strong><em>WhatsApp<\/em><\/strong><\/a><em>\u00a0e\u00a0<\/em><a href=\"https:\/\/www.youtube.com\/@acordacidadenoticias\/videos\"><strong>YouTube<\/strong><\/a><em>\u00a0e do grupo no\u00a0<\/em><a href=\"https:\/\/t.me\/+sSz0khrgARA0ZmRh\"><strong><em>Telegram<\/em><\/strong><\/a><\/p>\n<\/div>\n","protected":false},"excerpt":{"rendered":"<p>Cl\u00e1udio Castro | Foto: T\u00e2nia R\u00eago\/ Ag\u00eancia Brasil Ag\u00eancia Brasil- A Pol\u00edcia Federal (PF) apontou<\/p>\n","protected":false},"author":1,"featured_media":148869,"comment_status":"closed","ping_status":"closed","sticky":false,"template":"","format":"gallery","meta":{"footnotes":""},"categories":[8,9,6,57,56,10],"tags":[],"class_list":["post-148868","post","type-post","status-publish","format-gallery","has-post-thumbnail","hentry","category-bahia","category-brasil","category-feira-de-santana","category-mundo","category-policia","category-politica","post_format-post-format-gallery"],"featured_image_urls":{"full":["https:\/\/noticiasbahia360.com.br\/wp-content\/uploads\/2026\/09\/Claudio-Castro-Foto-Tania-Rego-Agencia-Brasil.jpg",1200,718,false],"thumbnail":["https:\/\/noticiasbahia360.com.br\/wp-content\/uploads\/2026\/09\/Claudio-Castro-Foto-Tania-Rego-Agencia-Brasil-150x150.jpg",150,150,true],"medium":["https:\/\/noticiasbahia360.com.br\/wp-content\/uploads\/2026\/09\/Claudio-Castro-Foto-Tania-Rego-Agencia-Brasil-300x180.jpg",300,180,true],"medium_large":["https:\/\/noticiasbahia360.com.br\/wp-content\/uploads\/2026\/09\/Claudio-Castro-Foto-Tania-Rego-Agencia-Brasil-768x460.jpg",640,383,true],"large":["https:\/\/noticiasbahia360.com.br\/wp-content\/uploads\/2026\/09\/Claudio-Castro-Foto-Tania-Rego-Agencia-Brasil-1024x613.jpg",640,383,true],"1536x1536":["https:\/\/noticiasbahia360.com.br\/wp-content\/uploads\/2026\/09\/Claudio-Castro-Foto-Tania-Rego-Agencia-Brasil.jpg",1200,718,false],"2048x2048":["https:\/\/noticiasbahia360.com.br\/wp-content\/uploads\/2026\/09\/Claudio-Castro-Foto-Tania-Rego-Agencia-Brasil.jpg",1200,718,false],"chromenews-featured":["https:\/\/noticiasbahia360.com.br\/wp-content\/uploads\/2026\/09\/Claudio-Castro-Foto-Tania-Rego-Agencia-Brasil-1024x613.jpg",1024,613,true],"chromenews-large":["https:\/\/noticiasbahia360.com.br\/wp-content\/uploads\/2026\/09\/Claudio-Castro-Foto-Tania-Rego-Agencia-Brasil-825x575.jpg",825,575,true],"chromenews-medium":["https:\/\/noticiasbahia360.com.br\/wp-content\/uploads\/2026\/09\/Claudio-Castro-Foto-Tania-Rego-Agencia-Brasil-590x410.jpg",590,410,true]},"author_info":{"display_name":"noticiasbahia360.com.br","author_link":"https:\/\/noticiasbahia360.com.br\/?author=1"},"category_info":"<a href=\"https:\/\/noticiasbahia360.com.br\/?cat=8\" rel=\"category\">Bahia<\/a> <a href=\"https:\/\/noticiasbahia360.com.br\/?cat=9\" rel=\"category\">Brasil<\/a> <a href=\"https:\/\/noticiasbahia360.com.br\/?cat=6\" rel=\"category\">Feira de Santana<\/a> <a href=\"https:\/\/noticiasbahia360.com.br\/?cat=57\" rel=\"category\">Mundo<\/a> <a href=\"https:\/\/noticiasbahia360.com.br\/?cat=56\" rel=\"category\">Pol\u00edcia<\/a> <a href=\"https:\/\/noticiasbahia360.com.br\/?cat=10\" rel=\"category\">Pol\u00edtica<\/a>","tag_info":"Pol\u00edtica","comment_count":"0","_links":{"self":[{"href":"https:\/\/noticiasbahia360.com.br\/index.php?rest_route=\/wp\/v2\/posts\/148868","targetHints":{"allow":["GET"]}}],"collection":[{"href":"https:\/\/noticiasbahia360.com.br\/index.php?rest_route=\/wp\/v2\/posts"}],"about":[{"href":"https:\/\/noticiasbahia360.com.br\/index.php?rest_route=\/wp\/v2\/types\/post"}],"author":[{"embeddable":true,"href":"https:\/\/noticiasbahia360.com.br\/index.php?rest_route=\/wp\/v2\/users\/1"}],"replies":[{"embeddable":true,"href":"https:\/\/noticiasbahia360.com.br\/index.php?rest_route=%2Fwp%2Fv2%2Fcomments&post=148868"}],"version-history":[{"count":0,"href":"https:\/\/noticiasbahia360.com.br\/index.php?rest_route=\/wp\/v2\/posts\/148868\/revisions"}],"wp:featuredmedia":[{"embeddable":true,"href":"https:\/\/noticiasbahia360.com.br\/index.php?rest_route=\/wp\/v2\/media\/148869"}],"wp:attachment":[{"href":"https:\/\/noticiasbahia360.com.br\/index.php?rest_route=%2Fwp%2Fv2%2Fmedia&parent=148868"}],"wp:term":[{"taxonomy":"category","embeddable":true,"href":"https:\/\/noticiasbahia360.com.br\/index.php?rest_route=%2Fwp%2Fv2%2Fcategories&post=148868"},{"taxonomy":"post_tag","embeddable":true,"href":"https:\/\/noticiasbahia360.com.br\/index.php?rest_route=%2Fwp%2Fv2%2Ftags&post=148868"}],"curies":[{"name":"wp","href":"https:\/\/api.w.org\/{rel}","templated":true}]}}