{"id":148870,"date":"2026-09-04T15:04:22","date_gmt":"2026-09-04T18:04:22","guid":{"rendered":"https:\/\/noticiasbahia360.com.br\/?p=148870"},"modified":"2026-09-04T15:04:22","modified_gmt":"2026-09-04T18:04:22","slug":"laudo-poe-fim-a-versao-de-suicidio-e-aponta-que-policial-gisele-foi-assassinada-em-sp","status":"publish","type":"post","link":"https:\/\/noticiasbahia360.com.br\/?p=148870","title":{"rendered":"Laudo p\u00f5e fim \u00e0 vers\u00e3o de suic\u00eddio e aponta que policial Gisele foi assassinada em SP"},"content":{"rendered":"<div>\n<div>\n<figure><img decoding=\"async\" src=\"http:\/\/noticiasbahia360.com.br\/wp-content\/uploads\/2026\/09\/gisele-alves-delegada-sp.jpg\" alt=\"\"><figcaption>Gisele Alves Santana &#8211; Foto: Reprodu\u00e7\u00e3o\/Instagram<\/figcaption><\/figure>\n<\/div>\n<p class=\"wp-block-paragraph\">Ag\u00eancia Brasil \u2014 <strong>A hip\u00f3tese de suic\u00eddio da soldado da Pol\u00edcia Militar (PM) Gisele Alves Santana \u00e9 incompat\u00edvel com os elementos materiais analisados pela per\u00edcia, no \u00e2mbito da investiga\u00e7\u00e3o do caso. As informa\u00e7\u00f5es constam em laudo complementar do Instituto de Criminal\u00edstica de S\u00e3o Paulo, assinado na \u00faltima ter\u00e7a-feira (1\u00ba).<\/strong><img decoding=\"async\" src=\"https:\/\/agenciabrasil.ebc.com.br\/ebc.png?id=1701538&amp;o=node\"><img decoding=\"async\" src=\"https:\/\/agenciabrasil.ebc.com.br\/ebc.gif?id=1701538&amp;o=node\"><\/p>\n<p class=\"wp-block-paragraph\">\u201cA avalia\u00e7\u00e3o do conjunto de padr\u00f5es de manchas [de sangue] e demais elementos objetivos identificados no local contradizem a hip\u00f3tese de evento suicida\u201d, diz o documento.<\/p>\n<p class=\"wp-block-paragraph\">O laudo aponta ainda que houve interven\u00e7\u00e3o de segunda pessoa na morte de Gisele, o que corrobora com a hip\u00f3tese de que ela foi morta, e n\u00e3o cometeu suic\u00eddio. O tenente-coronel Geraldo Leite Rosa Neto \u00e9 r\u00e9u por feminic\u00eddio contra Gisele, sua ent\u00e3o companheira, em fevereiro deste ano.<\/p>\n<p class=\"wp-block-paragraph\">\u201cA hip\u00f3tese de interven\u00e7\u00e3o de segunda pessoa resistiu ao confronto com a totalidade dos elementos objetivos examinados, n\u00e3o tendo sido identificado elemento material que a contradissesse\u201d, diz o laudo.<\/p>\n<p class=\"wp-block-paragraph\">Gisele foi encontrada com um tiro na cabe\u00e7a, em 18 de fevereiro, no apartamento em que o casal morava. O tenente-coronel, que estava no local, chamou socorro e reportou o caso \u00e0s autoridades como suic\u00eddio. Posteriormente, o registro foi alterado para morte suspeita. A fam\u00edlia de Gisele contestou a vers\u00e3o de suic\u00eddio desde o in\u00edcio.<\/p>\n<p class=\"wp-block-paragraph\"><strong>O r\u00e9u foi preso um m\u00eas ap\u00f3s o crime, em 18 de mar\u00e7o, na cidade de S\u00e3o Jos\u00e9 dos Campos (SP). Ele segue detido no Pres\u00eddio Militar Rom\u00e3o Gomes, na capital paulista.<\/strong><\/p>\n<p class=\"wp-block-paragraph\">Em entrevista\u00a0\u00e0\u00a0<strong>Ag\u00eancia Brasil<\/strong>, o advogado da fam\u00edlia da v\u00edtima, Jos\u00e9 Miguel Silva Junior, disse que o resultado n\u00e3o \u00e9 nenhuma surpresa e que os laudos anteriores j\u00e1 descartavam a hip\u00f3tese de suic\u00eddio.<\/p>\n<p class=\"wp-block-paragraph\">\u201cDesde o in\u00edcio, n\u00f3s sempre trabalhamos com essa vertente [de feminic\u00eddio]. Os outros laudos, eles s\u00e3o patentes tamb\u00e9m de que a Gisele n\u00e3o cometeu suic\u00eddio. E a perita, ao ser ouvida,\u00a0deixou claro,\u00a0em viva voz,\u00a0que a Gisele n\u00e3o teria condi\u00e7\u00f5es de cometer suic\u00eddio\u201d, disse Silva Junior.<\/p>\n<p class=\"wp-block-paragraph\"><strong>O advogado informou que uma nova audi\u00eancia do caso ocorrer\u00e1 na pr\u00f3xima ter\u00e7a-feira (8), quando o r\u00e9u dever\u00e1 ser interrogado.<\/strong><\/p>\n<p class=\"wp-block-paragraph\">\u201cA defesa do acusado insistiu em alguns pontos, fez alguns questionamentos, os quesitos foram devidamente respondidos, e [a resposta] s\u00f3 corrobora com tudo o que tem nos autos. Ou seja, a negativa do acusado [pelo assassinato de Gisele] est\u00e1 isolada nos autos.\u201d<\/p>\n<h2 id=\"h-historico\" class=\"wp-block-heading\">Hist\u00f3rico<\/h2>\n<p class=\"wp-block-paragraph\"><strong>Laudos necrosc\u00f3picos\u00a0feitos pelo Instituto M\u00e9dico Legal (IML) no corpo de Gisele, ainda no in\u00edcio das investiga\u00e7\u00f5es, j\u00e1 apontavam les\u00f5es contundentes na face e na regi\u00e3o cervical. Tais les\u00f5es foram descritas como resultado de press\u00e3o digital e\u00a0escoria\u00e7\u00e3o compat\u00edvel com estigma ungueal, ou seja, causado por unha.<\/strong><\/p>\n<p class=\"wp-block-paragraph\">Uma testemunha vizinha disse, em depoimento, que ouviu um disparo \u00e0s 7h28 do dia da morte de Gisele. \u00c0s 7h57, Geraldo Neto acionou o Copom sobre a ocorr\u00eancia. Houve um intervalo de quase meia hora para o pedido de socorro.<\/p>\n<p class=\"wp-block-paragraph\">O advogado mencionou ainda a foto da v\u00edtima com a arma na m\u00e3o tirada pelos socorristas. Ele explicou que, na imagem, a v\u00edtima est\u00e1 com a arma na m\u00e3o, o que seria incomum em casos de suic\u00eddio.<\/p>\n<p class=\"wp-block-paragraph\">Al\u00e9m disso, o <a href=\"https:\/\/www.acordacidade.com.br\/tag\/advogado\/\" data-type=\"post_tag\" data-id=\"37975\">advogado<\/a> ressaltou que tr\u00eas mulheres policiais foram ao apartamento do casal para fazer uma limpeza horas ap\u00f3s a ocorr\u00eancia, o que j\u00e1 foi confirmado em seus depoimentos.<\/p>\n<p class=\"wp-block-paragraph\"><em>Siga o Acorda Cidade no\u00a0<\/em><a href=\"https:\/\/news.google.com\/search?q=acorda%20cidade&amp;hl=pt-BR&amp;gl=BR&amp;ceid=BR%3Apt-419\"><strong><em>Google Not\u00edcias<\/em><\/strong><\/a><em>\u00a0e receba os principais destaques do dia. Participe tamb\u00e9m dos nossos canais no\u00a0<\/em><a href=\"https:\/\/whatsapp.com\/channel\/0029Va6Rb4v3WHTNnsh8WI3N\"><strong><em>WhatsApp<\/em><\/strong><\/a><em>\u00a0e\u00a0<\/em><a href=\"https:\/\/www.youtube.com\/@acordacidadenoticias\/videos\"><strong>YouTube<\/strong><\/a><em>\u00a0e do grupo no\u00a0<\/em><a href=\"https:\/\/t.me\/+sSz0khrgARA0ZmRh\"><strong><em>Telegram<\/em><\/strong><\/a><em>.<\/em><\/p>\n<\/div>\n","protected":false},"excerpt":{"rendered":"<p>Gisele Alves Santana &#8211; Foto: Reprodu\u00e7\u00e3o\/Instagram Ag\u00eancia Brasil \u2014 A hip\u00f3tese de suic\u00eddio da soldado<\/p>\n","protected":false},"author":1,"featured_media":148871,"comment_status":"closed","ping_status":"closed","sticky":false,"template":"","format":"gallery","meta":{"footnotes":""},"categories":[8,9,6,57,56,10],"tags":[],"class_list":["post-148870","post","type-post","status-publish","format-gallery","has-post-thumbnail","hentry","category-bahia","category-brasil","category-feira-de-santana","category-mundo","category-policia","category-politica","post_format-post-format-gallery"],"featured_image_urls":{"full":["https:\/\/noticiasbahia360.com.br\/wp-content\/uploads\/2026\/09\/gisele-alves-delegada-sp.jpg",1200,718,false],"thumbnail":["https:\/\/noticiasbahia360.com.br\/wp-content\/uploads\/2026\/09\/gisele-alves-delegada-sp-150x150.jpg",150,150,true],"medium":["https:\/\/noticiasbahia360.com.br\/wp-content\/uploads\/2026\/09\/gisele-alves-delegada-sp-300x180.jpg",300,180,true],"medium_large":["https:\/\/noticiasbahia360.com.br\/wp-content\/uploads\/2026\/09\/gisele-alves-delegada-sp-768x460.jpg",640,383,true],"large":["https:\/\/noticiasbahia360.com.br\/wp-content\/uploads\/2026\/09\/gisele-alves-delegada-sp-1024x613.jpg",640,383,true],"1536x1536":["https:\/\/noticiasbahia360.com.br\/wp-content\/uploads\/2026\/09\/gisele-alves-delegada-sp.jpg",1200,718,false],"2048x2048":["https:\/\/noticiasbahia360.com.br\/wp-content\/uploads\/2026\/09\/gisele-alves-delegada-sp.jpg",1200,718,false],"chromenews-featured":["https:\/\/noticiasbahia360.com.br\/wp-content\/uploads\/2026\/09\/gisele-alves-delegada-sp-1024x613.jpg",1024,613,true],"chromenews-large":["https:\/\/noticiasbahia360.com.br\/wp-content\/uploads\/2026\/09\/gisele-alves-delegada-sp-825x575.jpg",825,575,true],"chromenews-medium":["https:\/\/noticiasbahia360.com.br\/wp-content\/uploads\/2026\/09\/gisele-alves-delegada-sp-590x410.jpg",590,410,true]},"author_info":{"display_name":"noticiasbahia360.com.br","author_link":"https:\/\/noticiasbahia360.com.br\/?author=1"},"category_info":"<a href=\"https:\/\/noticiasbahia360.com.br\/?cat=8\" rel=\"category\">Bahia<\/a> <a href=\"https:\/\/noticiasbahia360.com.br\/?cat=9\" rel=\"category\">Brasil<\/a> <a href=\"https:\/\/noticiasbahia360.com.br\/?cat=6\" rel=\"category\">Feira de Santana<\/a> <a href=\"https:\/\/noticiasbahia360.com.br\/?cat=57\" rel=\"category\">Mundo<\/a> <a href=\"https:\/\/noticiasbahia360.com.br\/?cat=56\" rel=\"category\">Pol\u00edcia<\/a> <a href=\"https:\/\/noticiasbahia360.com.br\/?cat=10\" rel=\"category\">Pol\u00edtica<\/a>","tag_info":"Pol\u00edtica","comment_count":"0","_links":{"self":[{"href":"https:\/\/noticiasbahia360.com.br\/index.php?rest_route=\/wp\/v2\/posts\/148870","targetHints":{"allow":["GET"]}}],"collection":[{"href":"https:\/\/noticiasbahia360.com.br\/index.php?rest_route=\/wp\/v2\/posts"}],"about":[{"href":"https:\/\/noticiasbahia360.com.br\/index.php?rest_route=\/wp\/v2\/types\/post"}],"author":[{"embeddable":true,"href":"https:\/\/noticiasbahia360.com.br\/index.php?rest_route=\/wp\/v2\/users\/1"}],"replies":[{"embeddable":true,"href":"https:\/\/noticiasbahia360.com.br\/index.php?rest_route=%2Fwp%2Fv2%2Fcomments&post=148870"}],"version-history":[{"count":0,"href":"https:\/\/noticiasbahia360.com.br\/index.php?rest_route=\/wp\/v2\/posts\/148870\/revisions"}],"wp:featuredmedia":[{"embeddable":true,"href":"https:\/\/noticiasbahia360.com.br\/index.php?rest_route=\/wp\/v2\/media\/148871"}],"wp:attachment":[{"href":"https:\/\/noticiasbahia360.com.br\/index.php?rest_route=%2Fwp%2Fv2%2Fmedia&parent=148870"}],"wp:term":[{"taxonomy":"category","embeddable":true,"href":"https:\/\/noticiasbahia360.com.br\/index.php?rest_route=%2Fwp%2Fv2%2Fcategories&post=148870"},{"taxonomy":"post_tag","embeddable":true,"href":"https:\/\/noticiasbahia360.com.br\/index.php?rest_route=%2Fwp%2Fv2%2Ftags&post=148870"}],"curies":[{"name":"wp","href":"https:\/\/api.w.org\/{rel}","templated":true}]}}