{"id":148872,"date":"2026-09-04T15:04:23","date_gmt":"2026-09-04T18:04:23","guid":{"rendered":"https:\/\/noticiasbahia360.com.br\/?p=148872"},"modified":"2026-09-04T15:04:23","modified_gmt":"2026-09-04T18:04:23","slug":"febre-do-nilo-ocidental-o-que-se-sabe-sobre-a-doenca-com-casos-ja-confirmados-no-brasil","status":"publish","type":"post","link":"https:\/\/noticiasbahia360.com.br\/?p=148872","title":{"rendered":"Febre do Nilo Ocidental:\u00a0o que se sabe sobre a doen\u00e7a com casos j\u00e1 confirmados no Brasil"},"content":{"rendered":"<div>\n<div>\n<figure><img decoding=\"async\" src=\"http:\/\/noticiasbahia360.com.br\/wp-content\/uploads\/2026\/09\/A-febre-do-Nilo-Ocidental-e-causada-por-um-virus-transmitido-pela-picada-de-mosquitos-sobretudo-do-genero-Culex.jpg\" alt=\"A febre do Nilo Ocidental \u00e9 causada por um v\u00edrus transmitido pela picada de mosquitos, sobretudo do g\u00eanero Culex (Imagem ilustrativa: Envato).\"><figcaption>A febre do Nilo Ocidental \u00e9 causada por um v\u00edrus transmitido pela picada de mosquitos, sobretudo do g\u00eanero Culex | Foto: (Imagem ilustrativa: Envato).<\/p>\n<\/figcaption><\/figure>\n<\/div>\n<p class=\"wp-block-paragraph\">Voc\u00ea provavelmente j\u00e1 ouviu falar em dengue,\u00a0chikungunya\u00a0e\u00a0zika, doen\u00e7as que ainda fazem parte do cotidiano dos brasileiros. Entre as\u00a0infec\u00e7\u00f5es\u00a0transmitidas por mosquitos, h\u00e1 tamb\u00e9m aquelas menos conhecidas e de ocorr\u00eancia rara no\u00a0Brasil. \u00c9 o caso da febre do Nilo Ocidental, que voltou a chamar a aten\u00e7\u00e3o das autoridades de sa\u00fade em 2026: quatro casos foram confirmados e um deles evoluiu para \u00f3bito\u00a0no pa\u00eds.\u00a0Diante desse cen\u00e1rio, conhecer os sintomas, entender como ocorre a transmiss\u00e3o e adotar medidas de preven\u00e7\u00e3o s\u00e3o importantes para reduzir os riscos de infec\u00e7\u00e3o.<\/p>\n<p class=\"wp-block-paragraph\">A febre do Nilo Ocidental \u00e9 causada por um v\u00edrus transmitido pela picada de mosquitos, sobretudo do g\u00eanero Culex. Esses insetos adquirem o v\u00edrus ao picar aves silvestres infectadas e podem transmiti-lo aos humanos. A doen\u00e7a apresenta sintomas que podem ser confundidos com os de outras arboviroses, mas a maioria das pessoas que contraem o v\u00edrus n\u00e3o apresenta sintomas ou desenvolve manifesta\u00e7\u00f5es leves.<\/p>\n<p class=\"wp-block-paragraph\">De acordo com Tobias Garcez, infectologista do Hospital de Doen\u00e7as Tropicais da Universidade Federal do Norte do Tocantins (HDT\/UFNT), vinculado \u00e0 HU Brasil, quando os sintomas aparecem, podem incluir febre de in\u00edcio repentino, mal-estar, v\u00f4mitos, dores no corpo, nos olhos e na cabe\u00e7a, al\u00e9m de manchas na pele.\u00a0Em uma parcela pequena dos pacientes, por\u00e9m, a infec\u00e7\u00e3o pode evoluir para quadros\u00a0graves.<\/p>\n<blockquote class=\"wp-block-quote is-layout-flow wp-block-quote-is-layout-flow\">\n<p class=\"wp-block-paragraph\">Nos casos mais severos, predominam manifesta\u00e7\u00f5es neurol\u00f3gicas, como encefalite, meningite ou paralisia fl\u00e1cida aguda,\u00a0semelhante \u00e0 observada na poliomielite\u00a0\u201d, afirma<\/p>\n<\/blockquote>\n<p class=\"wp-block-paragraph\">Em 2026, foram confirmados quatro casos da doen\u00e7a e o \u00f3bito de uma idosa de 77 anos. As ocorr\u00eancias foram registradas nos estados de S\u00e3o Paulo (dois casos) e Santa Catarina (dois casos, sendo um \u00f3bito). Conforme dados do Minist\u00e9rio da Sa\u00fade (MS), o primeiro registro de caso humano de febre do Nilo Ocidental ocorreu em 2014, no Piau\u00ed. Em 2018, foi registrada a presen\u00e7a do v\u00edrus em um equ\u00eddeo no Esp\u00edrito Santo.<\/p>\n<h2 id=\"h-diagnostico-e-tratamento\" class=\"wp-block-heading\">Diagn\u00f3stico e tratamento<\/h2>\n<p class=\"wp-block-paragraph\">O infectologista destaca ainda que, por ser uma infec\u00e7\u00e3o rara e espor\u00e1dica, o exame laboratorial n\u00e3o tem grande abrang\u00eancia nos servi\u00e7os de sa\u00fade devido \u00e0 baixa preval\u00eancia. Assim, as amostras normalmente s\u00e3o enviadas para os laborat\u00f3rios de sa\u00fade p\u00fablica.<\/p>\n<blockquote class=\"wp-block-quote is-layout-flow wp-block-quote-is-layout-flow\">\n<p class=\"wp-block-paragraph\">S\u00e3o exames de detec\u00e7\u00e3o de anticorpos no sangue, ap\u00f3s cinco dias de doen\u00e7a, ou de anticorpos no l\u00edquido cefalorraquidiano, ap\u00f3s oito dias, em pacientes com doen\u00e7a\u00a0neuroinvasiva\u00a0\u201d, pontua Tobias Garcez<\/p>\n<\/blockquote>\n<p class=\"wp-block-paragraph\">Considerando que n\u00e3o h\u00e1 vacina nem tratamento antiviral espec\u00edfico para a doen\u00e7a em humanos, o m\u00e9dico alerta que a preven\u00e7\u00e3o \u00e9 a melhor aliada para evitar novas infec\u00e7\u00f5es. No \u00e2mbito da gest\u00e3o p\u00fablica, essa etapa deve envolver vigil\u00e2ncia entomol\u00f3gica (monitoramento e controle da presen\u00e7a de mosquitos transmissores de\u00a0doen\u00e7as). Para cada pessoa, s\u00e3o recomendados o uso de repelente e a ado\u00e7\u00e3o de barreiras f\u00edsicas em casa, com o objetivo de evitar a entrada do mosquito, al\u00e9m da elimina\u00e7\u00e3o de \u00e1gua parada.<\/p>\n<p class=\"wp-block-paragraph\">O profissional tranquiliza a popula\u00e7\u00e3o sobre os riscos de\u00a0transmiss\u00e3o da\u00a0febre do Nilo Ocidental.<\/p>\n<blockquote class=\"wp-block-quote is-layout-flow wp-block-quote-is-layout-flow\">\n<p class=\"wp-block-paragraph\">N\u00e3o h\u00e1 motivo de afli\u00e7\u00e3o para as pessoas. J\u00e1 os gestores e \u00f3rg\u00e3os p\u00fablicos devem formalizar protocolos, fluxos e notas t\u00e9cnicas se os casos continuarem aumentando\u201d, finaliza o especialista<\/p>\n<\/blockquote>\n<h2 id=\"h-sobre-a-hu-brasil\" class=\"wp-block-heading\">Sobre a HU Brasil<\/h2>\n<p class=\"wp-block-paragraph\">O HDT-UFNT\u202fintegra a Rede HU Brasil desde 2015. Criada por meio da Lei n\u00ba 12.550\/2011 e vinculada ao Minist\u00e9rio da Educa\u00e7\u00e3o (MEC), a estatal nasceu tendo como nome oficial Empresa Brasileira de Servi\u00e7os Hospitalares (Ebserh). \u00c9 respons\u00e1vel pela administra\u00e7\u00e3o de 47 hospitais universit\u00e1rios federais em 25 unidades da federa\u00e7\u00e3o.<\/p>\n<p class=\"wp-block-paragraph\"><em>Por Manuela Pereira, com edi\u00e7\u00e3o de George Miranda<br \/><\/em><em>Unidade de Imprensa Regional Nordeste e Norte (UIRNN)<br \/><\/em><em>Ger\u00eancia Executiva de Comunica\u00e7\u00e3o Social\u00a0da Rede\u00a0HU Brasil<\/em><\/p>\n<p class=\"wp-block-paragraph\"><strong>Leia tamb\u00e9m:<\/strong><\/p>\n<p class=\"wp-block-paragraph\"><a href=\"https:\/\/www.acordacidade.com.br\/saude\/dois-primeiros-casos-de-febre-do-nilo-ocidental-sao-confirmados-em-sao-paulo\/\" data-type=\"link\" data-id=\"https:\/\/www.acordacidade.com.br\/saude\/dois-primeiros-casos-de-febre-do-nilo-ocidental-sao-confirmados-em-sao-paulo\/\">Dois primeiros casos de febre do Nilo Ocidental s\u00e3o confirmados em S\u00e3o Paulo<\/a><\/p>\n<p class=\"wp-block-paragraph\"><em>Siga o Acorda Cidade no\u00a0<\/em><a href=\"https:\/\/news.google.com\/search?q=acorda%20cidade&amp;hl=pt-BR&amp;gl=BR&amp;ceid=BR%3Apt-419\"><strong><em>Google Not\u00edcias<\/em><\/strong><\/a><em>\u00a0e receba os principais destaques do dia. Participe tamb\u00e9m dos nossos canais no\u00a0<\/em><a href=\"https:\/\/www.whatsapp.com\/channel\/0029Va6Rb4v3WHTNnsh8WI3N\"><strong><em>WhatsApp<\/em><\/strong><\/a><em>\u00a0e\u00a0<\/em><a href=\"https:\/\/www.youtube.com\/@acordacidadenoticias\/videos\"><strong>YouTube<\/strong><\/a><em>\u00a0e do grupo no\u00a0<\/em><a href=\"https:\/\/t.me\/+sSz0khrgARA0ZmRh\"><strong><em>Telegram<\/em><\/strong><\/a><\/p>\n<\/div>\n","protected":false},"excerpt":{"rendered":"<p>A febre do Nilo Ocidental \u00e9 causada por um v\u00edrus transmitido pela picada de mosquitos,<\/p>\n","protected":false},"author":1,"featured_media":148873,"comment_status":"closed","ping_status":"closed","sticky":false,"template":"","format":"gallery","meta":{"footnotes":""},"categories":[8,9,6,57,56,10],"tags":[],"class_list":["post-148872","post","type-post","status-publish","format-gallery","has-post-thumbnail","hentry","category-bahia","category-brasil","category-feira-de-santana","category-mundo","category-policia","category-politica","post_format-post-format-gallery"],"featured_image_urls":{"full":["https:\/\/noticiasbahia360.com.br\/wp-content\/uploads\/2026\/09\/A-febre-do-Nilo-Ocidental-e-causada-por-um-virus-transmitido-pela-picada-de-mosquitos-sobretudo-do-genero-Culex.jpg",1200,734,false],"thumbnail":["https:\/\/noticiasbahia360.com.br\/wp-content\/uploads\/2026\/09\/A-febre-do-Nilo-Ocidental-e-causada-por-um-virus-transmitido-pela-picada-de-mosquitos-sobretudo-do-genero-Culex-150x150.jpg",150,150,true],"medium":["https:\/\/noticiasbahia360.com.br\/wp-content\/uploads\/2026\/09\/A-febre-do-Nilo-Ocidental-e-causada-por-um-virus-transmitido-pela-picada-de-mosquitos-sobretudo-do-genero-Culex-300x184.jpg",300,184,true],"medium_large":["https:\/\/noticiasbahia360.com.br\/wp-content\/uploads\/2026\/09\/A-febre-do-Nilo-Ocidental-e-causada-por-um-virus-transmitido-pela-picada-de-mosquitos-sobretudo-do-genero-Culex-768x470.jpg",640,392,true],"large":["https:\/\/noticiasbahia360.com.br\/wp-content\/uploads\/2026\/09\/A-febre-do-Nilo-Ocidental-e-causada-por-um-virus-transmitido-pela-picada-de-mosquitos-sobretudo-do-genero-Culex-1024x626.jpg",640,391,true],"1536x1536":["https:\/\/noticiasbahia360.com.br\/wp-content\/uploads\/2026\/09\/A-febre-do-Nilo-Ocidental-e-causada-por-um-virus-transmitido-pela-picada-de-mosquitos-sobretudo-do-genero-Culex.jpg",1200,734,false],"2048x2048":["https:\/\/noticiasbahia360.com.br\/wp-content\/uploads\/2026\/09\/A-febre-do-Nilo-Ocidental-e-causada-por-um-virus-transmitido-pela-picada-de-mosquitos-sobretudo-do-genero-Culex.jpg",1200,734,false],"chromenews-featured":["https:\/\/noticiasbahia360.com.br\/wp-content\/uploads\/2026\/09\/A-febre-do-Nilo-Ocidental-e-causada-por-um-virus-transmitido-pela-picada-de-mosquitos-sobretudo-do-genero-Culex-1024x626.jpg",1024,626,true],"chromenews-large":["https:\/\/noticiasbahia360.com.br\/wp-content\/uploads\/2026\/09\/A-febre-do-Nilo-Ocidental-e-causada-por-um-virus-transmitido-pela-picada-de-mosquitos-sobretudo-do-genero-Culex-825x575.jpg",825,575,true],"chromenews-medium":["https:\/\/noticiasbahia360.com.br\/wp-content\/uploads\/2026\/09\/A-febre-do-Nilo-Ocidental-e-causada-por-um-virus-transmitido-pela-picada-de-mosquitos-sobretudo-do-genero-Culex-590x410.jpg",590,410,true]},"author_info":{"display_name":"noticiasbahia360.com.br","author_link":"https:\/\/noticiasbahia360.com.br\/?author=1"},"category_info":"<a href=\"https:\/\/noticiasbahia360.com.br\/?cat=8\" rel=\"category\">Bahia<\/a> <a href=\"https:\/\/noticiasbahia360.com.br\/?cat=9\" rel=\"category\">Brasil<\/a> <a href=\"https:\/\/noticiasbahia360.com.br\/?cat=6\" rel=\"category\">Feira de Santana<\/a> <a href=\"https:\/\/noticiasbahia360.com.br\/?cat=57\" rel=\"category\">Mundo<\/a> <a href=\"https:\/\/noticiasbahia360.com.br\/?cat=56\" rel=\"category\">Pol\u00edcia<\/a> <a href=\"https:\/\/noticiasbahia360.com.br\/?cat=10\" rel=\"category\">Pol\u00edtica<\/a>","tag_info":"Pol\u00edtica","comment_count":"0","_links":{"self":[{"href":"https:\/\/noticiasbahia360.com.br\/index.php?rest_route=\/wp\/v2\/posts\/148872","targetHints":{"allow":["GET"]}}],"collection":[{"href":"https:\/\/noticiasbahia360.com.br\/index.php?rest_route=\/wp\/v2\/posts"}],"about":[{"href":"https:\/\/noticiasbahia360.com.br\/index.php?rest_route=\/wp\/v2\/types\/post"}],"author":[{"embeddable":true,"href":"https:\/\/noticiasbahia360.com.br\/index.php?rest_route=\/wp\/v2\/users\/1"}],"replies":[{"embeddable":true,"href":"https:\/\/noticiasbahia360.com.br\/index.php?rest_route=%2Fwp%2Fv2%2Fcomments&post=148872"}],"version-history":[{"count":0,"href":"https:\/\/noticiasbahia360.com.br\/index.php?rest_route=\/wp\/v2\/posts\/148872\/revisions"}],"wp:featuredmedia":[{"embeddable":true,"href":"https:\/\/noticiasbahia360.com.br\/index.php?rest_route=\/wp\/v2\/media\/148873"}],"wp:attachment":[{"href":"https:\/\/noticiasbahia360.com.br\/index.php?rest_route=%2Fwp%2Fv2%2Fmedia&parent=148872"}],"wp:term":[{"taxonomy":"category","embeddable":true,"href":"https:\/\/noticiasbahia360.com.br\/index.php?rest_route=%2Fwp%2Fv2%2Fcategories&post=148872"},{"taxonomy":"post_tag","embeddable":true,"href":"https:\/\/noticiasbahia360.com.br\/index.php?rest_route=%2Fwp%2Fv2%2Ftags&post=148872"}],"curies":[{"name":"wp","href":"https:\/\/api.w.org\/{rel}","templated":true}]}}