{"id":148874,"date":"2026-09-04T15:04:25","date_gmt":"2026-09-04T18:04:25","guid":{"rendered":"https:\/\/noticiasbahia360.com.br\/?p=148874"},"modified":"2026-09-04T15:04:25","modified_gmt":"2026-09-04T18:04:25","slug":"diretora-de-cultura-de-coaraci-fica-ferida-apos-carro-capotar-e-cair-em-ribanceira-na-ba-262","status":"publish","type":"post","link":"https:\/\/noticiasbahia360.com.br\/?p=148874","title":{"rendered":"Diretora de Cultura de Coaraci fica ferida ap\u00f3s carro capotar e cair em ribanceira na BA-262"},"content":{"rendered":"<div>\n<div>\n<figure><img decoding=\"async\" src=\"http:\/\/noticiasbahia360.com.br\/wp-content\/uploads\/2026\/09\/diretora-de-cultura-coraci-carro-capotou.jpg\" alt=\"Diretora de Cultura de Coaraci fica ferida ap\u00f3s carro capotar e cair em ribanceira na BA-262\"><figcaption>Foto: Redes sociais<\/figcaption><\/figure>\n<\/div>\n<p class=\"wp-block-paragraph\">A diretora de Cultura de Coaraci, Mara Moura, conhecida como Mara Bahia, ficou ferida ap\u00f3s o carro que dirigia sair da pista, capotar e cair em uma ribanceira \u00e0s margens do Rio Almada. O acidente aconteceu na manh\u00e3 desta quinta-feira (3), na BA-262, entre os distritos de Uni\u00e3o e Sequeiro Grande, em Itaju\u00edpe, no sul da Bahia.<\/p>\n<p class=\"wp-block-paragraph\">De acordo com as informa\u00e7\u00f5es iniciais, Mara estava sozinha no ve\u00edculo quando perdeu o controle da dire\u00e7\u00e3o. Ap\u00f3s deixar a pista, o carro capotou e terminou em uma \u00e1rea de dif\u00edcil acesso \u00e0s margens do rio.<\/p>\n<p class=\"wp-block-paragraph\">Equipes do Servi\u00e7o de Atendimento M\u00f3vel de Urg\u00eancia (Samu) e do Corpo de Bombeiros foram acionadas para fazer o resgate. Mara foi encontrada consciente e retirada do <a href=\"https:\/\/www.acordacidade.com.br\/tag\/veiculo\/\" data-type=\"post_tag\" data-id=\"39665\">ve\u00edculo<\/a> pelas equipes de socorro.<\/p>\n<p class=\"wp-block-paragraph\">Ela foi encaminhada ao Hospital de Base Lu\u00eds Eduardo Magalh\u00e3es, em Itabuna, onde passou por avalia\u00e7\u00e3o m\u00e9dica. Os principais ferimentos foram registrados na regi\u00e3o do rosto. Ainda segundo as informa\u00e7\u00f5es iniciais, os m\u00e9dicos avaliam a possibilidade de que ela precise passar por um procedimento cir\u00fargico.<\/p>\n<figure class=\"wp-block-image size-full\"><img fetchpriority=\"high\" decoding=\"async\" width=\"1200\" height=\"867\" src=\"http:\/\/noticiasbahia360.com.br\/wp-content\/uploads\/2026\/09\/diretora-de-cultura-coraci-ferida-samu-carro.jpg\" alt=\"Diretora de Cultura de Coaraci fica ferida ap\u00f3s carro capotar e cair em ribanceira na BA-262\" class=\"wp-image-688088\" srcset=\"http:\/\/noticiasbahia360.com.br\/wp-content\/uploads\/2026\/09\/diretora-de-cultura-coraci-ferida-samu-carro.jpg 1200w, https:\/\/uploads.acordacidade.com.br\/2026\/09\/diretora-de-cultura-coraci-ferida-samu-carro-750x542.jpg 750w, https:\/\/uploads.acordacidade.com.br\/2026\/09\/diretora-de-cultura-coraci-ferida-samu-carro-1000x723.jpg 1000w, https:\/\/uploads.acordacidade.com.br\/2026\/09\/diretora-de-cultura-coraci-ferida-samu-carro-450x325.jpg 450w, https:\/\/uploads.acordacidade.com.br\/2026\/09\/diretora-de-cultura-coraci-ferida-samu-carro-150x108.jpg 150w\" sizes=\"(max-width: 1200px) 100vw, 1200px\"><figcaption class=\"wp-element-caption\">Foto: Redes sociais<\/figcaption><\/figure>\n<p class=\"wp-block-paragraph\">As circunst\u00e2ncias que levaram \u00e0 perda de controle do ve\u00edculo n\u00e3o foram detalhadas.<\/p>\n<p class=\"wp-block-paragraph\">As informa\u00e7\u00f5es sobre o acidente foram divulgadas pelo site Giro Ipia\u00fa, com base nos primeiros relatos sobre a ocorr\u00eancia.<\/p>\n<p class=\"wp-block-paragraph\"><em>Siga o Acorda Cidade no\u00a0<\/em><a href=\"https:\/\/news.google.com\/search?q=acorda%20cidade&amp;hl=pt-BR&amp;gl=BR&amp;ceid=BR%3Apt-419\"><strong><em>Google Not\u00edcias<\/em><\/strong><\/a><em>\u00a0e receba os principais destaques do dia. Participe tamb\u00e9m dos nossos canais no\u00a0<\/em><a href=\"https:\/\/whatsapp.com\/channel\/0029Va6Rb4v3WHTNnsh8WI3N\"><strong><em>WhatsApp<\/em><\/strong><\/a><em>\u00a0e\u00a0<\/em><a href=\"https:\/\/www.youtube.com\/@acordacidadenoticias\/videos\"><strong>YouTube<\/strong><\/a><em>\u00a0e do grupo no\u00a0<\/em><a href=\"https:\/\/t.me\/+sSz0khrgARA0ZmRh\"><strong><em>Telegram<\/em><\/strong><\/a><em>.<\/em><\/p>\n<\/div>\n","protected":false},"excerpt":{"rendered":"<p>Foto: Redes sociais A diretora de Cultura de Coaraci, Mara Moura, conhecida como Mara Bahia,<\/p>\n","protected":false},"author":1,"featured_media":148875,"comment_status":"closed","ping_status":"closed","sticky":false,"template":"","format":"gallery","meta":{"footnotes":""},"categories":[8,9,6,57,56,10],"tags":[],"class_list":["post-148874","post","type-post","status-publish","format-gallery","has-post-thumbnail","hentry","category-bahia","category-brasil","category-feira-de-santana","category-mundo","category-policia","category-politica","post_format-post-format-gallery"],"featured_image_urls":{"full":["https:\/\/noticiasbahia360.com.br\/wp-content\/uploads\/2026\/09\/diretora-de-cultura-coraci-carro-capotou.jpg",1200,811,false],"thumbnail":["https:\/\/noticiasbahia360.com.br\/wp-content\/uploads\/2026\/09\/diretora-de-cultura-coraci-carro-capotou-150x150.jpg",150,150,true],"medium":["https:\/\/noticiasbahia360.com.br\/wp-content\/uploads\/2026\/09\/diretora-de-cultura-coraci-carro-capotou-300x203.jpg",300,203,true],"medium_large":["https:\/\/noticiasbahia360.com.br\/wp-content\/uploads\/2026\/09\/diretora-de-cultura-coraci-carro-capotou-768x519.jpg",640,433,true],"large":["https:\/\/noticiasbahia360.com.br\/wp-content\/uploads\/2026\/09\/diretora-de-cultura-coraci-carro-capotou-1024x692.jpg",640,433,true],"1536x1536":["https:\/\/noticiasbahia360.com.br\/wp-content\/uploads\/2026\/09\/diretora-de-cultura-coraci-carro-capotou.jpg",1200,811,false],"2048x2048":["https:\/\/noticiasbahia360.com.br\/wp-content\/uploads\/2026\/09\/diretora-de-cultura-coraci-carro-capotou.jpg",1200,811,false],"chromenews-featured":["https:\/\/noticiasbahia360.com.br\/wp-content\/uploads\/2026\/09\/diretora-de-cultura-coraci-carro-capotou-1024x692.jpg",1024,692,true],"chromenews-large":["https:\/\/noticiasbahia360.com.br\/wp-content\/uploads\/2026\/09\/diretora-de-cultura-coraci-carro-capotou-825x575.jpg",825,575,true],"chromenews-medium":["https:\/\/noticiasbahia360.com.br\/wp-content\/uploads\/2026\/09\/diretora-de-cultura-coraci-carro-capotou-590x410.jpg",590,410,true]},"author_info":{"display_name":"noticiasbahia360.com.br","author_link":"https:\/\/noticiasbahia360.com.br\/?author=1"},"category_info":"<a href=\"https:\/\/noticiasbahia360.com.br\/?cat=8\" rel=\"category\">Bahia<\/a> <a href=\"https:\/\/noticiasbahia360.com.br\/?cat=9\" rel=\"category\">Brasil<\/a> <a href=\"https:\/\/noticiasbahia360.com.br\/?cat=6\" rel=\"category\">Feira de Santana<\/a> <a href=\"https:\/\/noticiasbahia360.com.br\/?cat=57\" rel=\"category\">Mundo<\/a> <a href=\"https:\/\/noticiasbahia360.com.br\/?cat=56\" rel=\"category\">Pol\u00edcia<\/a> <a href=\"https:\/\/noticiasbahia360.com.br\/?cat=10\" rel=\"category\">Pol\u00edtica<\/a>","tag_info":"Pol\u00edtica","comment_count":"0","_links":{"self":[{"href":"https:\/\/noticiasbahia360.com.br\/index.php?rest_route=\/wp\/v2\/posts\/148874","targetHints":{"allow":["GET"]}}],"collection":[{"href":"https:\/\/noticiasbahia360.com.br\/index.php?rest_route=\/wp\/v2\/posts"}],"about":[{"href":"https:\/\/noticiasbahia360.com.br\/index.php?rest_route=\/wp\/v2\/types\/post"}],"author":[{"embeddable":true,"href":"https:\/\/noticiasbahia360.com.br\/index.php?rest_route=\/wp\/v2\/users\/1"}],"replies":[{"embeddable":true,"href":"https:\/\/noticiasbahia360.com.br\/index.php?rest_route=%2Fwp%2Fv2%2Fcomments&post=148874"}],"version-history":[{"count":0,"href":"https:\/\/noticiasbahia360.com.br\/index.php?rest_route=\/wp\/v2\/posts\/148874\/revisions"}],"wp:featuredmedia":[{"embeddable":true,"href":"https:\/\/noticiasbahia360.com.br\/index.php?rest_route=\/wp\/v2\/media\/148875"}],"wp:attachment":[{"href":"https:\/\/noticiasbahia360.com.br\/index.php?rest_route=%2Fwp%2Fv2%2Fmedia&parent=148874"}],"wp:term":[{"taxonomy":"category","embeddable":true,"href":"https:\/\/noticiasbahia360.com.br\/index.php?rest_route=%2Fwp%2Fv2%2Fcategories&post=148874"},{"taxonomy":"post_tag","embeddable":true,"href":"https:\/\/noticiasbahia360.com.br\/index.php?rest_route=%2Fwp%2Fv2%2Ftags&post=148874"}],"curies":[{"name":"wp","href":"https:\/\/api.w.org\/{rel}","templated":true}]}}