{"id":148877,"date":"2026-09-04T15:04:26","date_gmt":"2026-09-04T18:04:26","guid":{"rendered":"https:\/\/noticiasbahia360.com.br\/?p=148877"},"modified":"2026-09-04T15:04:26","modified_gmt":"2026-09-04T18:04:26","slug":"com-investimento-em-torno-de-r-5-milhoes-47a-expofeira-2026-espera-receber-uma-media-de-400-mil-visitantes","status":"publish","type":"post","link":"https:\/\/noticiasbahia360.com.br\/?p=148877","title":{"rendered":"Com investimento em torno de R$ 5 milh\u00f5es, 47\u00aa Expofeira 2026 espera receber uma m\u00e9dia de 400 mil visitantes"},"content":{"rendered":"<div>\n<div>\n<figure><img decoding=\"async\" src=\"http:\/\/noticiasbahia360.com.br\/wp-content\/uploads\/2026\/09\/46a-expofeira-2025-foto-ed-santos-acorda-cidade-1.jpg\" alt=\"Expofeira 2025 chega ao fim com grande movimenta\u00e7\u00e3o e destaque para o agroneg\u00f3cio local\"><figcaption>Foto: Ed Santos\/Acorda Cidade (Arquivo) | Expofeira 2025 atraiu cerca de 360 mil visitantes.  <\/figcaption><\/figure>\n<\/div>\n<p class=\"wp-block-paragraph\">\u00c0s v\u00e9speras da 47\u00aa Expofeira 2026, que acontece entre os pr\u00f3ximos dias 6 e 13 de setembro, a Prefeitura de Feira de Santana realizou nesta sexta-feira (4) o tradicional almo\u00e7o institucional, com a participa\u00e7\u00e3o de representantes da imprensa. O encontro ocorreu no Parque Jo\u00e3o Martins da Silva e marca o in\u00edcio da cobertura do evento agropecu\u00e1rio.<\/p>\n<figure class=\"wp-block-image size-full\"><img fetchpriority=\"high\" fetchpriority=\"high\" decoding=\"async\" width=\"1200\" height=\"900\" src=\"http:\/\/noticiasbahia360.com.br\/wp-content\/uploads\/2026\/09\/Expofeira-1.jpg\" alt=\"Expofeira\" class=\"wp-image-688103\" srcset=\"http:\/\/noticiasbahia360.com.br\/wp-content\/uploads\/2026\/09\/Expofeira-1.jpg 1200w, https:\/\/uploads.acordacidade.com.br\/2026\/09\/Expofeira-1-750x563.jpg 750w, https:\/\/uploads.acordacidade.com.br\/2026\/09\/Expofeira-1-1000x750.jpg 1000w, https:\/\/uploads.acordacidade.com.br\/2026\/09\/Expofeira-1-450x338.jpg 450w, https:\/\/uploads.acordacidade.com.br\/2026\/09\/Expofeira-1-150x113.jpg 150w\" sizes=\"(max-width: 1200px) 100vw, 1200px\"><figcaption class=\"wp-element-caption\">Foto: Ney Silva\/Acorda Cidade<\/figcaption><\/figure>\n<p class=\"wp-block-paragraph\">Durante a coletiva de imprensa, o prefeito Jos\u00e9 Ronaldo de Carvalho falou sobre os investimentos realizados em toda a estrutura do evento, que giram em torno de R$ 5 milh\u00f5es.<\/p>\n<figure class=\"wp-block-image size-full\"><img decoding=\"async\" width=\"1200\" height=\"900\" src=\"http:\/\/noticiasbahia360.com.br\/wp-content\/uploads\/2026\/09\/Jose-Ronaldo.jpg\" alt=\"Lan\u00e7amento Expofeira\" class=\"wp-image-688101\" srcset=\"http:\/\/noticiasbahia360.com.br\/wp-content\/uploads\/2026\/09\/Jose-Ronaldo.jpg 1200w, https:\/\/uploads.acordacidade.com.br\/2026\/09\/Jose-Ronaldo-750x563.jpg 750w, https:\/\/uploads.acordacidade.com.br\/2026\/09\/Jose-Ronaldo-1000x750.jpg 1000w, https:\/\/uploads.acordacidade.com.br\/2026\/09\/Jose-Ronaldo-450x338.jpg 450w, https:\/\/uploads.acordacidade.com.br\/2026\/09\/Jose-Ronaldo-150x113.jpg 150w\" sizes=\"(max-width: 1200px) 100vw, 1200px\"><figcaption class=\"wp-element-caption\">Foto: Ney Silva\/Acorda Cidade<\/figcaption><\/figure>\n<p class=\"wp-block-paragraph\">\u201cConseguimos asfaltar\u00a0mais ruas aqui dentro do parque, houve uma mudan\u00e7a muito grande do local do Redondel\u00a0para outro, onde acontecia apenas o desfile de uma prova, e agora voc\u00ea pode ter\u00a0o desfile de tr\u00eas ra\u00e7as ao mesmo tempo. O espa\u00e7o de expositores ampliou de\u00a0forma significativa, foram 54 empresas no ano passado, agora d\u00e1 para mais\u00a0de 135 empresas. O espa\u00e7o do Caminho da Ro\u00e7a tamb\u00e9m modificou,\u00a0a ilumina\u00e7\u00e3o do parque foi ampliada, o n\u00famero de vagas para estacionamento aumentou e o transporte de \u00f4nibus nessa expofeira mais uma vez vai ser gratuito,\u00a0para o parque de exposi\u00e7\u00e3o\u201d, elencou o prefeito Jos\u00e9 Ronaldo.<\/p>\n<p class=\"wp-block-paragraph\">Al\u00e9m de todos os atrativos anunciados para a Expofeira, o Parque contar\u00e1 tamb\u00e9m um espa\u00e7o da Secretaria de Sa\u00fade, onde ser\u00e3o ofertados diversos servi\u00e7os, incluindo a vacina\u00e7\u00e3o contra dT, Hepatite B, Tr\u00edplice viral, Febre amarela, Influenza e a Covid-19.<\/p>\n<h2 id=\"h-rodeio-beneficente\" class=\"wp-block-heading\">Rodeio beneficente<\/h2>\n<p class=\"wp-block-paragraph\">O prefeito Jos\u00e9 Ronaldo convidou ainda a popula\u00e7\u00e3o feirense e da regi\u00e3o a prestigiar os rodeios beneficentes, que retornam ao parque ap\u00f3s quase duas d\u00e9cadas.<\/p>\n<p class=\"wp-block-paragraph\">\u201cO rodeio n\u00e3o \u00e9 pago, mas n\u00f3s estamos solicitando \u00e0s pessoas que, se puderem, contribuam com um quilo de alimento, para que\u00a0seja doado a entidades filantr\u00f3picas de Feira de Santana. N\u00e3o \u00e9 uma doa\u00e7\u00e3o obrigat\u00f3ria,\u00a0mas quem puder, contribua.\u201d<\/p>\n<figure class=\"wp-block-image size-full\"><img decoding=\"async\" width=\"1200\" height=\"900\" src=\"http:\/\/noticiasbahia360.com.br\/wp-content\/uploads\/2026\/09\/Lancamento-Expofeira.jpg\" alt=\"Lan\u00e7amento Expofeira\" class=\"wp-image-688099\" srcset=\"http:\/\/noticiasbahia360.com.br\/wp-content\/uploads\/2026\/09\/Lancamento-Expofeira.jpg 1200w, https:\/\/uploads.acordacidade.com.br\/2026\/09\/Lancamento-Expofeira-750x563.jpg 750w, https:\/\/uploads.acordacidade.com.br\/2026\/09\/Lancamento-Expofeira-1000x750.jpg 1000w, https:\/\/uploads.acordacidade.com.br\/2026\/09\/Lancamento-Expofeira-450x338.jpg 450w, https:\/\/uploads.acordacidade.com.br\/2026\/09\/Lancamento-Expofeira-150x113.jpg 150w\" sizes=\"(max-width: 1200px) 100vw, 1200px\"><figcaption class=\"wp-element-caption\">Foto: Ney Silva\/Acorda Cidade<\/figcaption><\/figure>\n<h2 id=\"h-expectativa-de-publico\" class=\"wp-block-heading\">Expectativa de p\u00fablico<\/h2>\n<p class=\"wp-block-paragraph\">Tamb\u00e9m em entrevista ao Acorda Cidade, o secret\u00e1rio de agricultura e recursos h\u00eddricos, Silvaney Ara\u00fajo, a expectativa dos organizadores \u00e9 que este ano a Expofeira atraia um p\u00fablico aproximado de 400 mil pessoas.<\/p>\n<figure class=\"wp-block-image size-full\"><img decoding=\"async\" width=\"1200\" height=\"900\" src=\"http:\/\/noticiasbahia360.com.br\/wp-content\/uploads\/2026\/09\/Secretario-Silvaney-Araujo.jpg\" alt=\"Secret\u00e1rio Silvaney Ara\u00fajo\" class=\"wp-image-688104\" srcset=\"http:\/\/noticiasbahia360.com.br\/wp-content\/uploads\/2026\/09\/Secretario-Silvaney-Araujo.jpg 1200w, https:\/\/uploads.acordacidade.com.br\/2026\/09\/Secretario-Silvaney-Araujo-750x563.jpg 750w, https:\/\/uploads.acordacidade.com.br\/2026\/09\/Secretario-Silvaney-Araujo-1000x750.jpg 1000w, https:\/\/uploads.acordacidade.com.br\/2026\/09\/Secretario-Silvaney-Araujo-450x338.jpg 450w, https:\/\/uploads.acordacidade.com.br\/2026\/09\/Secretario-Silvaney-Araujo-150x113.jpg 150w\" sizes=\"(max-width: 1200px) 100vw, 1200px\"><figcaption class=\"wp-element-caption\">Foto: Ney Silva\/Acorda Cidade<\/figcaption><\/figure>\n<p class=\"wp-block-paragraph\">\u201cS\u00e3o muitas novidades que a gente vem trazendo,\u00a0levando a Expofeira para o tamanho que ela merece,\u00a0a um n\u00edvel de uma feira internacional, com investimento do setor p\u00fablico,\u00a0do setor privado, e a gente vem construindo um grande espa\u00e7o de neg\u00f3cios como \u00e9 a nossa Expofeira.\u201d<\/p>\n<p class=\"wp-block-paragraph\">O secret\u00e1rio destacou os investimentos da prefeitura tamb\u00e9m na parte de drenagem das vias, ajustes na parte hidr\u00e1ulica, a manuten\u00e7\u00e3o da rede el\u00e9trica das estruturas que ir\u00e3o abrigar os comerciantes, o p\u00fablico e os animais.<\/p>\n<p class=\"wp-block-paragraph\">\u201cTeremos aqui durante oito dias mais de 1.500 animais presentes, cerca de 200 expositores, e mais de 300 ambulantes, al\u00e9m do p\u00fablico. A gente espera mais de 50 mil pessoas por dia.\u201d<\/p>\n<figure class=\"wp-block-image size-full\"><img loading=\"lazy\" decoding=\"async\" width=\"1200\" height=\"900\" src=\"http:\/\/noticiasbahia360.com.br\/wp-content\/uploads\/2026\/09\/Almoco-Expofeira.jpg\" alt=\"Almo\u00e7o Expofeira\" class=\"wp-image-688109\" srcset=\"http:\/\/noticiasbahia360.com.br\/wp-content\/uploads\/2026\/09\/Almoco-Expofeira.jpg 1200w, https:\/\/uploads.acordacidade.com.br\/2026\/09\/Almoco-Expofeira-750x563.jpg 750w, https:\/\/uploads.acordacidade.com.br\/2026\/09\/Almoco-Expofeira-1000x750.jpg 1000w, https:\/\/uploads.acordacidade.com.br\/2026\/09\/Almoco-Expofeira-450x338.jpg 450w, https:\/\/uploads.acordacidade.com.br\/2026\/09\/Almoco-Expofeira-150x113.jpg 150w\" sizes=\"(max-width: 1200px) 100vw, 1200px\"><figcaption class=\"wp-element-caption\">Foto: Ney Silva\/Acorda Cidade<\/figcaption><\/figure>\n<p class=\"wp-block-paragraph\">Outros destaques da festa, de acordo com Silvaney Ara\u00fajo, s\u00e3o o palco montado para receber os artistas que ir\u00e3o tocar durante os dias do evento, o expositores do tradicional Caminho da Ro\u00e7a, com produtos variados que valorizam a arte e a culin\u00e1ria regional, al\u00e9m dos leil\u00f5es que consolidam Feira de Santana como polo de agroneg\u00f3cios.<\/p>\n<p class=\"wp-block-paragraph\">\u201cFeira de Santana vem trazendo em seu DNA esse investimento do nosso prefeito, n\u00e3o tenho d\u00favida que o p\u00fablico\u00a0voltou forte e acreditando na Expofeira.\u00a0A gente tem hoje os maiores p\u00fablicos de cavalos,\u00a0as maiores ra\u00e7as, as maiores gen\u00e9ticas. A gente est\u00e1 com mais de sete ra\u00e7as aqui presentes no nosso parque,\u00a0que \u00e9 um hist\u00f3rico para a nossa cidade, com animais ex\u00f3ticos como a Alpaca, a Lhama\u00a0e outros animais aqui presentes.\u201d<\/p>\n<h2 id=\"h-confira-abaixo-mais-detalhes-da-programacao-da-47\u00aa-expofeira-2026\" class=\"wp-block-heading\">Confira abaixo mais detalhes da programa\u00e7\u00e3o da 47\u00aa Expofeira 2026:<\/h2>\n<h3 id=\"h-programacao-shows-caminho-da-roca\" class=\"wp-block-heading\"><strong>Programa\u00e7\u00e3o \u2014 Shows Caminho da Ro\u00e7a:<\/strong><\/h3>\n<ul class=\"wp-block-list\">\n<li><strong>DOM (06\/09) \u2013 A partir das 16h:<\/strong> Jo\u00e3o e Lara | Quintal de Tia Carla | Igor Rei da Farra<\/li>\n<li><strong>SEG (07\/09) \u2013 A partir das 16h:<\/strong> Ney Jamaica | Serest\u00e3o do Lopes | Ed Brown<\/li>\n<li><strong>TER (08\/09) \u2013 A partir das 18h30:<\/strong> L\u00e9o Sandys | J\u00falia Elyasha<\/li>\n<li><strong>QUA (09\/09) \u2013 A partir das 16h:<\/strong> Pastor Henrique Peterson | Roniere Silva | Vange Vamos Louvar<\/li>\n<li><strong>QUI (10\/09) \u2013 A partir das 19h:<\/strong> 80 na Pista | Lagedor<\/li>\n<li><strong>SEX (11\/09) \u2013 A partir das 16h30:<\/strong> Fran\u00e7a Lima | Gala da Seresta | Aladim<\/li>\n<li><strong>S\u00c1B (12\/09) \u2013 A partir das 16h:<\/strong> Xamego da Gente | Sound Mare | Galeguinho SPA<\/li>\n<li><strong>DOM (13\/09) \u2013 A partir das 15h30:<\/strong> Pagodinho do Militinho | Estilo Candeal | Jean Santana<\/li>\n<\/ul>\n<h3 id=\"h-programacao-shows-vila-gourmet\" class=\"wp-block-heading\"><strong>Programa\u00e7\u00e3o \u2014 Shows Vila Gourmet:<\/strong><\/h3>\n<ul class=\"wp-block-list\">\n<li><strong>DOM (06\/09) \u2013 A partir das 16h:<\/strong> Victor Sam<\/li>\n<li><strong>SEG (07\/09) \u2013 A partir das 16h:<\/strong> Alan Emanuel<\/li>\n<li><strong>QUA (09\/09) \u2013 A partir das 16h:<\/strong> Ramon Lima<\/li>\n<li><strong>QUI (10\/09) \u2013 A partir das 19h:<\/strong> Thiago Moral<\/li>\n<li><strong>SEX (11\/09) \u2013 A partir das 16h30:<\/strong> Guymeo<\/li>\n<li><strong>S\u00c1B (12\/09) \u2013 A partir das 16h:<\/strong> Ana Castelo<\/li>\n<li><strong>DOM (13\/09) \u2013 A partir das 15h30:<\/strong> Bruno Le\u00e3o<\/li>\n<\/ul>\n<h3 id=\"h-cursos-carreta-escolar-do-senar\" class=\"wp-block-heading\"><strong>CURSOS CARRETA ESCOLAR DO SENAR<\/strong><\/h3>\n<ul class=\"wp-block-list\">\n<li><strong>06 de setembro:<\/strong> P\u00e3o Del\u00edcia<\/li>\n<li><strong>07 de setembro:<\/strong> P\u00e3es Especiais<\/li>\n<li><strong>08 de setembro:<\/strong> Pizzas<\/li>\n<li><strong>09 de setembro:<\/strong> Salgados<\/li>\n<li><strong>10 de setembro:<\/strong> Bolos Especiais<\/li>\n<li><strong>11 de setembro:<\/strong> Derivados da Mandioca<\/li>\n<li><strong>12 de setembro:<\/strong> P\u00e3o Del\u00edcia<\/li>\n<li><strong>13 de setembro:<\/strong> Salgados<\/li>\n<\/ul>\n<h3 id=\"h-estrutura-para-grandes-negocios\" class=\"wp-block-heading\">ESTRUTURA PARA GRANDES NEG\u00d3CIOS<\/h3>\n<ul class=\"wp-block-list\">\n<li>Nova estrutura amplia espa\u00e7o para mais de 130 expositores<\/li>\n<li>Pavimenta\u00e7\u00e3o de ruas<\/li>\n<li>Implanta\u00e7\u00e3o de 60 postes com a nova estrutura das instala\u00e7\u00f5es el\u00e9tricas<\/li>\n<li>Constru\u00e7\u00e3o do novo redondel: mais espa\u00e7o, estrutura de pista e ilumina\u00e7\u00e3o especial<\/li>\n<li>Complexo de redond\u00e9is com ovinos, bovinos e equinos<\/li>\n<li>Espa\u00e7o exclusivo para p\u00f4neis<\/li>\n<li>Ruas sem circula\u00e7\u00e3o de animais<\/li>\n<li>Nova sinaliza\u00e7\u00e3o interna<\/li>\n<li>3 estacionamentos privados: amplia\u00e7\u00e3o de 18 mil m\u00b2 para 100 mil m\u00b2<\/li>\n<li>Estacionamento exclusivo para expositores\/trabalhadores<\/li>\n<li>Sistema de transbordo gratuito para quem chegar de \u00f4nibus<\/li>\n<li>Sistema de videomonitoramento com reconhecimento facial<\/li>\n<\/ul>\n<h3 id=\"h-exposicao-e-mostra-de-animais\" class=\"wp-block-heading\"><strong>EXPOSI\u00c7\u00c3O E MOSTRA DE ANIMAIS<\/strong><\/h3>\n<ul class=\"wp-block-list\">\n<li><strong>Bovinos:<\/strong> Nelore, Nelore Pintado, Nelore Baiano, Guzer\u00e1, Mini Gado, Santa Gertrudis, Girolando, Senepol, Gir.<\/li>\n<li><strong>Equinos:<\/strong> Campolina, Mangalarga, Mangalarga Marchador, Quarto de Milha, Pampa, P\u00f4nei, Jumento P\u00eaga.<\/li>\n<li><strong>Outros:<\/strong> Ovinos, Caprinos, Alpacas (novidade), Lhama, Mini Cabra.<\/li>\n<\/ul>\n<h3 id=\"h-leiloes-com-animais-de-elite\" class=\"wp-block-heading\"><strong>LEIL\u00d5ES COM ANIMAIS DE ELITE<\/strong><\/h3>\n<ul class=\"wp-block-list\">\n<li><strong>08\/09:<\/strong> Cavalos Quarto de Milha<\/li>\n<li><strong>11\/09:<\/strong> Bovinos Nelore de alta linhagem \u2013 Fazenda Jacuricy<\/li>\n<\/ul>\n<h3 id=\"h-campeonato-de-team-penning-9-a-13-de-setembro\" class=\"wp-block-heading\"><strong>CAMPEONATO DE TEAM PENNING (9 a 13 de setembro)<\/strong><\/h3>\n<ul class=\"wp-block-list\">\n<li>Cavaleiros de v\u00e1rios munic\u00edpios baianos e de estados vizinhos<\/li>\n<li>Provas ser\u00e3o disputadas nas categorias: mirim, feminino, integra\u00e7\u00e3o e aberta<\/li>\n<li>Final do Circuito Baiano<\/li>\n<li>Organizado pela Associa\u00e7\u00e3o Baiana de Esportes Equestres<\/li>\n<\/ul>\n<h3 id=\"h-julgamento-e-competicao-animal\" class=\"wp-block-heading\"><strong>JULGAMENTO E COMPETI\u00c7\u00c3O ANIMAL<\/strong><\/h3>\n<ul class=\"wp-block-list\">\n<li><strong>Mangalarga Marchador:<\/strong> 10, 11, 12 e 13 de setembro<\/li>\n<li><strong>Mangalarga Paulista:<\/strong> 11 e 12 de setembro<\/li>\n<li><strong>Bovinos:<\/strong> 11 de setembro (a partir das 14h) e 12 de setembro<\/li>\n<li><strong>Jumento P\u00eaga:<\/strong> 10 de setembro<\/li>\n<li><strong>Campolina:<\/strong> 11, 12 e 13 de setembro<\/li>\n<li><strong>P\u00f4nei:<\/strong> 10 e 11 de setembro (at\u00e9 as 14h) | 13 de setembro \u2014 prova social<\/li>\n<\/ul>\n<p class=\"wp-block-paragraph\"><em>Com informa\u00e7\u00f5es do rep\u00f3rter Ney Silva, do Acorda Cidade.<\/em><\/p>\n<h3 id=\"h-leia-mais\" class=\"wp-block-heading\">Leia mais:<\/h3>\n<p class=\"wp-block-paragraph\"><a href=\"https:\/\/www.acordacidade.com.br\/feira-de-santana\/expofeira-2026-acesso-ao-parque-sera-apenas-pela-noide-cerqueira-br-324-nao-tera-entrada-liberada\/\" data-type=\"link\" data-id=\"https:\/\/www.acordacidade.com.br\/feira-de-santana\/expofeira-2026-acesso-ao-parque-sera-apenas-pela-noide-cerqueira-br-324-nao-tera-entrada-liberada\/\">Expofeira 2026: acesso ao Parque ser\u00e1 apenas pela Noide Cerqueira; BR-324 n\u00e3o ter\u00e1 entrada liberada<\/a><\/p>\n<p class=\"wp-block-paragraph\"><a href=\"https:\/\/www.acordacidade.com.br\/feira-de-santana\/expofeira-entrada-de-pedestres-pela-br-324-ao-parque-de-exposicao-sera-proibida-entenda\/\">Expofeira: entrada de pedestres pela BR-324 ao Parque de Exposi\u00e7\u00e3o ser\u00e1 proibida; entenda<\/a><\/p>\n<p class=\"wp-block-paragraph\"><em>Siga o Acorda Cidade no\u00a0<\/em><a href=\"https:\/\/news.google.com\/search?q=acorda%20cidade&amp;hl=pt-BR&amp;gl=BR&amp;ceid=BR%3Apt-419\"><strong><em>Google Not\u00edcias<\/em><\/strong><\/a><em>\u00a0e receba os principais destaques do dia. Participe tamb\u00e9m dos nossos canais no\u00a0<\/em><a href=\"https:\/\/www.whatsapp.com\/channel\/0029Va6Rb4v3WHTNnsh8WI3N\"><strong><em>WhatsApp<\/em><\/strong><\/a><em>\u00a0e\u00a0<\/em><a href=\"https:\/\/www.youtube.com\/@acordacidadenoticias\/videos\"><strong>YouTube<\/strong><\/a><em>\u00a0e do grupo no\u00a0<\/em><a href=\"https:\/\/t.me\/+sSz0khrgARA0ZmRh\"><strong><em>Telegram<\/em><\/strong><\/a><em>.<\/em><\/p>\n<\/div>\n","protected":false},"excerpt":{"rendered":"<p>Foto: Ed Santos\/Acorda Cidade (Arquivo) | Expofeira 2025 atraiu cerca de 360 mil visitantes. \u00c0s<\/p>\n","protected":false},"author":1,"featured_media":148878,"comment_status":"closed","ping_status":"closed","sticky":false,"template":"","format":"gallery","meta":{"footnotes":""},"categories":[8,9,6,57,56,10],"tags":[],"class_list":["post-148877","post","type-post","status-publish","format-gallery","has-post-thumbnail","hentry","category-bahia","category-brasil","category-feira-de-santana","category-mundo","category-policia","category-politica","post_format-post-format-gallery"],"featured_image_urls":{"full":["https:\/\/noticiasbahia360.com.br\/wp-content\/uploads\/2026\/09\/46a-expofeira-2025-foto-ed-santos-acorda-cidade-1.jpg",1200,675,false],"thumbnail":["https:\/\/noticiasbahia360.com.br\/wp-content\/uploads\/2026\/09\/46a-expofeira-2025-foto-ed-santos-acorda-cidade-1-150x150.jpg",150,150,true],"medium":["https:\/\/noticiasbahia360.com.br\/wp-content\/uploads\/2026\/09\/46a-expofeira-2025-foto-ed-santos-acorda-cidade-1-300x169.jpg",300,169,true],"medium_large":["https:\/\/noticiasbahia360.com.br\/wp-content\/uploads\/2026\/09\/46a-expofeira-2025-foto-ed-santos-acorda-cidade-1-768x432.jpg",640,360,true],"large":["https:\/\/noticiasbahia360.com.br\/wp-content\/uploads\/2026\/09\/46a-expofeira-2025-foto-ed-santos-acorda-cidade-1-1024x576.jpg",640,360,true],"1536x1536":["https:\/\/noticiasbahia360.com.br\/wp-content\/uploads\/2026\/09\/46a-expofeira-2025-foto-ed-santos-acorda-cidade-1.jpg",1200,675,false],"2048x2048":["https:\/\/noticiasbahia360.com.br\/wp-content\/uploads\/2026\/09\/46a-expofeira-2025-foto-ed-santos-acorda-cidade-1.jpg",1200,675,false],"chromenews-featured":["https:\/\/noticiasbahia360.com.br\/wp-content\/uploads\/2026\/09\/46a-expofeira-2025-foto-ed-santos-acorda-cidade-1-1024x576.jpg",1024,576,true],"chromenews-large":["https:\/\/noticiasbahia360.com.br\/wp-content\/uploads\/2026\/09\/46a-expofeira-2025-foto-ed-santos-acorda-cidade-1-825x575.jpg",825,575,true],"chromenews-medium":["https:\/\/noticiasbahia360.com.br\/wp-content\/uploads\/2026\/09\/46a-expofeira-2025-foto-ed-santos-acorda-cidade-1-590x410.jpg",590,410,true]},"author_info":{"display_name":"noticiasbahia360.com.br","author_link":"https:\/\/noticiasbahia360.com.br\/?author=1"},"category_info":"<a href=\"https:\/\/noticiasbahia360.com.br\/?cat=8\" rel=\"category\">Bahia<\/a> <a href=\"https:\/\/noticiasbahia360.com.br\/?cat=9\" rel=\"category\">Brasil<\/a> <a href=\"https:\/\/noticiasbahia360.com.br\/?cat=6\" rel=\"category\">Feira de Santana<\/a> <a href=\"https:\/\/noticiasbahia360.com.br\/?cat=57\" rel=\"category\">Mundo<\/a> <a href=\"https:\/\/noticiasbahia360.com.br\/?cat=56\" rel=\"category\">Pol\u00edcia<\/a> <a href=\"https:\/\/noticiasbahia360.com.br\/?cat=10\" rel=\"category\">Pol\u00edtica<\/a>","tag_info":"Pol\u00edtica","comment_count":"0","_links":{"self":[{"href":"https:\/\/noticiasbahia360.com.br\/index.php?rest_route=\/wp\/v2\/posts\/148877","targetHints":{"allow":["GET"]}}],"collection":[{"href":"https:\/\/noticiasbahia360.com.br\/index.php?rest_route=\/wp\/v2\/posts"}],"about":[{"href":"https:\/\/noticiasbahia360.com.br\/index.php?rest_route=\/wp\/v2\/types\/post"}],"author":[{"embeddable":true,"href":"https:\/\/noticiasbahia360.com.br\/index.php?rest_route=\/wp\/v2\/users\/1"}],"replies":[{"embeddable":true,"href":"https:\/\/noticiasbahia360.com.br\/index.php?rest_route=%2Fwp%2Fv2%2Fcomments&post=148877"}],"version-history":[{"count":0,"href":"https:\/\/noticiasbahia360.com.br\/index.php?rest_route=\/wp\/v2\/posts\/148877\/revisions"}],"wp:featuredmedia":[{"embeddable":true,"href":"https:\/\/noticiasbahia360.com.br\/index.php?rest_route=\/wp\/v2\/media\/148878"}],"wp:attachment":[{"href":"https:\/\/noticiasbahia360.com.br\/index.php?rest_route=%2Fwp%2Fv2%2Fmedia&parent=148877"}],"wp:term":[{"taxonomy":"category","embeddable":true,"href":"https:\/\/noticiasbahia360.com.br\/index.php?rest_route=%2Fwp%2Fv2%2Fcategories&post=148877"},{"taxonomy":"post_tag","embeddable":true,"href":"https:\/\/noticiasbahia360.com.br\/index.php?rest_route=%2Fwp%2Fv2%2Ftags&post=148877"}],"curies":[{"name":"wp","href":"https:\/\/api.w.org\/{rel}","templated":true}]}}