{"id":148884,"date":"2026-09-04T16:04:28","date_gmt":"2026-09-04T19:04:28","guid":{"rendered":"https:\/\/noticiasbahia360.com.br\/?p=148884"},"modified":"2026-09-04T16:04:28","modified_gmt":"2026-09-04T19:04:28","slug":"feirantes-relatam-aumento-nos-precos-de-frutas-na-feirinha-da-estacao-nova","status":"publish","type":"post","link":"https:\/\/noticiasbahia360.com.br\/?p=148884","title":{"rendered":"Feirantes relatam aumento nos pre\u00e7os de frutas na feirinha da Esta\u00e7\u00e3o Nova"},"content":{"rendered":"<div>\n<div>\n<figure><img decoding=\"async\" src=\"http:\/\/noticiasbahia360.com.br\/wp-content\/uploads\/2026\/09\/Maracuja-na-feirinha-da-Estacao-Nova-Foto-Paulo-Jose-Acorda-Cidade.jpg\" alt=\"Maracuj\u00e1 na feirinha da Esta\u00e7\u00e3o Nova\"><figcaption>Foto: Paulo Jos\u00e9\/ Acorda Cidade <\/figcaption><\/figure>\n<\/div>\n<p class=\"wp-block-paragraph\">Frequentadores da feirinha da Esta\u00e7\u00e3o Nova, em Feira de Santana, t\u00eam percebido um aumento nos pre\u00e7os dos produtos comercializados no local. Na manh\u00e3 desta sexta-feira (4), a reportagem do Acorda Cidade esteve na feira e conversou com feirantes para saber como a alta tem afetado as vendas e o bolso dos consumidores.\u00a0<\/p>\n<p class=\"wp-block-paragraph\">H\u00e9lio Santos afirmou que houve um reajuste nos pre\u00e7os de algumas frutas, como maracuj\u00e1 e lim\u00e3o. No varejo, uma rede de maracuj\u00e1 est\u00e1 sendo vendida entre R$ 8 e R$ 10. J\u00e1 uma rede de lim\u00e3o pode ser encontrada por R$ 5.<\/p>\n<blockquote class=\"wp-block-quote is-layout-flow wp-block-quote-is-layout-flow\">\n<p class=\"has-medium-font-size wp-block-paragraph\">Agora chegou o tempo da chuva, o maracuj\u00e1 aumentou bastante. Hoje se encontra uma caixa de maracuj\u00e1 de R$ 140. O lim\u00e3o tamb\u00e9m deu um reajuste.\u201d<\/p>\n<\/blockquote>\n<figure data-gallery-id=\"fancybox_6a9b15af6ff51\" class=\"wp-block-gallery has-nested-images columns-default is-cropped wp-block-gallery-1 is-layout-flex wp-block-gallery-is-layout-flex\">\n<figure class=\"wp-block-image size-large\"><a data-fancybox=\"fancybox_6a9b15af6ff51\" href=\"http:\/\/noticiasbahia360.com.br\/wp-content\/uploads\/2026\/09\/Maracuja-na-feirinha-da-Estacao-Nova-Foto-Paulo-Jose-Acorda-Cidade-4.jpg\" data-caption=\"Foto: Paulo Jos\u00e9\/ Acorda Cidade \"><img fetchpriority=\"high\" decoding=\"async\" width=\"1200\" height=\"669\" data-id=\"687961\" src=\"http:\/\/noticiasbahia360.com.br\/wp-content\/uploads\/2026\/09\/Maracuja-na-feirinha-da-Estacao-Nova-Foto-Paulo-Jose-Acorda-Cidade-4.jpg\" alt=\"Maracuj\u00e1 na feirinha da Esta\u00e7\u00e3o Nova\" class=\"wp-image-687961\" srcset=\"http:\/\/noticiasbahia360.com.br\/wp-content\/uploads\/2026\/09\/Maracuja-na-feirinha-da-Estacao-Nova-Foto-Paulo-Jose-Acorda-Cidade-4.jpg 1200w, https:\/\/uploads.acordacidade.com.br\/2026\/09\/Maracuja-na-feirinha-da-Estacao-Nova-Foto-Paulo-Jose-Acorda-Cidade-4-750x418.jpg 750w, https:\/\/uploads.acordacidade.com.br\/2026\/09\/Maracuja-na-feirinha-da-Estacao-Nova-Foto-Paulo-Jose-Acorda-Cidade-4-1000x558.jpg 1000w, https:\/\/uploads.acordacidade.com.br\/2026\/09\/Maracuja-na-feirinha-da-Estacao-Nova-Foto-Paulo-Jose-Acorda-Cidade-4-450x251.jpg 450w, https:\/\/uploads.acordacidade.com.br\/2026\/09\/Maracuja-na-feirinha-da-Estacao-Nova-Foto-Paulo-Jose-Acorda-Cidade-4-150x84.jpg 150w\" sizes=\"(max-width: 1200px) 100vw, 1200px\"><\/a><i><\/i><figcaption class=\"wp-element-caption\">Foto: Paulo Jos\u00e9\/ Acorda Cidade <\/figcaption><\/figure>\n<figure class=\"wp-block-image size-large\"><a data-fancybox=\"fancybox_6a9b15af6ff51\" href=\"http:\/\/noticiasbahia360.com.br\/wp-content\/uploads\/2026\/09\/Limao-na-feirinha-da-Estacao-Nova-Foto-Paulo-Jose-Acorda-Cidade-2.jpg\" data-caption=\"Foto: Paulo Jos\u00e9\/ Acorda Cidade \"><img decoding=\"async\" width=\"1200\" height=\"701\" data-id=\"687957\" src=\"http:\/\/noticiasbahia360.com.br\/wp-content\/uploads\/2026\/09\/Limao-na-feirinha-da-Estacao-Nova-Foto-Paulo-Jose-Acorda-Cidade-2.jpg\" alt=\"Lim\u00e3o na feirinha da Esta\u00e7\u00e3o Nova\" class=\"wp-image-687957\" srcset=\"http:\/\/noticiasbahia360.com.br\/wp-content\/uploads\/2026\/09\/Limao-na-feirinha-da-Estacao-Nova-Foto-Paulo-Jose-Acorda-Cidade-2.jpg 1200w, https:\/\/uploads.acordacidade.com.br\/2026\/09\/Limao-na-feirinha-da-Estacao-Nova-Foto-Paulo-Jose-Acorda-Cidade-2-750x438.jpg 750w, https:\/\/uploads.acordacidade.com.br\/2026\/09\/Limao-na-feirinha-da-Estacao-Nova-Foto-Paulo-Jose-Acorda-Cidade-2-1000x584.jpg 1000w, https:\/\/uploads.acordacidade.com.br\/2026\/09\/Limao-na-feirinha-da-Estacao-Nova-Foto-Paulo-Jose-Acorda-Cidade-2-450x263.jpg 450w, https:\/\/uploads.acordacidade.com.br\/2026\/09\/Limao-na-feirinha-da-Estacao-Nova-Foto-Paulo-Jose-Acorda-Cidade-2-150x88.jpg 150w\" sizes=\"(max-width: 1200px) 100vw, 1200px\"><\/a><i><\/i><figcaption class=\"wp-element-caption\">Foto: Paulo Jos\u00e9\/ Acorda Cidade <\/figcaption><\/figure>\n<figure class=\"wp-block-image size-large\"><a data-fancybox=\"fancybox_6a9b15af6ff51\" href=\"http:\/\/noticiasbahia360.com.br\/wp-content\/uploads\/2026\/09\/Maracuja-na-feirinha-da-Estacao-Nova-Foto-Paulo-Jose-Acorda-Cidade-2.jpg\" data-caption=\"Foto: Paulo Jos\u00e9\/ Acorda Cidade \"><img decoding=\"async\" width=\"1200\" height=\"649\" data-id=\"687963\" src=\"http:\/\/noticiasbahia360.com.br\/wp-content\/uploads\/2026\/09\/Maracuja-na-feirinha-da-Estacao-Nova-Foto-Paulo-Jose-Acorda-Cidade-2.jpg\" alt=\"Maracuj\u00e1 na feirinha da Esta\u00e7\u00e3o Nova\" class=\"wp-image-687963\" srcset=\"http:\/\/noticiasbahia360.com.br\/wp-content\/uploads\/2026\/09\/Maracuja-na-feirinha-da-Estacao-Nova-Foto-Paulo-Jose-Acorda-Cidade-2.jpg 1200w, https:\/\/uploads.acordacidade.com.br\/2026\/09\/Maracuja-na-feirinha-da-Estacao-Nova-Foto-Paulo-Jose-Acorda-Cidade-2-750x406.jpg 750w, https:\/\/uploads.acordacidade.com.br\/2026\/09\/Maracuja-na-feirinha-da-Estacao-Nova-Foto-Paulo-Jose-Acorda-Cidade-2-1000x541.jpg 1000w, https:\/\/uploads.acordacidade.com.br\/2026\/09\/Maracuja-na-feirinha-da-Estacao-Nova-Foto-Paulo-Jose-Acorda-Cidade-2-450x243.jpg 450w, https:\/\/uploads.acordacidade.com.br\/2026\/09\/Maracuja-na-feirinha-da-Estacao-Nova-Foto-Paulo-Jose-Acorda-Cidade-2-150x81.jpg 150w\" sizes=\"(max-width: 1200px) 100vw, 1200px\"><\/a><i><\/i><figcaption class=\"wp-element-caption\">Foto: Paulo Jos\u00e9\/ Acorda Cidade <\/figcaption><\/figure>\n<figure class=\"wp-block-image size-large\"><a data-fancybox=\"fancybox_6a9b15af6ff51\" href=\"http:\/\/noticiasbahia360.com.br\/wp-content\/uploads\/2026\/09\/Limao-na-feirinha-da-Estacao-Nova-Foto-Paulo-Jose-Acorda-Cidade-3.jpg\" data-caption=\"Foto: Paulo Jos\u00e9\/ Acorda Cidade \"><img loading=\"lazy\" decoding=\"async\" width=\"1200\" height=\"651\" data-id=\"687965\" src=\"http:\/\/noticiasbahia360.com.br\/wp-content\/uploads\/2026\/09\/Limao-na-feirinha-da-Estacao-Nova-Foto-Paulo-Jose-Acorda-Cidade-3.jpg\" alt=\"Lim\u00e3o na feirinha da Esta\u00e7\u00e3o Nova\" class=\"wp-image-687965\" srcset=\"http:\/\/noticiasbahia360.com.br\/wp-content\/uploads\/2026\/09\/Limao-na-feirinha-da-Estacao-Nova-Foto-Paulo-Jose-Acorda-Cidade-3.jpg 1200w, https:\/\/uploads.acordacidade.com.br\/2026\/09\/Limao-na-feirinha-da-Estacao-Nova-Foto-Paulo-Jose-Acorda-Cidade-3-750x407.jpg 750w, https:\/\/uploads.acordacidade.com.br\/2026\/09\/Limao-na-feirinha-da-Estacao-Nova-Foto-Paulo-Jose-Acorda-Cidade-3-1000x543.jpg 1000w, https:\/\/uploads.acordacidade.com.br\/2026\/09\/Limao-na-feirinha-da-Estacao-Nova-Foto-Paulo-Jose-Acorda-Cidade-3-450x244.jpg 450w, https:\/\/uploads.acordacidade.com.br\/2026\/09\/Limao-na-feirinha-da-Estacao-Nova-Foto-Paulo-Jose-Acorda-Cidade-3-150x81.jpg 150w\" sizes=\"(max-width: 1200px) 100vw, 1200px\"><\/a><i><\/i><figcaption class=\"wp-element-caption\">Foto: Paulo Jos\u00e9\/ Acorda Cidade <\/figcaption><\/figure>\n<\/figure>\n<p class=\"wp-block-paragraph\">Segundo H\u00e9lio, a ma\u00e7\u00e3 Fuji segue est\u00e1vel na feirinha da Esta\u00e7\u00e3o Nova, sem um aumento de pre\u00e7o consider\u00e1vel.\u00a0<\/p>\n<blockquote class=\"wp-block-quote has-medium-font-size is-layout-flow wp-block-quote-is-layout-flow\">\n<p class=\"wp-block-paragraph\">Essa est\u00e1 com o pre\u00e7o est\u00e1vel. Est\u00e1 o mesmo pre\u00e7o que a gente est\u00e1 vendendo.\u201d<\/p>\n<\/blockquote>\n<h2 id=\"h-banana-da-terra-e-uva\" class=\"wp-block-heading\">Banana-da-terra e uva<\/h2>\n<p class=\"wp-block-paragraph\">A feirante Ruth contou ao Acorda Cidade que a banana-da-terra tamb\u00e9m passou por reajuste, variando entre R$ 20 e R$ 30 pela penca, que vem com 14 bananas. No caso da uva, de acordo com ela, o quilo est\u00e1 custando R$ 15 reais na feirinha da Esta\u00e7\u00e3o Nova.\u00a0<\/p>\n<blockquote class=\"wp-block-quote is-layout-flow wp-block-quote-is-layout-flow\">\n<p class=\"has-medium-font-size wp-block-paragraph\">Teve reajuste na banana mais gra\u00fada. O pessoal est\u00e1 vendendo de R$ 20, R$ 25, R$ 30 a penca, que vem 14 bananas. Mas eu tenho aqui de R$ 15 a penca.\u201d<\/p>\n<\/blockquote>\n<figure data-gallery-id=\"fancybox_6a9b15af7081d\" class=\"wp-block-gallery has-nested-images columns-default is-cropped wp-block-gallery-2 is-layout-flex wp-block-gallery-is-layout-flex\">\n<figure class=\"wp-block-image size-large\"><a data-fancybox=\"fancybox_6a9b15af7081d\" href=\"http:\/\/noticiasbahia360.com.br\/wp-content\/uploads\/2026\/09\/Banana-da-terra-na-feirinha-da-Estacao-Nova-Foto-Paulo-Jose-Acorda-Cidade-2.jpg\" data-caption=\"Foto: Paulo Jos\u00e9\/ Acorda Cidade \"><img loading=\"lazy\" decoding=\"async\" width=\"1200\" height=\"654\" data-id=\"687959\" src=\"http:\/\/noticiasbahia360.com.br\/wp-content\/uploads\/2026\/09\/Banana-da-terra-na-feirinha-da-Estacao-Nova-Foto-Paulo-Jose-Acorda-Cidade-2.jpg\" alt=\"Banana da terra na feirinha da Esta\u00e7\u00e3o Nova\" class=\"wp-image-687959\" srcset=\"http:\/\/noticiasbahia360.com.br\/wp-content\/uploads\/2026\/09\/Banana-da-terra-na-feirinha-da-Estacao-Nova-Foto-Paulo-Jose-Acorda-Cidade-2.jpg 1200w, https:\/\/uploads.acordacidade.com.br\/2026\/09\/Banana-da-terra-na-feirinha-da-Estacao-Nova-Foto-Paulo-Jose-Acorda-Cidade-2-750x409.jpg 750w, https:\/\/uploads.acordacidade.com.br\/2026\/09\/Banana-da-terra-na-feirinha-da-Estacao-Nova-Foto-Paulo-Jose-Acorda-Cidade-2-1000x545.jpg 1000w, https:\/\/uploads.acordacidade.com.br\/2026\/09\/Banana-da-terra-na-feirinha-da-Estacao-Nova-Foto-Paulo-Jose-Acorda-Cidade-2-450x245.jpg 450w, https:\/\/uploads.acordacidade.com.br\/2026\/09\/Banana-da-terra-na-feirinha-da-Estacao-Nova-Foto-Paulo-Jose-Acorda-Cidade-2-150x82.jpg 150w\" sizes=\"(max-width: 1200px) 100vw, 1200px\"><\/a><i><\/i><figcaption class=\"wp-element-caption\">Foto: Paulo Jos\u00e9\/ Acorda Cidade <\/figcaption><\/figure>\n<figure class=\"wp-block-image size-large\"><a data-fancybox=\"fancybox_6a9b15af7081d\" href=\"http:\/\/noticiasbahia360.com.br\/wp-content\/uploads\/2026\/09\/Banana-da-terra-na-feirinha-da-Estacao-Nova-Foto-Paulo-Jose-Acorda-Cidade.jpg\" data-caption=\"Foto: Paulo Jos\u00e9\/ Acorda Cidade \"><img loading=\"lazy\" decoding=\"async\" width=\"1200\" height=\"654\" data-id=\"687960\" src=\"http:\/\/noticiasbahia360.com.br\/wp-content\/uploads\/2026\/09\/Banana-da-terra-na-feirinha-da-Estacao-Nova-Foto-Paulo-Jose-Acorda-Cidade.jpg\" alt=\"Banana da terra na feirinha da Esta\u00e7\u00e3o Nova\" class=\"wp-image-687960\" srcset=\"http:\/\/noticiasbahia360.com.br\/wp-content\/uploads\/2026\/09\/Banana-da-terra-na-feirinha-da-Estacao-Nova-Foto-Paulo-Jose-Acorda-Cidade.jpg 1200w, https:\/\/uploads.acordacidade.com.br\/2026\/09\/Banana-da-terra-na-feirinha-da-Estacao-Nova-Foto-Paulo-Jose-Acorda-Cidade-750x409.jpg 750w, https:\/\/uploads.acordacidade.com.br\/2026\/09\/Banana-da-terra-na-feirinha-da-Estacao-Nova-Foto-Paulo-Jose-Acorda-Cidade-1000x545.jpg 1000w, https:\/\/uploads.acordacidade.com.br\/2026\/09\/Banana-da-terra-na-feirinha-da-Estacao-Nova-Foto-Paulo-Jose-Acorda-Cidade-450x245.jpg 450w, https:\/\/uploads.acordacidade.com.br\/2026\/09\/Banana-da-terra-na-feirinha-da-Estacao-Nova-Foto-Paulo-Jose-Acorda-Cidade-150x82.jpg 150w\" sizes=\"(max-width: 1200px) 100vw, 1200px\"><\/a><i><\/i><figcaption class=\"wp-element-caption\">Foto: Paulo Jos\u00e9\/ Acorda Cidade <\/figcaption><\/figure>\n<\/figure>\n<p class=\"wp-block-paragraph\"><em>Com informa\u00e7\u00f5es do rep\u00f3rter Paulo Jos\u00e9, do Acorda Cidade.<\/em><\/p>\n<p class=\"wp-block-paragraph\"><em>Siga o Acorda Cidade no\u00a0<\/em><a href=\"https:\/\/news.google.com\/search?q=acorda%20cidade&amp;hl=pt-BR&amp;gl=BR&amp;ceid=BR%3Apt-419\"><strong><em>Google Not\u00edcias<\/em><\/strong><\/a><em>\u00a0e receba os principais destaques do dia. Participe tamb\u00e9m dos nossos canais no\u00a0<\/em><a href=\"https:\/\/www.whatsapp.com\/channel\/0029Va6Rb4v3WHTNnsh8WI3N\"><strong><em>WhatsApp<\/em><\/strong><\/a><em>\u00a0e\u00a0<\/em><a href=\"https:\/\/www.youtube.com\/@acordacidadenoticias\/videos\"><strong>YouTube<\/strong><\/a><em>\u00a0e do grupo no\u00a0<\/em><a href=\"https:\/\/t.me\/+sSz0khrgARA0ZmRh\"><strong><em>Telegram<\/em><\/strong><\/a><\/p>\n<\/div>\n","protected":false},"excerpt":{"rendered":"<p>Foto: Paulo Jos\u00e9\/ Acorda Cidade Frequentadores da feirinha da Esta\u00e7\u00e3o Nova, em Feira de Santana,<\/p>\n","protected":false},"author":1,"featured_media":148885,"comment_status":"closed","ping_status":"closed","sticky":false,"template":"","format":"gallery","meta":{"footnotes":""},"categories":[8,9,6,57,56,10],"tags":[],"class_list":["post-148884","post","type-post","status-publish","format-gallery","has-post-thumbnail","hentry","category-bahia","category-brasil","category-feira-de-santana","category-mundo","category-policia","category-politica","post_format-post-format-gallery"],"featured_image_urls":{"full":["https:\/\/noticiasbahia360.com.br\/wp-content\/uploads\/2026\/09\/Maracuja-na-feirinha-da-Estacao-Nova-Foto-Paulo-Jose-Acorda-Cidade.jpg",1200,641,false],"thumbnail":["https:\/\/noticiasbahia360.com.br\/wp-content\/uploads\/2026\/09\/Maracuja-na-feirinha-da-Estacao-Nova-Foto-Paulo-Jose-Acorda-Cidade-150x150.jpg",150,150,true],"medium":["https:\/\/noticiasbahia360.com.br\/wp-content\/uploads\/2026\/09\/Maracuja-na-feirinha-da-Estacao-Nova-Foto-Paulo-Jose-Acorda-Cidade-300x160.jpg",300,160,true],"medium_large":["https:\/\/noticiasbahia360.com.br\/wp-content\/uploads\/2026\/09\/Maracuja-na-feirinha-da-Estacao-Nova-Foto-Paulo-Jose-Acorda-Cidade-768x410.jpg",640,342,true],"large":["https:\/\/noticiasbahia360.com.br\/wp-content\/uploads\/2026\/09\/Maracuja-na-feirinha-da-Estacao-Nova-Foto-Paulo-Jose-Acorda-Cidade-1024x547.jpg",640,342,true],"1536x1536":["https:\/\/noticiasbahia360.com.br\/wp-content\/uploads\/2026\/09\/Maracuja-na-feirinha-da-Estacao-Nova-Foto-Paulo-Jose-Acorda-Cidade.jpg",1200,641,false],"2048x2048":["https:\/\/noticiasbahia360.com.br\/wp-content\/uploads\/2026\/09\/Maracuja-na-feirinha-da-Estacao-Nova-Foto-Paulo-Jose-Acorda-Cidade.jpg",1200,641,false],"chromenews-featured":["https:\/\/noticiasbahia360.com.br\/wp-content\/uploads\/2026\/09\/Maracuja-na-feirinha-da-Estacao-Nova-Foto-Paulo-Jose-Acorda-Cidade-1024x547.jpg",1024,547,true],"chromenews-large":["https:\/\/noticiasbahia360.com.br\/wp-content\/uploads\/2026\/09\/Maracuja-na-feirinha-da-Estacao-Nova-Foto-Paulo-Jose-Acorda-Cidade-825x575.jpg",825,575,true],"chromenews-medium":["https:\/\/noticiasbahia360.com.br\/wp-content\/uploads\/2026\/09\/Maracuja-na-feirinha-da-Estacao-Nova-Foto-Paulo-Jose-Acorda-Cidade-590x410.jpg",590,410,true]},"author_info":{"display_name":"noticiasbahia360.com.br","author_link":"https:\/\/noticiasbahia360.com.br\/?author=1"},"category_info":"<a href=\"https:\/\/noticiasbahia360.com.br\/?cat=8\" rel=\"category\">Bahia<\/a> <a href=\"https:\/\/noticiasbahia360.com.br\/?cat=9\" rel=\"category\">Brasil<\/a> <a href=\"https:\/\/noticiasbahia360.com.br\/?cat=6\" rel=\"category\">Feira de Santana<\/a> <a href=\"https:\/\/noticiasbahia360.com.br\/?cat=57\" rel=\"category\">Mundo<\/a> <a href=\"https:\/\/noticiasbahia360.com.br\/?cat=56\" rel=\"category\">Pol\u00edcia<\/a> <a href=\"https:\/\/noticiasbahia360.com.br\/?cat=10\" rel=\"category\">Pol\u00edtica<\/a>","tag_info":"Pol\u00edtica","comment_count":"0","_links":{"self":[{"href":"https:\/\/noticiasbahia360.com.br\/index.php?rest_route=\/wp\/v2\/posts\/148884","targetHints":{"allow":["GET"]}}],"collection":[{"href":"https:\/\/noticiasbahia360.com.br\/index.php?rest_route=\/wp\/v2\/posts"}],"about":[{"href":"https:\/\/noticiasbahia360.com.br\/index.php?rest_route=\/wp\/v2\/types\/post"}],"author":[{"embeddable":true,"href":"https:\/\/noticiasbahia360.com.br\/index.php?rest_route=\/wp\/v2\/users\/1"}],"replies":[{"embeddable":true,"href":"https:\/\/noticiasbahia360.com.br\/index.php?rest_route=%2Fwp%2Fv2%2Fcomments&post=148884"}],"version-history":[{"count":0,"href":"https:\/\/noticiasbahia360.com.br\/index.php?rest_route=\/wp\/v2\/posts\/148884\/revisions"}],"wp:featuredmedia":[{"embeddable":true,"href":"https:\/\/noticiasbahia360.com.br\/index.php?rest_route=\/wp\/v2\/media\/148885"}],"wp:attachment":[{"href":"https:\/\/noticiasbahia360.com.br\/index.php?rest_route=%2Fwp%2Fv2%2Fmedia&parent=148884"}],"wp:term":[{"taxonomy":"category","embeddable":true,"href":"https:\/\/noticiasbahia360.com.br\/index.php?rest_route=%2Fwp%2Fv2%2Fcategories&post=148884"},{"taxonomy":"post_tag","embeddable":true,"href":"https:\/\/noticiasbahia360.com.br\/index.php?rest_route=%2Fwp%2Fv2%2Ftags&post=148884"}],"curies":[{"name":"wp","href":"https:\/\/api.w.org\/{rel}","templated":true}]}}