{"id":148892,"date":"2026-09-04T16:04:32","date_gmt":"2026-09-04T19:04:32","guid":{"rendered":"https:\/\/noticiasbahia360.com.br\/?p=148892"},"modified":"2026-09-04T16:04:32","modified_gmt":"2026-09-04T19:04:32","slug":"justica-afasta-presidente-e-primeiro-secretario-de-camara-municipal-em-municipio-da-chapada-diamantina","status":"publish","type":"post","link":"https:\/\/noticiasbahia360.com.br\/?p=148892","title":{"rendered":"Justi\u00e7a afasta presidente e primeiro-secret\u00e1rio de C\u00e2mara Municipal em munic\u00edpio da Chapada Diamantina"},"content":{"rendered":"<div>\n<div>\n<figure><img decoding=\"async\" src=\"http:\/\/noticiasbahia360.com.br\/wp-content\/uploads\/2026\/09\/Iraquara-CHapada-Diamantina.jpg\" alt=\"Iraquara Chapada Diamantina\"><figcaption>Foto: Divulga\u00e7\u00e3o\/Conder<\/figcaption><\/figure>\n<\/div>\n<p class=\"wp-block-paragraph\">A pedido do Minist\u00e9rio P\u00fablico do Estado da Bahia, a Justi\u00e7a determinou na quinta-feira, dia 3, a suspens\u00e3o da efic\u00e1cia da elei\u00e7\u00e3o da mesa diretora da C\u00e2mara Municipal para o bi\u00eanio 2025\/2026. A medida resultou no afastamento cautelar do presidente da Casa Legislativa, Suede de Jesus Neves Filho, e do primeiro-secret\u00e1rio, Valmir Alves de Oliveira J\u00fanior.\u00a0<\/p>\n<p class=\"wp-block-paragraph\">A decis\u00e3o atende a uma a\u00e7\u00e3o civil p\u00fablica ajuizada pelo promotor de Justi\u00e7a Lucas Peixoto Valente. No dia 27 de julho, o MPBA j\u00e1 havia recomendado ao Legislativo municipal que anulasse a elei\u00e7\u00e3o e realizasse um novo pleito. <\/p>\n<p class=\"wp-block-paragraph\">De acordo com o promotor de Justi\u00e7a, o vereador Suede de Jesus Neves Filho assumiu a presid\u00eancia da C\u00e2mara nos bi\u00eanios 2021\/2022 e 2023\/2024, sendo reeleito pela terceira vez consecutiva para a gest\u00e3o 2025\/2026. \u201cA mesma situa\u00e7\u00e3o de tripla recondu\u00e7\u00e3o sucessiva ocorreu com o vereador Valmir Alves de Oliveira J\u00fanior no cargo de primeiro-secret\u00e1rio\u201d, explicou o promotor de Justi\u00e7a.<\/p>\n<p class=\"wp-block-paragraph\">Ele complementou que o Supremo Tribunal Federal, ao decidir caso id\u00eantico de munic\u00edpio baiano, definiu expressamente que a elei\u00e7\u00e3o para o bi\u00eanio 2021\/2022, somada \u00e0 do bi\u00eanio 2023\/2024, torna o agente pol\u00edtico ineleg\u00edvel para o bi\u00eanio 2025\/2026, por consubstanciar terceiro mandato consecutivo proibido pela Carta Magna.<\/p>\n<p class=\"wp-block-paragraph\"><em>Siga o Acorda Cidade no\u00a0<\/em><a href=\"https:\/\/news.google.com\/search?q=acorda%20cidade&amp;hl=pt-BR&amp;gl=BR&amp;ceid=BR%3Apt-419\"><strong><em>Google Not\u00edcias<\/em><\/strong><\/a><em>\u00a0e receba os principais destaques do dia. Participe tamb\u00e9m dos nossos canais no\u00a0<\/em><a href=\"https:\/\/www.whatsapp.com\/channel\/0029Va6Rb4v3WHTNnsh8WI3N\"><strong><em>WhatsApp<\/em><\/strong><\/a><em>\u00a0e\u00a0<\/em><a href=\"https:\/\/www.youtube.com\/@acordacidadenoticias\/videos\"><strong>YouTube<\/strong><\/a><em>\u00a0e do grupo no\u00a0<\/em><a href=\"https:\/\/t.me\/+sSz0khrgARA0ZmRh\"><strong><em>Telegram<\/em><\/strong><\/a><em>.<\/em><a href=\"https:\/\/www.acordacidade.com.br\/colunas\/dilton-e-feito\/\"><\/a><\/p>\n<\/div>\n","protected":false},"excerpt":{"rendered":"<p>Foto: Divulga\u00e7\u00e3o\/Conder A pedido do Minist\u00e9rio P\u00fablico do Estado da Bahia, a Justi\u00e7a determinou na<\/p>\n","protected":false},"author":1,"featured_media":148893,"comment_status":"closed","ping_status":"closed","sticky":false,"template":"","format":"gallery","meta":{"footnotes":""},"categories":[8,9,6,57,56,10],"tags":[],"class_list":["post-148892","post","type-post","status-publish","format-gallery","has-post-thumbnail","hentry","category-bahia","category-brasil","category-feira-de-santana","category-mundo","category-policia","category-politica","post_format-post-format-gallery"],"featured_image_urls":{"full":["https:\/\/noticiasbahia360.com.br\/wp-content\/uploads\/2026\/09\/Iraquara-CHapada-Diamantina.jpg",1200,676,false],"thumbnail":["https:\/\/noticiasbahia360.com.br\/wp-content\/uploads\/2026\/09\/Iraquara-CHapada-Diamantina-150x150.jpg",150,150,true],"medium":["https:\/\/noticiasbahia360.com.br\/wp-content\/uploads\/2026\/09\/Iraquara-CHapada-Diamantina-300x169.jpg",300,169,true],"medium_large":["https:\/\/noticiasbahia360.com.br\/wp-content\/uploads\/2026\/09\/Iraquara-CHapada-Diamantina-768x433.jpg",640,361,true],"large":["https:\/\/noticiasbahia360.com.br\/wp-content\/uploads\/2026\/09\/Iraquara-CHapada-Diamantina-1024x577.jpg",640,361,true],"1536x1536":["https:\/\/noticiasbahia360.com.br\/wp-content\/uploads\/2026\/09\/Iraquara-CHapada-Diamantina.jpg",1200,676,false],"2048x2048":["https:\/\/noticiasbahia360.com.br\/wp-content\/uploads\/2026\/09\/Iraquara-CHapada-Diamantina.jpg",1200,676,false],"chromenews-featured":["https:\/\/noticiasbahia360.com.br\/wp-content\/uploads\/2026\/09\/Iraquara-CHapada-Diamantina-1024x577.jpg",1024,577,true],"chromenews-large":["https:\/\/noticiasbahia360.com.br\/wp-content\/uploads\/2026\/09\/Iraquara-CHapada-Diamantina-825x575.jpg",825,575,true],"chromenews-medium":["https:\/\/noticiasbahia360.com.br\/wp-content\/uploads\/2026\/09\/Iraquara-CHapada-Diamantina-590x410.jpg",590,410,true]},"author_info":{"display_name":"noticiasbahia360.com.br","author_link":"https:\/\/noticiasbahia360.com.br\/?author=1"},"category_info":"<a href=\"https:\/\/noticiasbahia360.com.br\/?cat=8\" rel=\"category\">Bahia<\/a> <a href=\"https:\/\/noticiasbahia360.com.br\/?cat=9\" rel=\"category\">Brasil<\/a> <a href=\"https:\/\/noticiasbahia360.com.br\/?cat=6\" rel=\"category\">Feira de Santana<\/a> <a href=\"https:\/\/noticiasbahia360.com.br\/?cat=57\" rel=\"category\">Mundo<\/a> <a href=\"https:\/\/noticiasbahia360.com.br\/?cat=56\" rel=\"category\">Pol\u00edcia<\/a> <a href=\"https:\/\/noticiasbahia360.com.br\/?cat=10\" rel=\"category\">Pol\u00edtica<\/a>","tag_info":"Pol\u00edtica","comment_count":"0","_links":{"self":[{"href":"https:\/\/noticiasbahia360.com.br\/index.php?rest_route=\/wp\/v2\/posts\/148892","targetHints":{"allow":["GET"]}}],"collection":[{"href":"https:\/\/noticiasbahia360.com.br\/index.php?rest_route=\/wp\/v2\/posts"}],"about":[{"href":"https:\/\/noticiasbahia360.com.br\/index.php?rest_route=\/wp\/v2\/types\/post"}],"author":[{"embeddable":true,"href":"https:\/\/noticiasbahia360.com.br\/index.php?rest_route=\/wp\/v2\/users\/1"}],"replies":[{"embeddable":true,"href":"https:\/\/noticiasbahia360.com.br\/index.php?rest_route=%2Fwp%2Fv2%2Fcomments&post=148892"}],"version-history":[{"count":0,"href":"https:\/\/noticiasbahia360.com.br\/index.php?rest_route=\/wp\/v2\/posts\/148892\/revisions"}],"wp:featuredmedia":[{"embeddable":true,"href":"https:\/\/noticiasbahia360.com.br\/index.php?rest_route=\/wp\/v2\/media\/148893"}],"wp:attachment":[{"href":"https:\/\/noticiasbahia360.com.br\/index.php?rest_route=%2Fwp%2Fv2%2Fmedia&parent=148892"}],"wp:term":[{"taxonomy":"category","embeddable":true,"href":"https:\/\/noticiasbahia360.com.br\/index.php?rest_route=%2Fwp%2Fv2%2Fcategories&post=148892"},{"taxonomy":"post_tag","embeddable":true,"href":"https:\/\/noticiasbahia360.com.br\/index.php?rest_route=%2Fwp%2Fv2%2Ftags&post=148892"}],"curies":[{"name":"wp","href":"https:\/\/api.w.org\/{rel}","templated":true}]}}